{"id":31561,"date":"2024-04-19T14:41:35","date_gmt":"2024-04-19T12:41:35","guid":{"rendered":"https:\/\/agora.xtec.cat\/escolacanfabra\/?p=31561"},"modified":"2024-04-19T14:41:57","modified_gmt":"2024-04-19T12:41:57","slug":"cicle-inicial-4a-ronda-de-tallers","status":"publish","type":"post","link":"https:\/\/agora.xtec.cat\/escolacanfabra\/portada\/cicle-inicial-4a-ronda-de-tallers\/","title":{"rendered":"Cicle Inicial &#8211; 4a RONDA DE TALLERS"},"content":{"rendered":"<p>Aquesta setmana hem acabat la quarta ronda de tallers d&#8217;aquest curs.<\/p>\n<p>Igual que a les rondes anteriors, al taller d&#8217;<span class=\"hiddenSpellError\">Arts&amp;Craft<\/span>\u00a0hem conegut a l&#8217;artista catal\u00e0 Antoni T\u00e0pies i hem reprodu\u00eft alguna de les seves obres. Al taller de\u00a0<span class=\"hiddenSpellError\">huerto<\/span>\u00a0hem reflexionat entorn del reciclatge, hem experimentat amb material per comprovar quant triga a descompondre&#8217;s, hem plantat i hem fet el manteniment de l&#8217;hort. Al taller de cos i moviment hem fet diverses activitats per fomentar i millorar l&#8217;expressi\u00f3, comunicaci\u00f3 i descoberta a trav\u00e9s del nostre propi cos. Al taller d&#8217;experimentaci\u00f3 hem parlat d&#8217;electricitat i hem treballat amb l&#8217;electricitat est\u00e0tica, amb un circuit tancat i amb electricitat din\u00e0mica. I, al taller de construccions, hem deixat anar la imaginaci\u00f3 per tal de fer creacions originals amb els diversos materials, inventar petits reptes amb 10 peces del\u00a0<span class=\"hiddenSpellError\">Kappla<\/span>, tenint en compte la precisi\u00f3 i l&#8217;equilibri, i construir circuits de bales, on ha tingut un paper molt important la percepci\u00f3 espacial i l&#8217;impuls.<\/p>\n<p>Us deixem aqu\u00ed un <a href=\"https:\/\/agora.xtec.cat\/escolacanfabra\/album-fotos-2016a\/\" target=\"_blank\" rel=\"noopener\">recull de fotos<\/a> d&#8217;aquesta ronda de tallers.<\/p>\n","protected":false},"excerpt":{"rendered":"<p>Aquesta setmana hem acabat la quarta ronda de tallers d&#8217;aquest curs. Igual que a les rondes anteriors, al taller d&#8217;Arts&amp;Craft\u00a0hem conegut a l&#8217;artista catal\u00e0 Antoni T\u00e0pies i hem reprodu\u00eft alguna de les seves obres. Al taller de\u00a0huerto\u00a0hem reflexionat entorn del reciclatge, hem experimentat amb material per comprovar quant triga a descompondre&#8217;s, hem plantat i hem [&hellip;]<\/p>\n","protected":false},"author":3,"featured_media":31579,"comment_status":"open","ping_status":"closed","sticky":false,"template":"","format":"standard","meta":{"_bbp_topic_count":0,"_bbp_reply_count":0,"_bbp_total_topic_count":0,"_bbp_total_reply_count":0,"_bbp_voice_count":0,"_bbp_anonymous_reply_count":0,"_bbp_topic_count_hidden":0,"_bbp_reply_count_hidden":0,"_bbp_forum_subforum_count":0,"site-sidebar-layout":"default","site-content-layout":"","ast-site-content-layout":"","site-content-style":"default","site-sidebar-style":"default","ast-global-header-display":"","ast-banner-title-visibility":"","ast-main-header-display":"","ast-hfb-above-header-display":"","ast-hfb-below-header-display":"","ast-hfb-mobile-header-display":"","site-post-title":"","ast-breadcrumbs-content":"","ast-featured-img":"","footer-sml-layout":"","theme-transparent-header-meta":"","adv-header-id-meta":"","stick-header-meta":"","header-above-stick-meta":"","header-main-stick-meta":"","header-below-stick-meta":"","astra-migrate-meta-layouts":"default","ast-page-background-enabled":"default","ast-page-background-meta":{"desktop":{"background-color":"var(--ast-global-color-5)","background-image":"","background-repeat":"repeat","background-position":"center center","background-size":"auto","background-attachment":"scroll","background-type":"","background-media":"","overlay-type":"","overlay-color":"","overlay-opacity":"","overlay-gradient":""},"tablet":{"background-color":"","background-image":"","background-repeat":"repeat","background-position":"center center","background-size":"auto","background-attachment":"scroll","background-type":"","background-media":"","overlay-type":"","overlay-color":"","overlay-opacity":"","overlay-gradient":""},"mobile":{"background-color":"","background-image":"","background-repeat":"repeat","background-position":"center center","background-size":"auto","background-attachment":"scroll","background-type":"","background-media":"","overlay-type":"","overlay-color":"","overlay-opacity":"","overlay-gradient":""}},"ast-content-background-meta":{"desktop":{"background-color":"var(--ast-global-color-4)","background-image":"","background-repeat":"repeat","background-position":"center center","background-size":"auto","background-attachment":"scroll","background-type":"","background-media":"","overlay-type":"","overlay-color":"","overlay-opacity":"","overlay-gradient":""},"tablet":{"background-color":"var(--ast-global-color-4)","background-image":"","background-repeat":"repeat","background-position":"center center","background-size":"auto","background-attachment":"scroll","background-type":"","background-media":"","overlay-type":"","overlay-color":"","overlay-opacity":"","overlay-gradient":""},"mobile":{"background-color":"var(--ast-global-color-4)","background-image":"","background-repeat":"repeat","background-position":"center center","background-size":"auto","background-attachment":"scroll","background-type":"","background-media":"","overlay-type":"","overlay-color":"","overlay-opacity":"","overlay-gradient":""}},"footnotes":""},"categories":[262,266,4],"tags":[],"class_list":["post-31561","post","type-post","status-publish","format-standard","has-post-thumbnail","hentry","category-nascuts-2016","category-nascuts-2017","category-portada"],"post_mailing_queue_ids":[],"_links":{"self":[{"href":"https:\/\/agora.xtec.cat\/escolacanfabra\/wp-json\/wp\/v2\/posts\/31561","targetHints":{"allow":["GET"]}}],"collection":[{"href":"https:\/\/agora.xtec.cat\/escolacanfabra\/wp-json\/wp\/v2\/posts"}],"about":[{"href":"https:\/\/agora.xtec.cat\/escolacanfabra\/wp-json\/wp\/v2\/types\/post"}],"author":[{"embeddable":true,"href":"https:\/\/agora.xtec.cat\/escolacanfabra\/wp-json\/wp\/v2\/users\/3"}],"replies":[{"embeddable":true,"href":"https:\/\/agora.xtec.cat\/escolacanfabra\/wp-json\/wp\/v2\/comments?post=31561"}],"version-history":[{"count":2,"href":"https:\/\/agora.xtec.cat\/escolacanfabra\/wp-json\/wp\/v2\/posts\/31561\/revisions"}],"predecessor-version":[{"id":31574,"href":"https:\/\/agora.xtec.cat\/escolacanfabra\/wp-json\/wp\/v2\/posts\/31561\/revisions\/31574"}],"wp:featuredmedia":[{"embeddable":true,"href":"https:\/\/agora.xtec.cat\/escolacanfabra\/wp-json\/wp\/v2\/media\/31579"}],"wp:attachment":[{"href":"https:\/\/agora.xtec.cat\/escolacanfabra\/wp-json\/wp\/v2\/media?parent=31561"}],"wp:term":[{"taxonomy":"category","embeddable":true,"href":"https:\/\/agora.xtec.cat\/escolacanfabra\/wp-json\/wp\/v2\/categories?post=31561"},{"taxonomy":"post_tag","embeddable":true,"href":"https:\/\/agora.xtec.cat\/escolacanfabra\/wp-json\/wp\/v2\/tags?post=31561"}],"curies":[{"name":"wp","href":"https:\/\/api.w.org\/{rel}","templated":true}]}}