{"id":31458,"date":"2024-03-23T10:00:08","date_gmt":"2024-03-23T09:00:08","guid":{"rendered":"https:\/\/agora.xtec.cat\/escolacanfabra\/?p=31458"},"modified":"2024-03-22T17:56:01","modified_gmt":"2024-03-22T16:56:01","slug":"6e-vision-boards-presentacions-orals-en-angles","status":"publish","type":"post","link":"https:\/\/agora.xtec.cat\/escolacanfabra\/portada\/6e-vision-boards-presentacions-orals-en-angles\/","title":{"rendered":"6\u00e8 &#8220;Vision boards&#8221;, presentacions orals en angl\u00e8s"},"content":{"rendered":"<p>L&#8217;alumnat de 6\u00e8 ha estat elaborant &#8220;<span class=\"hiddenGreenError\" style=\"padding-bottom: 2px; background-image: url('..\/..\/..\/..\/..\/images\/squiggle_green.png'); background-repeat: repeat-x; background-position: left bottom; cursor: default; color: #000000; font-family: 'Open Sans', Helvetica, Arial, sans-serif; font-size: 16px; font-style: normal; font-variant-ligatures: normal; font-variant-caps: normal; font-weight: 300; letter-spacing: normal; orphans: 2; text-align: start; text-indent: 0px; text-transform: none; widows: 2; word-spacing: 0px; -webkit-text-stroke-width: 0px; white-space: normal; text-decoration-thickness: initial; text-decoration-style: initial; text-decoration-color: initial;\">vision<\/span>\u00a0<span class=\"hiddenSpellError\">boards<\/span>&#8221; a les \u00faltimes sessions d&#8217;Arts &amp;\u00a0<span class=\"hiddenSpellError\">Crafts<\/span>\u00a0d&#8217;aquest segon trimestre. Un &#8220;vision board&#8221; \u00e9s una mena de panell de visualitzaci\u00f3 d&#8217;objectius que es volen aconseguir en un futur, aquests panells acostumen a fer-se de manera creativa (amb fotografies, frases motivadores, objectius redactats, t\u00edtols bonics, etc.) i han d&#8217;estar exposats en algun lloc on l&#8217;autor\/a el pugui &#8220;visualitzar&#8221; cada dia per no oblidar-se\u00a0del que\u00a0es vol aconseguir.<\/p>\n<p>Aqu\u00ed podeu veure les presentacions orals de <a href=\"https:\/\/agora.xtec.cat\/escolacanfabra\/album-fotos-2012a\/\">6\u00e8A<\/a> i les de <a href=\"https:\/\/agora.xtec.cat\/escolacanfabra\/album-fotos-2012b\/\">6\u00e8B<\/a>.<\/p>\n","protected":false},"excerpt":{"rendered":"<p>L&#8217;alumnat de 6\u00e8 ha estat elaborant &#8220;vision\u00a0boards&#8221; a les \u00faltimes sessions d&#8217;Arts &amp;\u00a0Crafts\u00a0d&#8217;aquest segon trimestre. Un &#8220;vision board&#8221; \u00e9s una mena de panell de visualitzaci\u00f3 d&#8217;objectius que es volen aconseguir en un futur, aquests panells acostumen a fer-se de manera creativa (amb fotografies, frases motivadores, objectius redactats, t\u00edtols bonics, etc.) i han d&#8217;estar exposats en [&hellip;]<\/p>\n","protected":false},"author":3,"featured_media":31460,"comment_status":"open","ping_status":"closed","sticky":false,"template":"","format":"standard","meta":{"_bbp_topic_count":0,"_bbp_reply_count":0,"_bbp_total_topic_count":0,"_bbp_total_reply_count":0,"_bbp_voice_count":0,"_bbp_anonymous_reply_count":0,"_bbp_topic_count_hidden":0,"_bbp_reply_count_hidden":0,"_bbp_forum_subforum_count":0,"site-sidebar-layout":"default","site-content-layout":"","ast-site-content-layout":"","site-content-style":"default","site-sidebar-style":"default","ast-global-header-display":"","ast-banner-title-visibility":"","ast-main-header-display":"","ast-hfb-above-header-display":"","ast-hfb-below-header-display":"","ast-hfb-mobile-header-display":"","site-post-title":"","ast-breadcrumbs-content":"","ast-featured-img":"","footer-sml-layout":"","theme-transparent-header-meta":"","adv-header-id-meta":"","stick-header-meta":"","header-above-stick-meta":"","header-main-stick-meta":"","header-below-stick-meta":"","astra-migrate-meta-layouts":"default","ast-page-background-enabled":"default","ast-page-background-meta":{"desktop":{"background-color":"var(--ast-global-color-5)","background-image":"","background-repeat":"repeat","background-position":"center center","background-size":"auto","background-attachment":"scroll","background-type":"","background-media":"","overlay-type":"","overlay-color":"","overlay-opacity":"","overlay-gradient":""},"tablet":{"background-color":"","background-image":"","background-repeat":"repeat","background-position":"center center","background-size":"auto","background-attachment":"scroll","background-type":"","background-media":"","overlay-type":"","overlay-color":"","overlay-opacity":"","overlay-gradient":""},"mobile":{"background-color":"","background-image":"","background-repeat":"repeat","background-position":"center center","background-size":"auto","background-attachment":"scroll","background-type":"","background-media":"","overlay-type":"","overlay-color":"","overlay-opacity":"","overlay-gradient":""}},"ast-content-background-meta":{"desktop":{"background-color":"var(--ast-global-color-4)","background-image":"","background-repeat":"repeat","background-position":"center center","background-size":"auto","background-attachment":"scroll","background-type":"","background-media":"","overlay-type":"","overlay-color":"","overlay-opacity":"","overlay-gradient":""},"tablet":{"background-color":"var(--ast-global-color-4)","background-image":"","background-repeat":"repeat","background-position":"center center","background-size":"auto","background-attachment":"scroll","background-type":"","background-media":"","overlay-type":"","overlay-color":"","overlay-opacity":"","overlay-gradient":""},"mobile":{"background-color":"var(--ast-global-color-4)","background-image":"","background-repeat":"repeat","background-position":"center center","background-size":"auto","background-attachment":"scroll","background-type":"","background-media":"","overlay-type":"","overlay-color":"","overlay-opacity":"","overlay-gradient":""}},"footnotes":""},"categories":[69,133,4],"tags":[],"class_list":["post-31458","post","type-post","status-publish","format-standard","has-post-thumbnail","hentry","category-english","category-nascuts-2012","category-portada"],"post_mailing_queue_ids":[],"_links":{"self":[{"href":"https:\/\/agora.xtec.cat\/escolacanfabra\/wp-json\/wp\/v2\/posts\/31458","targetHints":{"allow":["GET"]}}],"collection":[{"href":"https:\/\/agora.xtec.cat\/escolacanfabra\/wp-json\/wp\/v2\/posts"}],"about":[{"href":"https:\/\/agora.xtec.cat\/escolacanfabra\/wp-json\/wp\/v2\/types\/post"}],"author":[{"embeddable":true,"href":"https:\/\/agora.xtec.cat\/escolacanfabra\/wp-json\/wp\/v2\/users\/3"}],"replies":[{"embeddable":true,"href":"https:\/\/agora.xtec.cat\/escolacanfabra\/wp-json\/wp\/v2\/comments?post=31458"}],"version-history":[{"count":1,"href":"https:\/\/agora.xtec.cat\/escolacanfabra\/wp-json\/wp\/v2\/posts\/31458\/revisions"}],"predecessor-version":[{"id":31461,"href":"https:\/\/agora.xtec.cat\/escolacanfabra\/wp-json\/wp\/v2\/posts\/31458\/revisions\/31461"}],"wp:featuredmedia":[{"embeddable":true,"href":"https:\/\/agora.xtec.cat\/escolacanfabra\/wp-json\/wp\/v2\/media\/31460"}],"wp:attachment":[{"href":"https:\/\/agora.xtec.cat\/escolacanfabra\/wp-json\/wp\/v2\/media?parent=31458"}],"wp:term":[{"taxonomy":"category","embeddable":true,"href":"https:\/\/agora.xtec.cat\/escolacanfabra\/wp-json\/wp\/v2\/categories?post=31458"},{"taxonomy":"post_tag","embeddable":true,"href":"https:\/\/agora.xtec.cat\/escolacanfabra\/wp-json\/wp\/v2\/tags?post=31458"}],"curies":[{"name":"wp","href":"https:\/\/api.w.org\/{rel}","templated":true}]}}