{"id":31296,"date":"2024-03-11T17:30:13","date_gmt":"2024-03-11T16:30:13","guid":{"rendered":"https:\/\/agora.xtec.cat\/escolacanfabra\/?p=31296"},"modified":"2024-03-15T17:37:31","modified_gmt":"2024-03-15T16:37:31","slug":"8-de-marc-dia-de-la-dona","status":"publish","type":"post","link":"https:\/\/agora.xtec.cat\/escolacanfabra\/general\/8-de-marc-dia-de-la-dona\/","title":{"rendered":"8 de mar\u00e7-Dia de la Dona"},"content":{"rendered":"<p>Benvolgudes fam\u00edlies de l&#8217;escola,<\/p>\n<p>Com a comunitat educativa contribu\u00efm a avan\u00e7ar en coeducaci\u00f3 i equitat de g\u00e8nere. \u00c9s per aix\u00f2 que enguany, pel 8 de mar\u00e7, dia de la Dona, hem preparat amb la col\u00b7laboraci\u00f3 de la comissi\u00f3 de Coeducaci\u00f3, Igualtat i Diversitat de l&#8217;AFA un seguit de propostes per dur a terme amb l&#8217;alumnat.<\/p>\n<p>Infantil van estar jugant amb unes certes joguines nom\u00e9s els nens i amb unes altres nom\u00e9s les nenes, despr\u00e9s van escoltar el conte Valenta com\u00a0<span class=\"hiddenGrammarError\">t\u00fa<\/span>\u00a0de la Dolors Aleu i van fer una rotllana per explicar cadasc\u00fa la seva viv\u00e8ncia.<\/p>\n<p>1r, 2n i 3r\u00a0<span class=\"hiddenGrammarError\">se&#8217;l hi<\/span>\u00a0va proposar fer un dibuix a una dona especial de la seva vida o que\u00a0admiressin. Se&#8217;ls va classificar\u00a0<span class=\"hiddenGrammarError\">per<\/span>\u00a0la seva al\u00e7ada, la canalla m\u00e9s alta amb menys privilegis (material menys atractiu per realitzar el dibuix) i la canalla m\u00e9s baixa amb m\u00e9s privilegis (material m\u00e9s atractiu).\u00a0Posteriorment,\u00a0van reflexionar sobre l&#8217;activitat i les condicions\u00a0<span class=\"hiddenGreenError\" style=\"padding-bottom: 2px; background-image: url('..\/..\/..\/..\/..\/images\/squiggle_green.png'); background-repeat: repeat-x; background-position: left bottom; cursor: default; color: #000000; font-family: 'Open Sans', Helvetica, Arial, sans-serif; font-size: 16px; font-style: normal; font-variant-ligatures: normal; font-variant-caps: normal; font-weight: 300; letter-spacing: normal; orphans: 2; text-align: start; text-indent: 0px; text-transform: none; widows: 2; word-spacing: 0px; -webkit-text-stroke-width: 0px; white-space: normal; text-decoration-thickness: initial; text-decoration-style: initial; text-decoration-color: initial;\">proposades<\/span>.<\/p>\n<p>4t, 5\u00e8 i 6\u00e8 es van analitzar les dades estad\u00edstiques que\u00a0<span class=\"hiddenGrammarError\" style=\"padding-bottom: 2px; background-image: url('..\/..\/..\/..\/..\/images\/squiggle.png'); background-repeat: repeat-x; background-position: left bottom; cursor: default; color: #000000; font-family: 'Open Sans', Helvetica, Arial, sans-serif; font-size: 16px; font-style: normal; font-variant-ligatures: normal; font-variant-caps: normal; font-weight: 300; letter-spacing: normal; orphans: 2; text-align: start; text-indent: 0px; text-transform: none; widows: 2; word-spacing: 0px; -webkit-text-stroke-width: 0px; white-space: normal; text-decoration-thickness: initial; text-decoration-style: initial; text-decoration-color: initial;\">us vam compartir<\/span>\u00a0pr\u00e8viament, oferint informaci\u00f3 sobre les desigualtats de g\u00e8nere i la discriminaci\u00f3 que encara \u00e9s vigent en molts \u00e0mbits de la vida amb el posterior debat a l&#8217;aula que s&#8217;ha generat despr\u00e9s d&#8217;<span class=\"hiddenGrammarError\">aquest an\u00e0lisi<\/span>.<\/p>\n<p>Aqu\u00ed us deixem un petit recull de <a href=\"https:\/\/agora.xtec.cat\/escolacanfabra\/serveis\/fotos-de-les-classes\/album-fotos-escola\/\">fotos<\/a> de les diferents activitats realitzades. Recordeu que la millora manera de saber com va anar l&#8217;activitat \u00e9s\u00a0 seure amb ells i elles i mirar les fotos.<\/p>\n<p>L&#8217;equip de l&#8217;escola<\/p>\n<p>&nbsp;<\/p>\n<p>&nbsp;<\/p>\n","protected":false},"excerpt":{"rendered":"<p>Benvolgudes fam\u00edlies de l&#8217;escola, Com a comunitat educativa contribu\u00efm a avan\u00e7ar en coeducaci\u00f3 i equitat de g\u00e8nere. \u00c9s per aix\u00f2 que enguany, pel 8 de mar\u00e7, dia de la Dona, hem preparat amb la col\u00b7laboraci\u00f3 de la comissi\u00f3 de Coeducaci\u00f3, Igualtat i Diversitat de l&#8217;AFA un seguit de propostes per dur a terme amb l&#8217;alumnat. [&hellip;]<\/p>\n","protected":false},"author":3,"featured_media":31298,"comment_status":"open","ping_status":"closed","sticky":false,"template":"","format":"standard","meta":{"_bbp_topic_count":0,"_bbp_reply_count":0,"_bbp_total_topic_count":0,"_bbp_total_reply_count":0,"_bbp_voice_count":0,"_bbp_anonymous_reply_count":0,"_bbp_topic_count_hidden":0,"_bbp_reply_count_hidden":0,"_bbp_forum_subforum_count":0,"site-sidebar-layout":"default","site-content-layout":"","ast-site-content-layout":"","site-content-style":"default","site-sidebar-style":"default","ast-global-header-display":"","ast-banner-title-visibility":"","ast-main-header-display":"","ast-hfb-above-header-display":"","ast-hfb-below-header-display":"","ast-hfb-mobile-header-display":"","site-post-title":"","ast-breadcrumbs-content":"","ast-featured-img":"","footer-sml-layout":"","theme-transparent-header-meta":"","adv-header-id-meta":"","stick-header-meta":"","header-above-stick-meta":"","header-main-stick-meta":"","header-below-stick-meta":"","astra-migrate-meta-layouts":"default","ast-page-background-enabled":"default","ast-page-background-meta":{"desktop":{"background-color":"var(--ast-global-color-5)","background-image":"","background-repeat":"repeat","background-position":"center center","background-size":"auto","background-attachment":"scroll","background-type":"","background-media":"","overlay-type":"","overlay-color":"","overlay-opacity":"","overlay-gradient":""},"tablet":{"background-color":"","background-image":"","background-repeat":"repeat","background-position":"center center","background-size":"auto","background-attachment":"scroll","background-type":"","background-media":"","overlay-type":"","overlay-color":"","overlay-opacity":"","overlay-gradient":""},"mobile":{"background-color":"","background-image":"","background-repeat":"repeat","background-position":"center center","background-size":"auto","background-attachment":"scroll","background-type":"","background-media":"","overlay-type":"","overlay-color":"","overlay-opacity":"","overlay-gradient":""}},"ast-content-background-meta":{"desktop":{"background-color":"var(--ast-global-color-4)","background-image":"","background-repeat":"repeat","background-position":"center center","background-size":"auto","background-attachment":"scroll","background-type":"","background-media":"","overlay-type":"","overlay-color":"","overlay-opacity":"","overlay-gradient":""},"tablet":{"background-color":"var(--ast-global-color-4)","background-image":"","background-repeat":"repeat","background-position":"center center","background-size":"auto","background-attachment":"scroll","background-type":"","background-media":"","overlay-type":"","overlay-color":"","overlay-opacity":"","overlay-gradient":""},"mobile":{"background-color":"var(--ast-global-color-4)","background-image":"","background-repeat":"repeat","background-position":"center center","background-size":"auto","background-attachment":"scroll","background-type":"","background-media":"","overlay-type":"","overlay-color":"","overlay-opacity":"","overlay-gradient":""}},"footnotes":""},"categories":[1,2,133,82,241,262,266,272,278,4,263],"tags":[],"class_list":["post-31296","post","type-post","status-publish","format-standard","has-post-thumbnail","hentry","category-general","category-infantil","category-nascuts-2012","category-nascuts-2013","category-nascuts-2015","category-nascuts-2016","category-nascuts-2017","category-nascuts-2019","category-nascuts2020","category-portada","category-primaria"],"post_mailing_queue_ids":[],"_links":{"self":[{"href":"https:\/\/agora.xtec.cat\/escolacanfabra\/wp-json\/wp\/v2\/posts\/31296","targetHints":{"allow":["GET"]}}],"collection":[{"href":"https:\/\/agora.xtec.cat\/escolacanfabra\/wp-json\/wp\/v2\/posts"}],"about":[{"href":"https:\/\/agora.xtec.cat\/escolacanfabra\/wp-json\/wp\/v2\/types\/post"}],"author":[{"embeddable":true,"href":"https:\/\/agora.xtec.cat\/escolacanfabra\/wp-json\/wp\/v2\/users\/3"}],"replies":[{"embeddable":true,"href":"https:\/\/agora.xtec.cat\/escolacanfabra\/wp-json\/wp\/v2\/comments?post=31296"}],"version-history":[{"count":2,"href":"https:\/\/agora.xtec.cat\/escolacanfabra\/wp-json\/wp\/v2\/posts\/31296\/revisions"}],"predecessor-version":[{"id":31300,"href":"https:\/\/agora.xtec.cat\/escolacanfabra\/wp-json\/wp\/v2\/posts\/31296\/revisions\/31300"}],"wp:featuredmedia":[{"embeddable":true,"href":"https:\/\/agora.xtec.cat\/escolacanfabra\/wp-json\/wp\/v2\/media\/31298"}],"wp:attachment":[{"href":"https:\/\/agora.xtec.cat\/escolacanfabra\/wp-json\/wp\/v2\/media?parent=31296"}],"wp:term":[{"taxonomy":"category","embeddable":true,"href":"https:\/\/agora.xtec.cat\/escolacanfabra\/wp-json\/wp\/v2\/categories?post=31296"},{"taxonomy":"post_tag","embeddable":true,"href":"https:\/\/agora.xtec.cat\/escolacanfabra\/wp-json\/wp\/v2\/tags?post=31296"}],"curies":[{"name":"wp","href":"https:\/\/api.w.org\/{rel}","templated":true}]}}