{"id":31224,"date":"2024-03-05T10:03:21","date_gmt":"2024-03-05T09:03:21","guid":{"rendered":"https:\/\/agora.xtec.cat\/escolacanfabra\/?p=31224"},"modified":"2024-03-05T10:13:08","modified_gmt":"2024-03-05T09:13:08","slug":"cicle-mitja-taller-dhort-i-sostenibilitat","status":"publish","type":"post","link":"https:\/\/agora.xtec.cat\/escolacanfabra\/general\/cicle-mitja-taller-dhort-i-sostenibilitat\/","title":{"rendered":"Cicle Mitj\u00e0-Taller d&#8217;Hort i Sostenibilitat"},"content":{"rendered":"<p>Hola, fam\u00edlies hem acabat una altra ronda de tallers a Cicle Mitj\u00e0. En aquesta ronda, els nens i nenes que han assistit al taller d&#8217;hort i Sostenibilitat, han tornat a gaudir de la visita de dos educadors de\u00a0<span class=\"hiddenGrammarError\">la AMB<\/span>\u00a0per a fer-nos l&#8217;activitat &#8220;El cicle dels residus, menys \u00e9s m\u00e9s&#8221;. Aquesta activitat pret\u00e9n sensibilitzar i conscienciar a l&#8217;alumnat sobre la import\u00e0ncia del reciclatge, la reutilitzaci\u00f3 i la reducci\u00f3 de residus, per\u00a0<span class=\"hiddenGrammarError\">al nostra<\/span>\u00a0planeta. En una altra de les sessions, vam sortir als contenidors del costat de l&#8217;escola, agafant totes les nostres papereres i contenidors de paper i pl\u00e0stic i nosaltres mateixos els vam anar a llan\u00e7ar amb l&#8217;ajuda del V\u00edctor, el nostre conserge. Per acabar, vam elaborar uns cartells informatius, per a cada una de les aules, a tall de recordatori, perqu\u00e8 encistellin els residus correctament.<\/p>\n<p>A banda de tot aix\u00f2, tamb\u00e9 hem germinat unes llavors de raves, que les hem cuidat durant tota la ronda i en finalitzar cadasc\u00fa se l&#8217;ha endut a casa seva. Les tasques de manteniment del nostre hort i zones verdes del pati, sempre s\u00f3n presents a cada una de les rondes del taller.<\/p>\n<p>Aqu\u00ed us deixem un petit recull de<a href=\"https:\/\/agora.xtec.cat\/escolacanfabra\/album-fotos-2015a\/\"> fotos <\/a>d&#8217;aquesta ronda, esperem que us agradin.<\/p>\n","protected":false},"excerpt":{"rendered":"<p>Hola, fam\u00edlies hem acabat una altra ronda de tallers a Cicle Mitj\u00e0. En aquesta ronda, els nens i nenes que han assistit al taller d&#8217;hort i Sostenibilitat, han tornat a gaudir de la visita de dos educadors de\u00a0la AMB\u00a0per a fer-nos l&#8217;activitat &#8220;El cicle dels residus, menys \u00e9s m\u00e9s&#8221;. Aquesta activitat pret\u00e9n sensibilitzar i conscienciar [&hellip;]<\/p>\n","protected":false},"author":3,"featured_media":31230,"comment_status":"open","ping_status":"closed","sticky":false,"template":"","format":"standard","meta":{"_bbp_topic_count":0,"_bbp_reply_count":0,"_bbp_total_topic_count":0,"_bbp_total_reply_count":0,"_bbp_voice_count":0,"_bbp_anonymous_reply_count":0,"_bbp_topic_count_hidden":0,"_bbp_reply_count_hidden":0,"_bbp_forum_subforum_count":0,"site-sidebar-layout":"default","site-content-layout":"","ast-site-content-layout":"","site-content-style":"default","site-sidebar-style":"default","ast-global-header-display":"","ast-banner-title-visibility":"","ast-main-header-display":"","ast-hfb-above-header-display":"","ast-hfb-below-header-display":"","ast-hfb-mobile-header-display":"","site-post-title":"","ast-breadcrumbs-content":"","ast-featured-img":"","footer-sml-layout":"","theme-transparent-header-meta":"","adv-header-id-meta":"","stick-header-meta":"","header-above-stick-meta":"","header-main-stick-meta":"","header-below-stick-meta":"","astra-migrate-meta-layouts":"default","ast-page-background-enabled":"default","ast-page-background-meta":{"desktop":{"background-color":"var(--ast-global-color-5)","background-image":"","background-repeat":"repeat","background-position":"center center","background-size":"auto","background-attachment":"scroll","background-type":"","background-media":"","overlay-type":"","overlay-color":"","overlay-opacity":"","overlay-gradient":""},"tablet":{"background-color":"","background-image":"","background-repeat":"repeat","background-position":"center center","background-size":"auto","background-attachment":"scroll","background-type":"","background-media":"","overlay-type":"","overlay-color":"","overlay-opacity":"","overlay-gradient":""},"mobile":{"background-color":"","background-image":"","background-repeat":"repeat","background-position":"center center","background-size":"auto","background-attachment":"scroll","background-type":"","background-media":"","overlay-type":"","overlay-color":"","overlay-opacity":"","overlay-gradient":""}},"ast-content-background-meta":{"desktop":{"background-color":"var(--ast-global-color-4)","background-image":"","background-repeat":"repeat","background-position":"center center","background-size":"auto","background-attachment":"scroll","background-type":"","background-media":"","overlay-type":"","overlay-color":"","overlay-opacity":"","overlay-gradient":""},"tablet":{"background-color":"var(--ast-global-color-4)","background-image":"","background-repeat":"repeat","background-position":"center center","background-size":"auto","background-attachment":"scroll","background-type":"","background-media":"","overlay-type":"","overlay-color":"","overlay-opacity":"","overlay-gradient":""},"mobile":{"background-color":"var(--ast-global-color-4)","background-image":"","background-repeat":"repeat","background-position":"center center","background-size":"auto","background-attachment":"scroll","background-type":"","background-media":"","overlay-type":"","overlay-color":"","overlay-opacity":"","overlay-gradient":""}},"footnotes":""},"categories":[1,241,4,263],"tags":[],"class_list":["post-31224","post","type-post","status-publish","format-standard","has-post-thumbnail","hentry","category-general","category-nascuts-2015","category-portada","category-primaria"],"post_mailing_queue_ids":[],"_links":{"self":[{"href":"https:\/\/agora.xtec.cat\/escolacanfabra\/wp-json\/wp\/v2\/posts\/31224","targetHints":{"allow":["GET"]}}],"collection":[{"href":"https:\/\/agora.xtec.cat\/escolacanfabra\/wp-json\/wp\/v2\/posts"}],"about":[{"href":"https:\/\/agora.xtec.cat\/escolacanfabra\/wp-json\/wp\/v2\/types\/post"}],"author":[{"embeddable":true,"href":"https:\/\/agora.xtec.cat\/escolacanfabra\/wp-json\/wp\/v2\/users\/3"}],"replies":[{"embeddable":true,"href":"https:\/\/agora.xtec.cat\/escolacanfabra\/wp-json\/wp\/v2\/comments?post=31224"}],"version-history":[{"count":3,"href":"https:\/\/agora.xtec.cat\/escolacanfabra\/wp-json\/wp\/v2\/posts\/31224\/revisions"}],"predecessor-version":[{"id":31234,"href":"https:\/\/agora.xtec.cat\/escolacanfabra\/wp-json\/wp\/v2\/posts\/31224\/revisions\/31234"}],"wp:featuredmedia":[{"embeddable":true,"href":"https:\/\/agora.xtec.cat\/escolacanfabra\/wp-json\/wp\/v2\/media\/31230"}],"wp:attachment":[{"href":"https:\/\/agora.xtec.cat\/escolacanfabra\/wp-json\/wp\/v2\/media?parent=31224"}],"wp:term":[{"taxonomy":"category","embeddable":true,"href":"https:\/\/agora.xtec.cat\/escolacanfabra\/wp-json\/wp\/v2\/categories?post=31224"},{"taxonomy":"post_tag","embeddable":true,"href":"https:\/\/agora.xtec.cat\/escolacanfabra\/wp-json\/wp\/v2\/tags?post=31224"}],"curies":[{"name":"wp","href":"https:\/\/api.w.org\/{rel}","templated":true}]}}