{"id":31088,"date":"2024-02-09T14:10:59","date_gmt":"2024-02-09T13:10:59","guid":{"rendered":"https:\/\/agora.xtec.cat\/escolacanfabra\/?p=31088"},"modified":"2024-02-09T14:11:46","modified_gmt":"2024-02-09T13:11:46","slug":"dijous-gras-i-divendres-la-rua-can-fabra","status":"publish","type":"post","link":"https:\/\/agora.xtec.cat\/escolacanfabra\/general\/dijous-gras-i-divendres-la-rua-can-fabra\/","title":{"rendered":"Dijous Gras i divendres LA RUA CAN FABRA"},"content":{"rendered":"<p>Com cada Dijous Gras, els nens i les nenes de I5 amb els seus padrins i padrines de 5\u00e8 hem visitat el Mercat de Sant Andreu i altres comer\u00e7os de proximitat del nostre barri, gaudint de les decoracions i la xerinola de les parades. Hem comprat els aliments m\u00e9s representatius d&#8217;aquesta data assenyalada: botifarra d&#8217;ou, pa torrat i coca de llardons.<\/p>\n<p>Despr\u00e9s tots plegats hem gaudit d&#8217;un bon \u00e0pat, amb bona m\u00fasica i molta alegria!<\/p>\n<p><a href=\"https:\/\/drive.google.com\/drive\/folders\/1MEzFf9TWBX1mxOSqVQc8rtC1_3hjB7m3?usp=drive_link\">Aqu\u00ed<\/a> podeu fer un cop d&#8217;ull a les imatges de la visita al mercat.<\/p>\n<p>I <a href=\"https:\/\/drive.google.com\/drive\/folders\/1CmEn1BNIgb9zbqosWqbxMpyYetiLv3Nx?usp=drive_link\">aqu\u00ed<\/a> podreu fer una ullada a les imatges del tastet de Dijous Gras.<\/p>\n<p>&nbsp;<\/p>\n<p>&#8230; i per fi ha arribat el Gran Dia!!<\/p>\n<p>Carnestoltes, carnestoltes, est\u00e0s content?<\/p>\n<p>Avui venim tots disfressats de cap a peus!<\/p>\n<p>Visca la Gresca i la Xerinola!<\/p>\n<p>Nens i nenes de Can Fabra, que comenci LA RUA!!<\/p>\n<p><a href=\"https:\/\/drive.google.com\/drive\/folders\/1BIakBjuHB0l-XEMSsRF1sRzY2WTYdXM1?usp=drive_link\">Aqu\u00ed<\/a> les fotos.<\/p>\n","protected":false},"excerpt":{"rendered":"<p>Com cada Dijous Gras, els nens i les nenes de I5 amb els seus padrins i padrines de 5\u00e8 hem visitat el Mercat de Sant Andreu i altres comer\u00e7os de proximitat del nostre barri, gaudint de les decoracions i la xerinola de les parades. Hem comprat els aliments m\u00e9s representatius d&#8217;aquesta data assenyalada: botifarra d&#8217;ou, [&hellip;]<\/p>\n","protected":false},"author":3,"featured_media":31091,"comment_status":"open","ping_status":"closed","sticky":false,"template":"","format":"standard","meta":{"_bbp_topic_count":0,"_bbp_reply_count":0,"_bbp_total_topic_count":0,"_bbp_total_reply_count":0,"_bbp_voice_count":0,"_bbp_anonymous_reply_count":0,"_bbp_topic_count_hidden":0,"_bbp_reply_count_hidden":0,"_bbp_forum_subforum_count":0,"site-sidebar-layout":"default","site-content-layout":"","ast-site-content-layout":"","site-content-style":"default","site-sidebar-style":"default","ast-global-header-display":"","ast-banner-title-visibility":"","ast-main-header-display":"","ast-hfb-above-header-display":"","ast-hfb-below-header-display":"","ast-hfb-mobile-header-display":"","site-post-title":"","ast-breadcrumbs-content":"","ast-featured-img":"","footer-sml-layout":"","theme-transparent-header-meta":"","adv-header-id-meta":"","stick-header-meta":"","header-above-stick-meta":"","header-main-stick-meta":"","header-below-stick-meta":"","astra-migrate-meta-layouts":"default","ast-page-background-enabled":"default","ast-page-background-meta":{"desktop":{"background-color":"var(--ast-global-color-5)","background-image":"","background-repeat":"repeat","background-position":"center center","background-size":"auto","background-attachment":"scroll","background-type":"","background-media":"","overlay-type":"","overlay-color":"","overlay-opacity":"","overlay-gradient":""},"tablet":{"background-color":"","background-image":"","background-repeat":"repeat","background-position":"center center","background-size":"auto","background-attachment":"scroll","background-type":"","background-media":"","overlay-type":"","overlay-color":"","overlay-opacity":"","overlay-gradient":""},"mobile":{"background-color":"","background-image":"","background-repeat":"repeat","background-position":"center center","background-size":"auto","background-attachment":"scroll","background-type":"","background-media":"","overlay-type":"","overlay-color":"","overlay-opacity":"","overlay-gradient":""}},"ast-content-background-meta":{"desktop":{"background-color":"var(--ast-global-color-4)","background-image":"","background-repeat":"repeat","background-position":"center center","background-size":"auto","background-attachment":"scroll","background-type":"","background-media":"","overlay-type":"","overlay-color":"","overlay-opacity":"","overlay-gradient":""},"tablet":{"background-color":"var(--ast-global-color-4)","background-image":"","background-repeat":"repeat","background-position":"center center","background-size":"auto","background-attachment":"scroll","background-type":"","background-media":"","overlay-type":"","overlay-color":"","overlay-opacity":"","overlay-gradient":""},"mobile":{"background-color":"var(--ast-global-color-4)","background-image":"","background-repeat":"repeat","background-position":"center center","background-size":"auto","background-attachment":"scroll","background-type":"","background-media":"","overlay-type":"","overlay-color":"","overlay-opacity":"","overlay-gradient":""}},"footnotes":""},"categories":[1,4],"tags":[],"class_list":["post-31088","post","type-post","status-publish","format-standard","has-post-thumbnail","hentry","category-general","category-portada"],"post_mailing_queue_ids":[],"_links":{"self":[{"href":"https:\/\/agora.xtec.cat\/escolacanfabra\/wp-json\/wp\/v2\/posts\/31088","targetHints":{"allow":["GET"]}}],"collection":[{"href":"https:\/\/agora.xtec.cat\/escolacanfabra\/wp-json\/wp\/v2\/posts"}],"about":[{"href":"https:\/\/agora.xtec.cat\/escolacanfabra\/wp-json\/wp\/v2\/types\/post"}],"author":[{"embeddable":true,"href":"https:\/\/agora.xtec.cat\/escolacanfabra\/wp-json\/wp\/v2\/users\/3"}],"replies":[{"embeddable":true,"href":"https:\/\/agora.xtec.cat\/escolacanfabra\/wp-json\/wp\/v2\/comments?post=31088"}],"version-history":[{"count":2,"href":"https:\/\/agora.xtec.cat\/escolacanfabra\/wp-json\/wp\/v2\/posts\/31088\/revisions"}],"predecessor-version":[{"id":31093,"href":"https:\/\/agora.xtec.cat\/escolacanfabra\/wp-json\/wp\/v2\/posts\/31088\/revisions\/31093"}],"wp:featuredmedia":[{"embeddable":true,"href":"https:\/\/agora.xtec.cat\/escolacanfabra\/wp-json\/wp\/v2\/media\/31091"}],"wp:attachment":[{"href":"https:\/\/agora.xtec.cat\/escolacanfabra\/wp-json\/wp\/v2\/media?parent=31088"}],"wp:term":[{"taxonomy":"category","embeddable":true,"href":"https:\/\/agora.xtec.cat\/escolacanfabra\/wp-json\/wp\/v2\/categories?post=31088"},{"taxonomy":"post_tag","embeddable":true,"href":"https:\/\/agora.xtec.cat\/escolacanfabra\/wp-json\/wp\/v2\/tags?post=31088"}],"curies":[{"name":"wp","href":"https:\/\/api.w.org\/{rel}","templated":true}]}}