{"id":31084,"date":"2024-02-07T17:34:38","date_gmt":"2024-02-07T16:34:38","guid":{"rendered":"https:\/\/agora.xtec.cat\/escolacanfabra\/?p=31084"},"modified":"2024-02-07T17:34:38","modified_gmt":"2024-02-07T16:34:38","slug":"6e-projecte-que-respirem-i-ubicacio-dels-sensors-de-no2","status":"publish","type":"post","link":"https:\/\/agora.xtec.cat\/escolacanfabra\/general\/6e-projecte-que-respirem-i-ubicacio-dels-sensors-de-no2\/","title":{"rendered":"6\u00e8: Projecte &#8220;Qu\u00e8 respirem?&#8221; i ubicaci\u00f3 dels sensors de NO2"},"content":{"rendered":"<p>L&#8217;alumnat de 6\u00e8 va iniciar un nou projecte a principis d&#8217;aquest segon trimestre anomenat &#8220;Qu\u00e8 respirem?&#8221;. En relaci\u00f3 a aquest projecte els infants d&#8217;aquest nivell participen en una de les activitats del projecte europeu GreenScent (Smart Citizen Education for a green future) anomenada CleanAir@School, activitat que s\u2019enfoca en millorar la qualitat de l\u2019aire en els entorns escolars.<\/p>\n<p>\u00c9s per aix\u00f2 que ens van fer l&#8217;enc\u00e0rrec de col.locar uns tubs de recollida de NO2 (di\u00f2xid de nitrogen) pels voltants de l&#8217;escola. I, fou aix\u00ed, com el passat dilluns 5 de febrer ens vam organitzar amb la inestimable ajuda de les fam\u00edlies de 6\u00e8 per ubicar els tubs esmentats per 20 ubicacions del barri de Sant Andreu.<\/p>\n<p>Aqu\u00ed podeu veure les fotografies d&#8217;aquesta diada tan especial:\u00a0 \u00a0 <a href=\"https:\/\/agora.xtec.cat\/escolacanfabra\/album-fotos-2012a\/\">6\u00e8A\u00a0<\/a> \u00a0 i\u00a0 \u00a0 \u00a0 <a href=\"https:\/\/agora.xtec.cat\/escolacanfabra\/album-fotos-2012b\/\">6\u00e8B<\/a><\/p>\n","protected":false},"excerpt":{"rendered":"<p>L&#8217;alumnat de 6\u00e8 va iniciar un nou projecte a principis d&#8217;aquest segon trimestre anomenat &#8220;Qu\u00e8 respirem?&#8221;. En relaci\u00f3 a aquest projecte els infants d&#8217;aquest nivell participen en una de les activitats del projecte europeu GreenScent (Smart Citizen Education for a green future) anomenada CleanAir@School, activitat que s\u2019enfoca en millorar la qualitat de l\u2019aire en els [&hellip;]<\/p>\n","protected":false},"author":3,"featured_media":31086,"comment_status":"open","ping_status":"closed","sticky":false,"template":"","format":"standard","meta":{"_bbp_topic_count":0,"_bbp_reply_count":0,"_bbp_total_topic_count":0,"_bbp_total_reply_count":0,"_bbp_voice_count":0,"_bbp_anonymous_reply_count":0,"_bbp_topic_count_hidden":0,"_bbp_reply_count_hidden":0,"_bbp_forum_subforum_count":0,"site-sidebar-layout":"default","site-content-layout":"","ast-site-content-layout":"","site-content-style":"default","site-sidebar-style":"default","ast-global-header-display":"","ast-banner-title-visibility":"","ast-main-header-display":"","ast-hfb-above-header-display":"","ast-hfb-below-header-display":"","ast-hfb-mobile-header-display":"","site-post-title":"","ast-breadcrumbs-content":"","ast-featured-img":"","footer-sml-layout":"","theme-transparent-header-meta":"","adv-header-id-meta":"","stick-header-meta":"","header-above-stick-meta":"","header-main-stick-meta":"","header-below-stick-meta":"","astra-migrate-meta-layouts":"default","ast-page-background-enabled":"default","ast-page-background-meta":{"desktop":{"background-color":"var(--ast-global-color-5)","background-image":"","background-repeat":"repeat","background-position":"center center","background-size":"auto","background-attachment":"scroll","background-type":"","background-media":"","overlay-type":"","overlay-color":"","overlay-opacity":"","overlay-gradient":""},"tablet":{"background-color":"","background-image":"","background-repeat":"repeat","background-position":"center center","background-size":"auto","background-attachment":"scroll","background-type":"","background-media":"","overlay-type":"","overlay-color":"","overlay-opacity":"","overlay-gradient":""},"mobile":{"background-color":"","background-image":"","background-repeat":"repeat","background-position":"center center","background-size":"auto","background-attachment":"scroll","background-type":"","background-media":"","overlay-type":"","overlay-color":"","overlay-opacity":"","overlay-gradient":""}},"ast-content-background-meta":{"desktop":{"background-color":"var(--ast-global-color-4)","background-image":"","background-repeat":"repeat","background-position":"center center","background-size":"auto","background-attachment":"scroll","background-type":"","background-media":"","overlay-type":"","overlay-color":"","overlay-opacity":"","overlay-gradient":""},"tablet":{"background-color":"var(--ast-global-color-4)","background-image":"","background-repeat":"repeat","background-position":"center center","background-size":"auto","background-attachment":"scroll","background-type":"","background-media":"","overlay-type":"","overlay-color":"","overlay-opacity":"","overlay-gradient":""},"mobile":{"background-color":"var(--ast-global-color-4)","background-image":"","background-repeat":"repeat","background-position":"center center","background-size":"auto","background-attachment":"scroll","background-type":"","background-media":"","overlay-type":"","overlay-color":"","overlay-opacity":"","overlay-gradient":""}},"footnotes":""},"categories":[1,133,4,263],"tags":[],"class_list":["post-31084","post","type-post","status-publish","format-standard","has-post-thumbnail","hentry","category-general","category-nascuts-2012","category-portada","category-primaria"],"post_mailing_queue_ids":[],"_links":{"self":[{"href":"https:\/\/agora.xtec.cat\/escolacanfabra\/wp-json\/wp\/v2\/posts\/31084","targetHints":{"allow":["GET"]}}],"collection":[{"href":"https:\/\/agora.xtec.cat\/escolacanfabra\/wp-json\/wp\/v2\/posts"}],"about":[{"href":"https:\/\/agora.xtec.cat\/escolacanfabra\/wp-json\/wp\/v2\/types\/post"}],"author":[{"embeddable":true,"href":"https:\/\/agora.xtec.cat\/escolacanfabra\/wp-json\/wp\/v2\/users\/3"}],"replies":[{"embeddable":true,"href":"https:\/\/agora.xtec.cat\/escolacanfabra\/wp-json\/wp\/v2\/comments?post=31084"}],"version-history":[{"count":1,"href":"https:\/\/agora.xtec.cat\/escolacanfabra\/wp-json\/wp\/v2\/posts\/31084\/revisions"}],"predecessor-version":[{"id":31087,"href":"https:\/\/agora.xtec.cat\/escolacanfabra\/wp-json\/wp\/v2\/posts\/31084\/revisions\/31087"}],"wp:featuredmedia":[{"embeddable":true,"href":"https:\/\/agora.xtec.cat\/escolacanfabra\/wp-json\/wp\/v2\/media\/31086"}],"wp:attachment":[{"href":"https:\/\/agora.xtec.cat\/escolacanfabra\/wp-json\/wp\/v2\/media?parent=31084"}],"wp:term":[{"taxonomy":"category","embeddable":true,"href":"https:\/\/agora.xtec.cat\/escolacanfabra\/wp-json\/wp\/v2\/categories?post=31084"},{"taxonomy":"post_tag","embeddable":true,"href":"https:\/\/agora.xtec.cat\/escolacanfabra\/wp-json\/wp\/v2\/tags?post=31084"}],"curies":[{"name":"wp","href":"https:\/\/api.w.org\/{rel}","templated":true}]}}