{"id":30886,"date":"2024-01-29T14:40:14","date_gmt":"2024-01-29T13:40:14","guid":{"rendered":"https:\/\/agora.xtec.cat\/escolacanfabra\/?p=30886"},"modified":"2024-01-29T14:40:22","modified_gmt":"2024-01-29T13:40:22","slug":"patis-oberts-i-jocs-de-pati","status":"publish","type":"post","link":"https:\/\/agora.xtec.cat\/escolacanfabra\/general\/patis-oberts-i-jocs-de-pati\/","title":{"rendered":"PATIS OBERTS I JOCS DE PATI"},"content":{"rendered":"<p>Hola,\u00a0fam\u00edlies!<\/p>\n<p>Amb aquesta entrada us volem explicar com ens organitzem a les estones de pati i les diferents propostes que oferim als infants.<\/p>\n<p>Tant al pati d&#8217;Educaci\u00f3 Infantil, com al de Prim\u00e0ria hi ha moltes <em><strong>propostes de joc<\/strong> <\/em>amb materials: patinets, bicicletes, gomes, discs voladors, guixos, pales, ping-pong, sorral i els seus estris, jocs de taula, cuineta&#8230;<\/p>\n<p>Cada divendres, al gimn\u00e0s es du a terme el <em><strong>Just\u00a0<span class=\"hiddenSpellError\">Dance<\/span><\/strong><\/em>, on cantem i ballem a ritme de m\u00fasica! Tamb\u00e9,ben aviat,\u00a0s&#8217;iniciaran els espectacles a l&#8217;escenari del gimn\u00e0s, on els nens i nenes s&#8217;apunten a una graella per tal de fer una actuaci\u00f3 a dalt de l&#8217;escenari.<\/p>\n<p>Una de les novetats que s&#8217;ha dinamitzat fa poc \u00e9s el\u00a0<em><strong><span class=\"hiddenSpellError\">Roudnet<\/span><\/strong><\/em>, una proposta amb molt d&#8217;\u00e8xit introdu\u00efda des de l&#8217;\u00e0rea d&#8217;Educaci\u00f3 F\u00edsica a les aules dels infants m\u00e9s grans de Prim\u00e0ria.<\/p>\n<p>Una altra novetat, despr\u00e9s del per\u00edode d&#8217;adaptaci\u00f3 dels m\u00e9s petits i petites d&#8217;I3 \u00e9s els <em><strong>Patis Oberts<\/strong><\/em>! A partir d&#8217;ara, cada divendres hi ha lliure circulaci\u00f3 d&#8217;infants a l&#8217;hora del pati. Un moment molt desitjat per tots i totes!\u00a0Moments de joc compartit entre grans i petits.<\/p>\n<p>Com podeu veure, l&#8217;escola ofereix una gran oferta l\u00fadica les estones de pati on el moviment \u00e9s un dels protagonistes.<\/p>\n<p>AQU\u00cd PODEU VEURE UN RECULL DE <a href=\"https:\/\/agora.xtec.cat\/escolacanfabra\/album-fotos-2020a\/\">FOTOS DE PROPOSTES DE JOC I ELS PATIS OBERTS<\/a><\/p>\n","protected":false},"excerpt":{"rendered":"<p>Hola,\u00a0fam\u00edlies! Amb aquesta entrada us volem explicar com ens organitzem a les estones de pati i les diferents propostes que oferim als infants. Tant al pati d&#8217;Educaci\u00f3 Infantil, com al de Prim\u00e0ria hi ha moltes propostes de joc amb materials: patinets, bicicletes, gomes, discs voladors, guixos, pales, ping-pong, sorral i els seus estris, jocs de [&hellip;]<\/p>\n","protected":false},"author":3,"featured_media":30954,"comment_status":"open","ping_status":"closed","sticky":false,"template":"","format":"standard","meta":{"_bbp_topic_count":0,"_bbp_reply_count":0,"_bbp_total_topic_count":0,"_bbp_total_reply_count":0,"_bbp_voice_count":0,"_bbp_anonymous_reply_count":0,"_bbp_topic_count_hidden":0,"_bbp_reply_count_hidden":0,"_bbp_forum_subforum_count":0,"site-sidebar-layout":"default","site-content-layout":"","ast-site-content-layout":"","site-content-style":"default","site-sidebar-style":"default","ast-global-header-display":"","ast-banner-title-visibility":"","ast-main-header-display":"","ast-hfb-above-header-display":"","ast-hfb-below-header-display":"","ast-hfb-mobile-header-display":"","site-post-title":"","ast-breadcrumbs-content":"","ast-featured-img":"","footer-sml-layout":"","theme-transparent-header-meta":"","adv-header-id-meta":"","stick-header-meta":"","header-above-stick-meta":"","header-main-stick-meta":"","header-below-stick-meta":"","astra-migrate-meta-layouts":"default","ast-page-background-enabled":"default","ast-page-background-meta":{"desktop":{"background-color":"var(--ast-global-color-5)","background-image":"","background-repeat":"repeat","background-position":"center center","background-size":"auto","background-attachment":"scroll","background-type":"","background-media":"","overlay-type":"","overlay-color":"","overlay-opacity":"","overlay-gradient":""},"tablet":{"background-color":"","background-image":"","background-repeat":"repeat","background-position":"center center","background-size":"auto","background-attachment":"scroll","background-type":"","background-media":"","overlay-type":"","overlay-color":"","overlay-opacity":"","overlay-gradient":""},"mobile":{"background-color":"","background-image":"","background-repeat":"repeat","background-position":"center center","background-size":"auto","background-attachment":"scroll","background-type":"","background-media":"","overlay-type":"","overlay-color":"","overlay-opacity":"","overlay-gradient":""}},"ast-content-background-meta":{"desktop":{"background-color":"var(--ast-global-color-4)","background-image":"","background-repeat":"repeat","background-position":"center center","background-size":"auto","background-attachment":"scroll","background-type":"","background-media":"","overlay-type":"","overlay-color":"","overlay-opacity":"","overlay-gradient":""},"tablet":{"background-color":"var(--ast-global-color-4)","background-image":"","background-repeat":"repeat","background-position":"center center","background-size":"auto","background-attachment":"scroll","background-type":"","background-media":"","overlay-type":"","overlay-color":"","overlay-opacity":"","overlay-gradient":""},"mobile":{"background-color":"var(--ast-global-color-4)","background-image":"","background-repeat":"repeat","background-position":"center center","background-size":"auto","background-attachment":"scroll","background-type":"","background-media":"","overlay-type":"","overlay-color":"","overlay-opacity":"","overlay-gradient":""}},"footnotes":""},"categories":[1,2,64,65,62,61,133,82,241,262,266,272,278,71,4,263],"tags":[],"class_list":["post-30886","post","type-post","status-publish","format-standard","has-post-thumbnail","hentry","category-general","category-infantil","category-noticies-menjador","category-nascuts-2006","category-nascuts-2010","category-nascuts-2011","category-nascuts-2012","category-nascuts-2013","category-nascuts-2015","category-nascuts-2016","category-nascuts-2017","category-nascuts-2019","category-nascuts2020","category-noticies","category-portada","category-primaria"],"post_mailing_queue_ids":[],"_links":{"self":[{"href":"https:\/\/agora.xtec.cat\/escolacanfabra\/wp-json\/wp\/v2\/posts\/30886","targetHints":{"allow":["GET"]}}],"collection":[{"href":"https:\/\/agora.xtec.cat\/escolacanfabra\/wp-json\/wp\/v2\/posts"}],"about":[{"href":"https:\/\/agora.xtec.cat\/escolacanfabra\/wp-json\/wp\/v2\/types\/post"}],"author":[{"embeddable":true,"href":"https:\/\/agora.xtec.cat\/escolacanfabra\/wp-json\/wp\/v2\/users\/3"}],"replies":[{"embeddable":true,"href":"https:\/\/agora.xtec.cat\/escolacanfabra\/wp-json\/wp\/v2\/comments?post=30886"}],"version-history":[{"count":3,"href":"https:\/\/agora.xtec.cat\/escolacanfabra\/wp-json\/wp\/v2\/posts\/30886\/revisions"}],"predecessor-version":[{"id":30907,"href":"https:\/\/agora.xtec.cat\/escolacanfabra\/wp-json\/wp\/v2\/posts\/30886\/revisions\/30907"}],"wp:featuredmedia":[{"embeddable":true,"href":"https:\/\/agora.xtec.cat\/escolacanfabra\/wp-json\/wp\/v2\/media\/30954"}],"wp:attachment":[{"href":"https:\/\/agora.xtec.cat\/escolacanfabra\/wp-json\/wp\/v2\/media?parent=30886"}],"wp:term":[{"taxonomy":"category","embeddable":true,"href":"https:\/\/agora.xtec.cat\/escolacanfabra\/wp-json\/wp\/v2\/categories?post=30886"},{"taxonomy":"post_tag","embeddable":true,"href":"https:\/\/agora.xtec.cat\/escolacanfabra\/wp-json\/wp\/v2\/tags?post=30886"}],"curies":[{"name":"wp","href":"https:\/\/api.w.org\/{rel}","templated":true}]}}