{"id":30798,"date":"2024-01-19T16:54:00","date_gmt":"2024-01-19T15:54:00","guid":{"rendered":"https:\/\/agora.xtec.cat\/escolacanfabra\/?p=30798"},"modified":"2026-02-03T12:43:59","modified_gmt":"2026-02-03T11:43:59","slug":"portes-obertes-febrer-2026","status":"publish","type":"post","link":"https:\/\/agora.xtec.cat\/escolacanfabra\/general\/portes-obertes-febrer-2026\/","title":{"rendered":"Portes Obertes Febrer 2025"},"content":{"rendered":"<p>Voleu con\u00e8ixer Can Fabra? Voleu saber m\u00e9s del nostre projecte?<\/p>\n<p>A continuaci\u00f3 teniu un petit tastet del funcionament de la nostra escola.<\/p>\n<div style=\"width: 100%;\">\n<div style=\"position: relative; padding-bottom: 56.25%; padding-top: 0; height: 0;\"><iframe loading=\"lazy\" style=\"position: absolute; top: 0; left: 0; width: 100%; height: 100%;\" title=\"Curs 24\/25 - Escola Can Fabra\" src=\"https:\/\/view.genially.com\/65aa5d516268ff00145be83b\" width=\"600\" height=\"337\" frameborder=\"0\" scrolling=\"yes\" allowfullscreen=\"allowfullscreen\"><span data-mce-type=\"bookmark\" style=\"display: inline-block; width: 0px; overflow: hidden; line-height: 0;\" class=\"mce_SELRES_start\">\ufeff<\/span><span data-mce-type=\"bookmark\" style=\"display: inline-block; width: 0px; overflow: hidden; line-height: 0;\" class=\"mce_SELRES_start\">\ufeff<\/span><span data-mce-type=\"bookmark\" style=\"display: inline-block; width: 0px; overflow: hidden; line-height: 0;\" class=\"mce_SELRES_start\">\ufeff<\/span><\/iframe><\/div>\n<\/div>\n<p>&nbsp;<\/p>\n<p>A m\u00e9s, si voleu assistir a les nostres portes obertes, per tal de poder-nos organitzar, inscriviu-vos-hi a trav\u00e9s d&#8217;aquest formulari:<a href=\"https:\/\/forms.gle\/HvzZkrgWPvjC7Jnc6\" target=\"_blank\" rel=\"noopener\"><img loading=\"lazy\" decoding=\"async\" class=\"aligncenter wp-image-34593\" src=\"https:\/\/agora.xtec.cat\/escolacanfabra\/wp-content\/uploads\/usu1954\/2024\/01\/FORMULARI-DINSCRIPCIO-LOGO-1024x256.png\" alt=\"\" width=\"636\" height=\"159\" \/><\/a><\/p>\n<p>&nbsp;<\/p>\n","protected":false},"excerpt":{"rendered":"<p>Voleu con\u00e8ixer Can Fabra? Voleu saber m\u00e9s del nostre projecte? A continuaci\u00f3 teniu un petit tastet del funcionament de la nostra escola. \ufeff\ufeff\ufeff &nbsp; A m\u00e9s, si voleu assistir a les nostres portes obertes, per tal de poder-nos organitzar, inscriviu-vos-hi a trav\u00e9s d&#8217;aquest formulari: &nbsp;<\/p>\n","protected":false},"author":1,"featured_media":0,"comment_status":"closed","ping_status":"closed","sticky":false,"template":"","format":"standard","meta":{"_bbp_topic_count":0,"_bbp_reply_count":0,"_bbp_total_topic_count":0,"_bbp_total_reply_count":0,"_bbp_voice_count":0,"_bbp_anonymous_reply_count":0,"_bbp_topic_count_hidden":0,"_bbp_reply_count_hidden":0,"_bbp_forum_subforum_count":0,"site-sidebar-layout":"default","site-content-layout":"","ast-site-content-layout":"","site-content-style":"default","site-sidebar-style":"default","ast-global-header-display":"","ast-banner-title-visibility":"","ast-main-header-display":"","ast-hfb-above-header-display":"","ast-hfb-below-header-display":"","ast-hfb-mobile-header-display":"","site-post-title":"","ast-breadcrumbs-content":"","ast-featured-img":"","footer-sml-layout":"","theme-transparent-header-meta":"","adv-header-id-meta":"","stick-header-meta":"","header-above-stick-meta":"","header-main-stick-meta":"","header-below-stick-meta":"","astra-migrate-meta-layouts":"default","ast-page-background-enabled":"default","ast-page-background-meta":{"desktop":{"background-color":"var(--ast-global-color-5)","background-image":"","background-repeat":"repeat","background-position":"center center","background-size":"auto","background-attachment":"scroll","background-type":"","background-media":"","overlay-type":"","overlay-color":"","overlay-opacity":"","overlay-gradient":""},"tablet":{"background-color":"","background-image":"","background-repeat":"repeat","background-position":"center center","background-size":"auto","background-attachment":"scroll","background-type":"","background-media":"","overlay-type":"","overlay-color":"","overlay-opacity":"","overlay-gradient":""},"mobile":{"background-color":"","background-image":"","background-repeat":"repeat","background-position":"center center","background-size":"auto","background-attachment":"scroll","background-type":"","background-media":"","overlay-type":"","overlay-color":"","overlay-opacity":"","overlay-gradient":""}},"ast-content-background-meta":{"desktop":{"background-color":"var(--ast-global-color-4)","background-image":"","background-repeat":"repeat","background-position":"center center","background-size":"auto","background-attachment":"scroll","background-type":"","background-media":"","overlay-type":"","overlay-color":"","overlay-opacity":"","overlay-gradient":""},"tablet":{"background-color":"var(--ast-global-color-4)","background-image":"","background-repeat":"repeat","background-position":"center center","background-size":"auto","background-attachment":"scroll","background-type":"","background-media":"","overlay-type":"","overlay-color":"","overlay-opacity":"","overlay-gradient":""},"mobile":{"background-color":"var(--ast-global-color-4)","background-image":"","background-repeat":"repeat","background-position":"center center","background-size":"auto","background-attachment":"scroll","background-type":"","background-media":"","overlay-type":"","overlay-color":"","overlay-opacity":"","overlay-gradient":""}},"footnotes":""},"categories":[1],"tags":[],"class_list":["post-30798","post","type-post","status-publish","format-standard","hentry","category-general"],"post_mailing_queue_ids":[],"_links":{"self":[{"href":"https:\/\/agora.xtec.cat\/escolacanfabra\/wp-json\/wp\/v2\/posts\/30798","targetHints":{"allow":["GET"]}}],"collection":[{"href":"https:\/\/agora.xtec.cat\/escolacanfabra\/wp-json\/wp\/v2\/posts"}],"about":[{"href":"https:\/\/agora.xtec.cat\/escolacanfabra\/wp-json\/wp\/v2\/types\/post"}],"author":[{"embeddable":true,"href":"https:\/\/agora.xtec.cat\/escolacanfabra\/wp-json\/wp\/v2\/users\/1"}],"replies":[{"embeddable":true,"href":"https:\/\/agora.xtec.cat\/escolacanfabra\/wp-json\/wp\/v2\/comments?post=30798"}],"version-history":[{"count":6,"href":"https:\/\/agora.xtec.cat\/escolacanfabra\/wp-json\/wp\/v2\/posts\/30798\/revisions"}],"predecessor-version":[{"id":34650,"href":"https:\/\/agora.xtec.cat\/escolacanfabra\/wp-json\/wp\/v2\/posts\/30798\/revisions\/34650"}],"wp:attachment":[{"href":"https:\/\/agora.xtec.cat\/escolacanfabra\/wp-json\/wp\/v2\/media?parent=30798"}],"wp:term":[{"taxonomy":"category","embeddable":true,"href":"https:\/\/agora.xtec.cat\/escolacanfabra\/wp-json\/wp\/v2\/categories?post=30798"},{"taxonomy":"post_tag","embeddable":true,"href":"https:\/\/agora.xtec.cat\/escolacanfabra\/wp-json\/wp\/v2\/tags?post=30798"}],"curies":[{"name":"wp","href":"https:\/\/api.w.org\/{rel}","templated":true}]}}