{"id":30562,"date":"2023-12-18T21:11:01","date_gmt":"2023-12-18T20:11:01","guid":{"rendered":"https:\/\/agora.xtec.cat\/escolacanfabra\/?p=30562"},"modified":"2024-02-12T19:55:37","modified_gmt":"2024-02-12T18:55:37","slug":"2na-racons-de-treball-2a-proposta","status":"publish","type":"post","link":"https:\/\/agora.xtec.cat\/escolacanfabra\/portada\/2na-racons-de-treball-2a-proposta\/","title":{"rendered":"2nA \u2013 RACONS DE TREBALL: 2a proposta"},"content":{"rendered":"<p>Aquesta setmana hem acabat la segona proposta de racons i hem gaudit amb els seg\u00fcents racons:<\/p>\n<ul>\n<li>Rac\u00f3 de jocs de taula amb \u201cMastermind\u201d, un joc de 2 jugadors, on l\u2019objectiu \u00e9s esbrinar un codi format per colors.<\/li>\n<li>Rac\u00f3 de l\u2019ordinador on, amb activitats en l\u00ednia, hem treballat aspectes relacionats amb la lectura i la comprensi\u00f3 lectora.<\/li>\n<li>Rac\u00f3 de penso i avan\u00e7o on, amb el joc de taula \u201cM\u00e0tico\u201d, de l\u2019editorial Mercurio, hem de resoldre operacions matem\u00e0tiques unint els n\u00fameros amb el s\u00edmbol del mateix color.<\/li>\n<li><span style=\"font-family: inherit; font-size: 1em;\">Rac\u00f3 sorpresa on hem treballat programaci\u00f3 amb l\u2019App que vam comen\u00e7ar a treballar el curs passat: Lightbot.<\/span><\/li>\n<li>Rac\u00f3 d\u2019art i creaci\u00f3 on hem fet creacions amb pintura, inspirades en l\u2019obra de l\u2019artista contempor\u00e0nia Sharece Studio.<br \/>\nCom sempre, les estones de racons acostumen a ser molt esperades i \u00e9s un moment on a l\u2019aula es crea un ambient especial de treball. <a href=\"https:\/\/agora.xtec.cat\/escolacanfabra\/album-fotos-2016a\/\">Mireu<\/a>!<\/li>\n<\/ul>\n","protected":false},"excerpt":{"rendered":"<p>Aquesta setmana hem acabat la segona proposta de racons i hem gaudit amb els seg\u00fcents racons: Rac\u00f3 de jocs de taula amb \u201cMastermind\u201d, un joc de 2 jugadors, on l\u2019objectiu \u00e9s esbrinar un codi format per colors. Rac\u00f3 de l\u2019ordinador on, amb activitats en l\u00ednia, hem treballat aspectes relacionats amb la lectura i la comprensi\u00f3 [&hellip;]<\/p>\n","protected":false},"author":3,"featured_media":0,"comment_status":"open","ping_status":"closed","sticky":false,"template":"","format":"standard","meta":{"_bbp_topic_count":0,"_bbp_reply_count":0,"_bbp_total_topic_count":0,"_bbp_total_reply_count":0,"_bbp_voice_count":0,"_bbp_anonymous_reply_count":0,"_bbp_topic_count_hidden":0,"_bbp_reply_count_hidden":0,"_bbp_forum_subforum_count":0,"site-sidebar-layout":"default","site-content-layout":"","ast-site-content-layout":"","site-content-style":"default","site-sidebar-style":"default","ast-global-header-display":"","ast-banner-title-visibility":"","ast-main-header-display":"","ast-hfb-above-header-display":"","ast-hfb-below-header-display":"","ast-hfb-mobile-header-display":"","site-post-title":"","ast-breadcrumbs-content":"","ast-featured-img":"","footer-sml-layout":"","theme-transparent-header-meta":"","adv-header-id-meta":"","stick-header-meta":"","header-above-stick-meta":"","header-main-stick-meta":"","header-below-stick-meta":"","astra-migrate-meta-layouts":"default","ast-page-background-enabled":"default","ast-page-background-meta":{"desktop":{"background-color":"var(--ast-global-color-5)","background-image":"","background-repeat":"repeat","background-position":"center center","background-size":"auto","background-attachment":"scroll","background-type":"","background-media":"","overlay-type":"","overlay-color":"","overlay-opacity":"","overlay-gradient":""},"tablet":{"background-color":"","background-image":"","background-repeat":"repeat","background-position":"center center","background-size":"auto","background-attachment":"scroll","background-type":"","background-media":"","overlay-type":"","overlay-color":"","overlay-opacity":"","overlay-gradient":""},"mobile":{"background-color":"","background-image":"","background-repeat":"repeat","background-position":"center center","background-size":"auto","background-attachment":"scroll","background-type":"","background-media":"","overlay-type":"","overlay-color":"","overlay-opacity":"","overlay-gradient":""}},"ast-content-background-meta":{"desktop":{"background-color":"var(--ast-global-color-4)","background-image":"","background-repeat":"repeat","background-position":"center center","background-size":"auto","background-attachment":"scroll","background-type":"","background-media":"","overlay-type":"","overlay-color":"","overlay-opacity":"","overlay-gradient":""},"tablet":{"background-color":"var(--ast-global-color-4)","background-image":"","background-repeat":"repeat","background-position":"center center","background-size":"auto","background-attachment":"scroll","background-type":"","background-media":"","overlay-type":"","overlay-color":"","overlay-opacity":"","overlay-gradient":""},"mobile":{"background-color":"var(--ast-global-color-4)","background-image":"","background-repeat":"repeat","background-position":"center center","background-size":"auto","background-attachment":"scroll","background-type":"","background-media":"","overlay-type":"","overlay-color":"","overlay-opacity":"","overlay-gradient":""}},"footnotes":""},"categories":[262,4],"tags":[],"class_list":["post-30562","post","type-post","status-publish","format-standard","hentry","category-nascuts-2016","category-portada"],"post_mailing_queue_ids":[],"_links":{"self":[{"href":"https:\/\/agora.xtec.cat\/escolacanfabra\/wp-json\/wp\/v2\/posts\/30562","targetHints":{"allow":["GET"]}}],"collection":[{"href":"https:\/\/agora.xtec.cat\/escolacanfabra\/wp-json\/wp\/v2\/posts"}],"about":[{"href":"https:\/\/agora.xtec.cat\/escolacanfabra\/wp-json\/wp\/v2\/types\/post"}],"author":[{"embeddable":true,"href":"https:\/\/agora.xtec.cat\/escolacanfabra\/wp-json\/wp\/v2\/users\/3"}],"replies":[{"embeddable":true,"href":"https:\/\/agora.xtec.cat\/escolacanfabra\/wp-json\/wp\/v2\/comments?post=30562"}],"version-history":[{"count":1,"href":"https:\/\/agora.xtec.cat\/escolacanfabra\/wp-json\/wp\/v2\/posts\/30562\/revisions"}],"predecessor-version":[{"id":30563,"href":"https:\/\/agora.xtec.cat\/escolacanfabra\/wp-json\/wp\/v2\/posts\/30562\/revisions\/30563"}],"wp:attachment":[{"href":"https:\/\/agora.xtec.cat\/escolacanfabra\/wp-json\/wp\/v2\/media?parent=30562"}],"wp:term":[{"taxonomy":"category","embeddable":true,"href":"https:\/\/agora.xtec.cat\/escolacanfabra\/wp-json\/wp\/v2\/categories?post=30562"},{"taxonomy":"post_tag","embeddable":true,"href":"https:\/\/agora.xtec.cat\/escolacanfabra\/wp-json\/wp\/v2\/tags?post=30562"}],"curies":[{"name":"wp","href":"https:\/\/api.w.org\/{rel}","templated":true}]}}