{"id":30328,"date":"2023-11-28T11:37:53","date_gmt":"2023-11-28T10:37:53","guid":{"rendered":"https:\/\/agora.xtec.cat\/escolacanfabra\/?p=30328"},"modified":"2023-12-06T21:58:50","modified_gmt":"2023-12-06T20:58:50","slug":"2nb-racons-de-treball-1a-proposta","status":"publish","type":"post","link":"https:\/\/agora.xtec.cat\/escolacanfabra\/portada\/2nb-racons-de-treball-1a-proposta\/","title":{"rendered":"2nB &#8211; RACONS DE TREBALL: 1a proposta"},"content":{"rendered":"<p>Igual que l&#8217;any passat, en el moment de racons de treball, a l&#8217;aula hi ha cinc activitats diferents pensades per refor\u00e7ar diferents aspectes, ja sigui de matem\u00e0tiques, llengua, programaci\u00f3, l\u00f2gica o creaci\u00f3 art\u00edstica. Cadasc\u00fa segueix l&#8217;ordre que vol, per\u00f2, passades cinc sessions hem d&#8217;haver passat per totes.<\/p>\n<p>Aquesta primera proposta ha estat:<\/p>\n<ul>\n<li><strong>Rac\u00f3 de jocs de taula<\/strong> amb <i>&#8220;Mastermind&#8221;, <\/i>un joc de 2 jugadors, on l&#8217;objectiu \u00e9s esbrinar un codi format per colors.<\/li>\n<li><strong>Rac\u00f3 de l&#8217;ordinador<\/strong> on, amb activitats en l\u00ednia, hem treballat aspectes relacionats amb la lectura i la comprensi\u00f3 lectora.<\/li>\n<li><strong>Rac\u00f3 de penso i avan\u00e7o<\/strong> on, amb el joc de taula <em>&#8220;M\u00e0tico&#8221;<\/em>, de l&#8217;editorial Mercurio, hem de resoldre operacions matem\u00e0tiques unint els n\u00fameros amb el s\u00edmbol <i>del <\/i>mateix color.<\/li>\n<li><strong>Rac\u00f3 sorpresa<\/strong> on hem treballat programaci\u00f3 amb l&#8217;App que vam comen\u00e7ar a treballar el curs passat: Lightbot.<\/li>\n<li><strong>Rac\u00f3 d&#8217;Art i creaci\u00f3<\/strong> on hem fet creacions amb pintura, inspirades en l&#8217;obra de l&#8217;artista contempor\u00e0nia Sharece Studio.<\/li>\n<\/ul>\n<p>Com sempre, les estones de racons acostumen a ser molt esperades i \u00e9s un moment on a l&#8217;aula es crea un ambient especial de treball.\u00a0<a href=\"https:\/\/agora.xtec.cat\/escolacanfabra\/album-fotos-2016b\/\" target=\"_blank\" rel=\"noopener\">Mireu aqu\u00ed el recull de fotos.<\/a><\/p>\n<p>&nbsp;<\/p>\n","protected":false},"excerpt":{"rendered":"<p>Igual que l&#8217;any passat, en el moment de racons de treball, a l&#8217;aula hi ha cinc activitats diferents pensades per refor\u00e7ar diferents aspectes, ja sigui de matem\u00e0tiques, llengua, programaci\u00f3, l\u00f2gica o creaci\u00f3 art\u00edstica. Cadasc\u00fa segueix l&#8217;ordre que vol, per\u00f2, passades cinc sessions hem d&#8217;haver passat per totes. Aquesta primera proposta ha estat: Rac\u00f3 de jocs [&hellip;]<\/p>\n","protected":false},"author":3,"featured_media":30329,"comment_status":"open","ping_status":"closed","sticky":false,"template":"","format":"standard","meta":{"_bbp_topic_count":0,"_bbp_reply_count":0,"_bbp_total_topic_count":0,"_bbp_total_reply_count":0,"_bbp_voice_count":0,"_bbp_anonymous_reply_count":0,"_bbp_topic_count_hidden":0,"_bbp_reply_count_hidden":0,"_bbp_forum_subforum_count":0,"site-sidebar-layout":"default","site-content-layout":"","ast-site-content-layout":"","site-content-style":"default","site-sidebar-style":"default","ast-global-header-display":"","ast-banner-title-visibility":"","ast-main-header-display":"","ast-hfb-above-header-display":"","ast-hfb-below-header-display":"","ast-hfb-mobile-header-display":"","site-post-title":"","ast-breadcrumbs-content":"","ast-featured-img":"","footer-sml-layout":"","theme-transparent-header-meta":"","adv-header-id-meta":"","stick-header-meta":"","header-above-stick-meta":"","header-main-stick-meta":"","header-below-stick-meta":"","astra-migrate-meta-layouts":"default","ast-page-background-enabled":"default","ast-page-background-meta":{"desktop":{"background-color":"var(--ast-global-color-5)","background-image":"","background-repeat":"repeat","background-position":"center center","background-size":"auto","background-attachment":"scroll","background-type":"","background-media":"","overlay-type":"","overlay-color":"","overlay-opacity":"","overlay-gradient":""},"tablet":{"background-color":"","background-image":"","background-repeat":"repeat","background-position":"center center","background-size":"auto","background-attachment":"scroll","background-type":"","background-media":"","overlay-type":"","overlay-color":"","overlay-opacity":"","overlay-gradient":""},"mobile":{"background-color":"","background-image":"","background-repeat":"repeat","background-position":"center center","background-size":"auto","background-attachment":"scroll","background-type":"","background-media":"","overlay-type":"","overlay-color":"","overlay-opacity":"","overlay-gradient":""}},"ast-content-background-meta":{"desktop":{"background-color":"var(--ast-global-color-4)","background-image":"","background-repeat":"repeat","background-position":"center center","background-size":"auto","background-attachment":"scroll","background-type":"","background-media":"","overlay-type":"","overlay-color":"","overlay-opacity":"","overlay-gradient":""},"tablet":{"background-color":"var(--ast-global-color-4)","background-image":"","background-repeat":"repeat","background-position":"center center","background-size":"auto","background-attachment":"scroll","background-type":"","background-media":"","overlay-type":"","overlay-color":"","overlay-opacity":"","overlay-gradient":""},"mobile":{"background-color":"var(--ast-global-color-4)","background-image":"","background-repeat":"repeat","background-position":"center center","background-size":"auto","background-attachment":"scroll","background-type":"","background-media":"","overlay-type":"","overlay-color":"","overlay-opacity":"","overlay-gradient":""}},"footnotes":""},"categories":[262,4],"tags":[],"class_list":["post-30328","post","type-post","status-publish","format-standard","has-post-thumbnail","hentry","category-nascuts-2016","category-portada"],"post_mailing_queue_ids":[],"_links":{"self":[{"href":"https:\/\/agora.xtec.cat\/escolacanfabra\/wp-json\/wp\/v2\/posts\/30328","targetHints":{"allow":["GET"]}}],"collection":[{"href":"https:\/\/agora.xtec.cat\/escolacanfabra\/wp-json\/wp\/v2\/posts"}],"about":[{"href":"https:\/\/agora.xtec.cat\/escolacanfabra\/wp-json\/wp\/v2\/types\/post"}],"author":[{"embeddable":true,"href":"https:\/\/agora.xtec.cat\/escolacanfabra\/wp-json\/wp\/v2\/users\/3"}],"replies":[{"embeddable":true,"href":"https:\/\/agora.xtec.cat\/escolacanfabra\/wp-json\/wp\/v2\/comments?post=30328"}],"version-history":[{"count":2,"href":"https:\/\/agora.xtec.cat\/escolacanfabra\/wp-json\/wp\/v2\/posts\/30328\/revisions"}],"predecessor-version":[{"id":30465,"href":"https:\/\/agora.xtec.cat\/escolacanfabra\/wp-json\/wp\/v2\/posts\/30328\/revisions\/30465"}],"wp:featuredmedia":[{"embeddable":true,"href":"https:\/\/agora.xtec.cat\/escolacanfabra\/wp-json\/wp\/v2\/media\/30329"}],"wp:attachment":[{"href":"https:\/\/agora.xtec.cat\/escolacanfabra\/wp-json\/wp\/v2\/media?parent=30328"}],"wp:term":[{"taxonomy":"category","embeddable":true,"href":"https:\/\/agora.xtec.cat\/escolacanfabra\/wp-json\/wp\/v2\/categories?post=30328"},{"taxonomy":"post_tag","embeddable":true,"href":"https:\/\/agora.xtec.cat\/escolacanfabra\/wp-json\/wp\/v2\/tags?post=30328"}],"curies":[{"name":"wp","href":"https:\/\/api.w.org\/{rel}","templated":true}]}}