{"id":30096,"date":"2023-11-02T11:07:54","date_gmt":"2023-11-02T10:07:54","guid":{"rendered":"https:\/\/agora.xtec.cat\/escolacanfabra\/?p=30096"},"modified":"2023-11-02T11:08:38","modified_gmt":"2023-11-02T10:08:38","slug":"i4-iniciem-els-espais-matematics","status":"publish","type":"post","link":"https:\/\/agora.xtec.cat\/escolacanfabra\/general\/i4-iniciem-els-espais-matematics\/","title":{"rendered":"I4: INICIEM ELS ESPAIS MATEM\u00c0TICS"},"content":{"rendered":"<p>BON DIA FAM\u00cdLIES,<\/p>\n<p>COMPARTIM AMB VOSALTRES QUE ELS NENS I NENES D&#8217;I4 JA HAN ENCETAT LA PRIMERA RONDA D&#8217;ESPAIS MATEM\u00c0TICS!!<\/p>\n<p>AQU\u00cd US DEIXEM UN TASTET D&#8217;AQUESTES PRIMERES SESSIONS DELS ESPAIS DE <em>L\u00d2GICA<\/em>, <em>ESTAD\u00cdSTICA<\/em> I <em>GEOMETRIA<\/em>!! ESPEREM QUE US AGRADIN!!<\/p>\n<ul style=\"list-style-type: circle;\">\n<li><a href=\"https:\/\/agora.xtec.cat\/escolacanfabra\/album-fotos-2019a\/\">PEIXOS ARC DE SANT MART\u00cd<\/a><\/li>\n<li><a href=\"https:\/\/agora.xtec.cat\/escolacanfabra\/album-fotos-2019b\/\">PEIXOS PALLASSO<\/a><\/li>\n<\/ul>\n<p>&nbsp;<\/p>\n<p>&nbsp;<\/p>\n<p>&nbsp;<\/p>\n","protected":false},"excerpt":{"rendered":"<p>BON DIA FAM\u00cdLIES, COMPARTIM AMB VOSALTRES QUE ELS NENS I NENES D&#8217;I4 JA HAN ENCETAT LA PRIMERA RONDA D&#8217;ESPAIS MATEM\u00c0TICS!! AQU\u00cd US DEIXEM UN TASTET D&#8217;AQUESTES PRIMERES SESSIONS DELS ESPAIS DE L\u00d2GICA, ESTAD\u00cdSTICA I GEOMETRIA!! ESPEREM QUE US AGRADIN!! PEIXOS ARC DE SANT MART\u00cd PEIXOS PALLASSO &nbsp; &nbsp; &nbsp;<\/p>\n","protected":false},"author":3,"featured_media":25407,"comment_status":"open","ping_status":"closed","sticky":false,"template":"","format":"standard","meta":{"_bbp_topic_count":0,"_bbp_reply_count":0,"_bbp_total_topic_count":0,"_bbp_total_reply_count":0,"_bbp_voice_count":0,"_bbp_anonymous_reply_count":0,"_bbp_topic_count_hidden":0,"_bbp_reply_count_hidden":0,"_bbp_forum_subforum_count":0,"site-sidebar-layout":"default","site-content-layout":"","ast-site-content-layout":"","site-content-style":"default","site-sidebar-style":"default","ast-global-header-display":"","ast-banner-title-visibility":"","ast-main-header-display":"","ast-hfb-above-header-display":"","ast-hfb-below-header-display":"","ast-hfb-mobile-header-display":"","site-post-title":"","ast-breadcrumbs-content":"","ast-featured-img":"","footer-sml-layout":"","theme-transparent-header-meta":"","adv-header-id-meta":"","stick-header-meta":"","header-above-stick-meta":"","header-main-stick-meta":"","header-below-stick-meta":"","astra-migrate-meta-layouts":"default","ast-page-background-enabled":"default","ast-page-background-meta":{"desktop":{"background-color":"var(--ast-global-color-5)","background-image":"","background-repeat":"repeat","background-position":"center center","background-size":"auto","background-attachment":"scroll","background-type":"","background-media":"","overlay-type":"","overlay-color":"","overlay-opacity":"","overlay-gradient":""},"tablet":{"background-color":"","background-image":"","background-repeat":"repeat","background-position":"center center","background-size":"auto","background-attachment":"scroll","background-type":"","background-media":"","overlay-type":"","overlay-color":"","overlay-opacity":"","overlay-gradient":""},"mobile":{"background-color":"","background-image":"","background-repeat":"repeat","background-position":"center center","background-size":"auto","background-attachment":"scroll","background-type":"","background-media":"","overlay-type":"","overlay-color":"","overlay-opacity":"","overlay-gradient":""}},"ast-content-background-meta":{"desktop":{"background-color":"var(--ast-global-color-4)","background-image":"","background-repeat":"repeat","background-position":"center center","background-size":"auto","background-attachment":"scroll","background-type":"","background-media":"","overlay-type":"","overlay-color":"","overlay-opacity":"","overlay-gradient":""},"tablet":{"background-color":"var(--ast-global-color-4)","background-image":"","background-repeat":"repeat","background-position":"center center","background-size":"auto","background-attachment":"scroll","background-type":"","background-media":"","overlay-type":"","overlay-color":"","overlay-opacity":"","overlay-gradient":""},"mobile":{"background-color":"var(--ast-global-color-4)","background-image":"","background-repeat":"repeat","background-position":"center center","background-size":"auto","background-attachment":"scroll","background-type":"","background-media":"","overlay-type":"","overlay-color":"","overlay-opacity":"","overlay-gradient":""}},"footnotes":""},"categories":[1,2,272,71,4],"tags":[],"class_list":["post-30096","post","type-post","status-publish","format-standard","has-post-thumbnail","hentry","category-general","category-infantil","category-nascuts-2019","category-noticies","category-portada"],"post_mailing_queue_ids":[],"_links":{"self":[{"href":"https:\/\/agora.xtec.cat\/escolacanfabra\/wp-json\/wp\/v2\/posts\/30096","targetHints":{"allow":["GET"]}}],"collection":[{"href":"https:\/\/agora.xtec.cat\/escolacanfabra\/wp-json\/wp\/v2\/posts"}],"about":[{"href":"https:\/\/agora.xtec.cat\/escolacanfabra\/wp-json\/wp\/v2\/types\/post"}],"author":[{"embeddable":true,"href":"https:\/\/agora.xtec.cat\/escolacanfabra\/wp-json\/wp\/v2\/users\/3"}],"replies":[{"embeddable":true,"href":"https:\/\/agora.xtec.cat\/escolacanfabra\/wp-json\/wp\/v2\/comments?post=30096"}],"version-history":[{"count":1,"href":"https:\/\/agora.xtec.cat\/escolacanfabra\/wp-json\/wp\/v2\/posts\/30096\/revisions"}],"predecessor-version":[{"id":30099,"href":"https:\/\/agora.xtec.cat\/escolacanfabra\/wp-json\/wp\/v2\/posts\/30096\/revisions\/30099"}],"wp:featuredmedia":[{"embeddable":true,"href":"https:\/\/agora.xtec.cat\/escolacanfabra\/wp-json\/wp\/v2\/media\/25407"}],"wp:attachment":[{"href":"https:\/\/agora.xtec.cat\/escolacanfabra\/wp-json\/wp\/v2\/media?parent=30096"}],"wp:term":[{"taxonomy":"category","embeddable":true,"href":"https:\/\/agora.xtec.cat\/escolacanfabra\/wp-json\/wp\/v2\/categories?post=30096"},{"taxonomy":"post_tag","embeddable":true,"href":"https:\/\/agora.xtec.cat\/escolacanfabra\/wp-json\/wp\/v2\/tags?post=30096"}],"curies":[{"name":"wp","href":"https:\/\/api.w.org\/{rel}","templated":true}]}}