{"id":30050,"date":"2023-10-27T16:09:22","date_gmt":"2023-10-27T14:09:22","guid":{"rendered":"https:\/\/agora.xtec.cat\/escolacanfabra\/?p=30050"},"modified":"2023-12-20T17:09:36","modified_gmt":"2023-12-20T16:09:36","slug":"iniciem-els-tallers-de-descoberta-a-i4-i-i5-2","status":"publish","type":"post","link":"https:\/\/agora.xtec.cat\/escolacanfabra\/general\/iniciem-els-tallers-de-descoberta-a-i4-i-i5-2\/","title":{"rendered":"I4 + I5_INICIEM ELS TALLERS DE DESCOBERTA"},"content":{"rendered":"<p>AQUESTA SETMANA HEM COMEN\u00c7AT ELS <strong>TALLERS DE DESCOBERTA<\/strong>\u00a0AMB ELS GRUPS D\u00b4<strong>I4<\/strong> (PEIXOS ARC DE SANT MART\u00cd i PEIXOS PALLASSO) I D\u00b4<strong>I5<\/strong> (EUCALIPTUS ARC DE SANT MART\u00cd i HORT).<\/p>\n<p>ESTEM MOLT IL.LUSIONATS I ENGRESCATS PEL FET DE REPRENDRE PLENAMENT AQUESTA DIN\u00c0MICA PEDAG\u00d2GICA, FENT PARTICIPAR A TOTS ELS ALUMNES D\u00b4AQUESTS DOS NIVELLS. AL LLARG D\u00b4AQUEST PRIMER TRIMESTRE ELS INFANTS D\u00b4I4 i D\u00b4I5 PORTARAN A TERME 6 TALLERS DIFERENTS: <em>COS I MOVIMENT, CONSTRUCCIONS, TOT ES MOU, MIRO, REMENO I JOC SIMB\u00d2LIC.<\/em><\/p>\n<p>TOTS PLEGATS GAUDIREM DE GRANS MOMENTS COMPARTITS PLENS D\u2019<em>EXPERIMENTACI\u00d3, DE JOC I D\u2019APRENENTATGE.<\/em><\/p>\n<p>A CONTINUACI\u00d3 US DEIXEM UN\u00a0<em>TASTET<\/em>\u00a0DE LES IMATGES DE LA PRIMERA SESSI\u00d3:<\/p>\n<ul>\n<li><a href=\"https:\/\/agora.xtec.cat\/escolacanfabra\/album-fotos-2019a\/\">PEIXOS ARC DE SANT MART\u00cd<\/a><\/li>\n<li><a href=\"https:\/\/agora.xtec.cat\/escolacanfabra\/album-fotos-2019b\/\">PEIXOS PALLASSO<\/a><\/li>\n<li><a href=\"https:\/\/agora.xtec.cat\/escolacanfabra\/album-fotos-2018a\/\">EUCALIPTUS ARC DE SANT MART\u00cd<\/a><\/li>\n<li><a href=\"https:\/\/agora.xtec.cat\/escolacanfabra\/album-fotos-2018b\/\">HORT<\/a><\/li>\n<\/ul>\n<p>CONTINUAR\u00c0\u2026<\/p>\n","protected":false},"excerpt":{"rendered":"<p>AQUESTA SETMANA HEM COMEN\u00c7AT ELS TALLERS DE DESCOBERTA\u00a0AMB ELS GRUPS D\u00b4I4 (PEIXOS ARC DE SANT MART\u00cd i PEIXOS PALLASSO) I D\u00b4I5 (EUCALIPTUS ARC DE SANT MART\u00cd i HORT). ESTEM MOLT IL.LUSIONATS I ENGRESCATS PEL FET DE REPRENDRE PLENAMENT AQUESTA DIN\u00c0MICA PEDAG\u00d2GICA, FENT PARTICIPAR A TOTS ELS ALUMNES D\u00b4AQUESTS DOS NIVELLS. AL LLARG D\u00b4AQUEST PRIMER TRIMESTRE [&hellip;]<\/p>\n","protected":false},"author":3,"featured_media":30051,"comment_status":"open","ping_status":"closed","sticky":false,"template":"","format":"standard","meta":{"_bbp_topic_count":0,"_bbp_reply_count":0,"_bbp_total_topic_count":0,"_bbp_total_reply_count":0,"_bbp_voice_count":0,"_bbp_anonymous_reply_count":0,"_bbp_topic_count_hidden":0,"_bbp_reply_count_hidden":0,"_bbp_forum_subforum_count":0,"site-sidebar-layout":"default","site-content-layout":"","ast-site-content-layout":"","site-content-style":"default","site-sidebar-style":"default","ast-global-header-display":"","ast-banner-title-visibility":"","ast-main-header-display":"","ast-hfb-above-header-display":"","ast-hfb-below-header-display":"","ast-hfb-mobile-header-display":"","site-post-title":"","ast-breadcrumbs-content":"","ast-featured-img":"","footer-sml-layout":"","theme-transparent-header-meta":"","adv-header-id-meta":"","stick-header-meta":"","header-above-stick-meta":"","header-main-stick-meta":"","header-below-stick-meta":"","astra-migrate-meta-layouts":"default","ast-page-background-enabled":"default","ast-page-background-meta":{"desktop":{"background-color":"var(--ast-global-color-5)","background-image":"","background-repeat":"repeat","background-position":"center center","background-size":"auto","background-attachment":"scroll","background-type":"","background-media":"","overlay-type":"","overlay-color":"","overlay-opacity":"","overlay-gradient":""},"tablet":{"background-color":"","background-image":"","background-repeat":"repeat","background-position":"center center","background-size":"auto","background-attachment":"scroll","background-type":"","background-media":"","overlay-type":"","overlay-color":"","overlay-opacity":"","overlay-gradient":""},"mobile":{"background-color":"","background-image":"","background-repeat":"repeat","background-position":"center center","background-size":"auto","background-attachment":"scroll","background-type":"","background-media":"","overlay-type":"","overlay-color":"","overlay-opacity":"","overlay-gradient":""}},"ast-content-background-meta":{"desktop":{"background-color":"var(--ast-global-color-4)","background-image":"","background-repeat":"repeat","background-position":"center center","background-size":"auto","background-attachment":"scroll","background-type":"","background-media":"","overlay-type":"","overlay-color":"","overlay-opacity":"","overlay-gradient":""},"tablet":{"background-color":"var(--ast-global-color-4)","background-image":"","background-repeat":"repeat","background-position":"center center","background-size":"auto","background-attachment":"scroll","background-type":"","background-media":"","overlay-type":"","overlay-color":"","overlay-opacity":"","overlay-gradient":""},"mobile":{"background-color":"var(--ast-global-color-4)","background-image":"","background-repeat":"repeat","background-position":"center center","background-size":"auto","background-attachment":"scroll","background-type":"","background-media":"","overlay-type":"","overlay-color":"","overlay-opacity":"","overlay-gradient":""}},"footnotes":""},"categories":[1,2,272,71,4],"tags":[],"class_list":["post-30050","post","type-post","status-publish","format-standard","has-post-thumbnail","hentry","category-general","category-infantil","category-nascuts-2019","category-noticies","category-portada"],"post_mailing_queue_ids":[],"_links":{"self":[{"href":"https:\/\/agora.xtec.cat\/escolacanfabra\/wp-json\/wp\/v2\/posts\/30050","targetHints":{"allow":["GET"]}}],"collection":[{"href":"https:\/\/agora.xtec.cat\/escolacanfabra\/wp-json\/wp\/v2\/posts"}],"about":[{"href":"https:\/\/agora.xtec.cat\/escolacanfabra\/wp-json\/wp\/v2\/types\/post"}],"author":[{"embeddable":true,"href":"https:\/\/agora.xtec.cat\/escolacanfabra\/wp-json\/wp\/v2\/users\/3"}],"replies":[{"embeddable":true,"href":"https:\/\/agora.xtec.cat\/escolacanfabra\/wp-json\/wp\/v2\/comments?post=30050"}],"version-history":[{"count":2,"href":"https:\/\/agora.xtec.cat\/escolacanfabra\/wp-json\/wp\/v2\/posts\/30050\/revisions"}],"predecessor-version":[{"id":30668,"href":"https:\/\/agora.xtec.cat\/escolacanfabra\/wp-json\/wp\/v2\/posts\/30050\/revisions\/30668"}],"wp:featuredmedia":[{"embeddable":true,"href":"https:\/\/agora.xtec.cat\/escolacanfabra\/wp-json\/wp\/v2\/media\/30051"}],"wp:attachment":[{"href":"https:\/\/agora.xtec.cat\/escolacanfabra\/wp-json\/wp\/v2\/media?parent=30050"}],"wp:term":[{"taxonomy":"category","embeddable":true,"href":"https:\/\/agora.xtec.cat\/escolacanfabra\/wp-json\/wp\/v2\/categories?post=30050"},{"taxonomy":"post_tag","embeddable":true,"href":"https:\/\/agora.xtec.cat\/escolacanfabra\/wp-json\/wp\/v2\/tags?post=30050"}],"curies":[{"name":"wp","href":"https:\/\/api.w.org\/{rel}","templated":true}]}}