{"id":29814,"date":"2023-09-27T23:12:57","date_gmt":"2023-09-27T21:12:57","guid":{"rendered":"https:\/\/agora.xtec.cat\/escolacanfabra\/?p=29814"},"modified":"2023-09-27T23:14:04","modified_gmt":"2023-09-27T21:14:04","slug":"cicle-mitja-el-nom-de-la-classe","status":"publish","type":"post","link":"https:\/\/agora.xtec.cat\/escolacanfabra\/general\/cicle-mitja-el-nom-de-la-classe\/","title":{"rendered":"CICLE MITJ\u00c0: EL NOM DE LA CLASSE"},"content":{"rendered":"<p>Hola fam\u00edlies!<\/p>\n<p>Com b\u00e9 sabeu, aquests primers dies de curs anem organitzant les aules (c\u00e0rrecs, espai, novetats&#8230;) i un moment molt important \u00e9s el de definir el nom de la classe.<\/p>\n<p>A partir de les propostes aportades pels infants realitzem una votaci\u00f3 i posterior estad\u00edstica.<\/p>\n<p>Estem preparades per a informar-vos dels nostres noms:<\/p>\n<p><em><strong>3rA: LES POCIONS<\/strong><\/em><\/p>\n<p><em><strong>3rB: ANIMALS DOM\u00c8STICS<\/strong><\/em><\/p>\n<p><em><strong>4tA: CAPIBARAS<\/strong><\/em><\/p>\n<p><em><strong>4tB: AURORA BOREAL<\/strong><\/em><\/p>\n<p><a href=\"https:\/\/agora.xtec.cat\/escolacanfabra\/wp-content\/uploads\/usu1954\/2023\/09\/IMG_20230927_230604-1.jpg\"><img loading=\"lazy\" decoding=\"async\" class=\"wp-image-29818 aligncenter\" src=\"https:\/\/agora.xtec.cat\/escolacanfabra\/wp-content\/uploads\/usu1954\/2023\/09\/IMG_20230927_230604-1-1024x1024.jpg\" alt=\"\" width=\"495\" height=\"495\" srcset=\"https:\/\/agora.xtec.cat\/escolacanfabra\/wp-content\/uploads\/usu1954\/2023\/09\/IMG_20230927_230604-1-1024x1024.jpg 1024w, https:\/\/agora.xtec.cat\/escolacanfabra\/wp-content\/uploads\/usu1954\/2023\/09\/IMG_20230927_230604-1-300x300.jpg 300w, https:\/\/agora.xtec.cat\/escolacanfabra\/wp-content\/uploads\/usu1954\/2023\/09\/IMG_20230927_230604-1-150x150.jpg 150w, https:\/\/agora.xtec.cat\/escolacanfabra\/wp-content\/uploads\/usu1954\/2023\/09\/IMG_20230927_230604-1-768x768.jpg 768w, https:\/\/agora.xtec.cat\/escolacanfabra\/wp-content\/uploads\/usu1954\/2023\/09\/IMG_20230927_230604-1-1536x1536.jpg 1536w, https:\/\/agora.xtec.cat\/escolacanfabra\/wp-content\/uploads\/usu1954\/2023\/09\/IMG_20230927_230604-1.jpg 1564w\" sizes=\"auto, (max-width: 495px) 100vw, 495px\" \/><\/a><\/p>\n<p>&nbsp;<\/p>\n","protected":false},"excerpt":{"rendered":"<p>Hola fam\u00edlies! Com b\u00e9 sabeu, aquests primers dies de curs anem organitzant les aules (c\u00e0rrecs, espai, novetats&#8230;) i un moment molt important \u00e9s el de definir el nom de la classe. A partir de les propostes aportades pels infants realitzem una votaci\u00f3 i posterior estad\u00edstica. Estem preparades per a informar-vos dels nostres noms: 3rA: LES [&hellip;]<\/p>\n","protected":false},"author":3,"featured_media":29821,"comment_status":"open","ping_status":"closed","sticky":false,"template":"","format":"standard","meta":{"_bbp_topic_count":0,"_bbp_reply_count":0,"_bbp_total_topic_count":0,"_bbp_total_reply_count":0,"_bbp_voice_count":0,"_bbp_anonymous_reply_count":0,"_bbp_topic_count_hidden":0,"_bbp_reply_count_hidden":0,"_bbp_forum_subforum_count":0,"site-sidebar-layout":"default","site-content-layout":"","ast-site-content-layout":"","site-content-style":"default","site-sidebar-style":"default","ast-global-header-display":"","ast-banner-title-visibility":"","ast-main-header-display":"","ast-hfb-above-header-display":"","ast-hfb-below-header-display":"","ast-hfb-mobile-header-display":"","site-post-title":"","ast-breadcrumbs-content":"","ast-featured-img":"","footer-sml-layout":"","theme-transparent-header-meta":"","adv-header-id-meta":"","stick-header-meta":"","header-above-stick-meta":"","header-main-stick-meta":"","header-below-stick-meta":"","astra-migrate-meta-layouts":"default","ast-page-background-enabled":"default","ast-page-background-meta":{"desktop":{"background-color":"var(--ast-global-color-5)","background-image":"","background-repeat":"repeat","background-position":"center center","background-size":"auto","background-attachment":"scroll","background-type":"","background-media":"","overlay-type":"","overlay-color":"","overlay-opacity":"","overlay-gradient":""},"tablet":{"background-color":"","background-image":"","background-repeat":"repeat","background-position":"center center","background-size":"auto","background-attachment":"scroll","background-type":"","background-media":"","overlay-type":"","overlay-color":"","overlay-opacity":"","overlay-gradient":""},"mobile":{"background-color":"","background-image":"","background-repeat":"repeat","background-position":"center center","background-size":"auto","background-attachment":"scroll","background-type":"","background-media":"","overlay-type":"","overlay-color":"","overlay-opacity":"","overlay-gradient":""}},"ast-content-background-meta":{"desktop":{"background-color":"var(--ast-global-color-4)","background-image":"","background-repeat":"repeat","background-position":"center center","background-size":"auto","background-attachment":"scroll","background-type":"","background-media":"","overlay-type":"","overlay-color":"","overlay-opacity":"","overlay-gradient":""},"tablet":{"background-color":"var(--ast-global-color-4)","background-image":"","background-repeat":"repeat","background-position":"center center","background-size":"auto","background-attachment":"scroll","background-type":"","background-media":"","overlay-type":"","overlay-color":"","overlay-opacity":"","overlay-gradient":""},"mobile":{"background-color":"var(--ast-global-color-4)","background-image":"","background-repeat":"repeat","background-position":"center center","background-size":"auto","background-attachment":"scroll","background-type":"","background-media":"","overlay-type":"","overlay-color":"","overlay-opacity":"","overlay-gradient":""}},"footnotes":""},"categories":[1,241,71,4,263],"tags":[],"class_list":["post-29814","post","type-post","status-publish","format-standard","has-post-thumbnail","hentry","category-general","category-nascuts-2015","category-noticies","category-portada","category-primaria"],"post_mailing_queue_ids":[],"_links":{"self":[{"href":"https:\/\/agora.xtec.cat\/escolacanfabra\/wp-json\/wp\/v2\/posts\/29814","targetHints":{"allow":["GET"]}}],"collection":[{"href":"https:\/\/agora.xtec.cat\/escolacanfabra\/wp-json\/wp\/v2\/posts"}],"about":[{"href":"https:\/\/agora.xtec.cat\/escolacanfabra\/wp-json\/wp\/v2\/types\/post"}],"author":[{"embeddable":true,"href":"https:\/\/agora.xtec.cat\/escolacanfabra\/wp-json\/wp\/v2\/users\/3"}],"replies":[{"embeddable":true,"href":"https:\/\/agora.xtec.cat\/escolacanfabra\/wp-json\/wp\/v2\/comments?post=29814"}],"version-history":[{"count":3,"href":"https:\/\/agora.xtec.cat\/escolacanfabra\/wp-json\/wp\/v2\/posts\/29814\/revisions"}],"predecessor-version":[{"id":29820,"href":"https:\/\/agora.xtec.cat\/escolacanfabra\/wp-json\/wp\/v2\/posts\/29814\/revisions\/29820"}],"wp:featuredmedia":[{"embeddable":true,"href":"https:\/\/agora.xtec.cat\/escolacanfabra\/wp-json\/wp\/v2\/media\/29821"}],"wp:attachment":[{"href":"https:\/\/agora.xtec.cat\/escolacanfabra\/wp-json\/wp\/v2\/media?parent=29814"}],"wp:term":[{"taxonomy":"category","embeddable":true,"href":"https:\/\/agora.xtec.cat\/escolacanfabra\/wp-json\/wp\/v2\/categories?post=29814"},{"taxonomy":"post_tag","embeddable":true,"href":"https:\/\/agora.xtec.cat\/escolacanfabra\/wp-json\/wp\/v2\/tags?post=29814"}],"curies":[{"name":"wp","href":"https:\/\/api.w.org\/{rel}","templated":true}]}}