{"id":29571,"date":"2023-06-20T15:02:08","date_gmt":"2023-06-20T13:02:08","guid":{"rendered":"https:\/\/agora.xtec.cat\/escolacanfabra\/?p=29571"},"modified":"2023-06-20T15:02:08","modified_gmt":"2023-06-20T13:02:08","slug":"4t-can-fabra-noticies","status":"publish","type":"post","link":"https:\/\/agora.xtec.cat\/escolacanfabra\/general\/4t-can-fabra-noticies\/","title":{"rendered":"4t &#8211; Can Fabra not\u00edcies"},"content":{"rendered":"<p style=\"text-align: left;\">L&#8217;alumnat de 4t hem acabat el curs fent un noticiari sobre les not\u00edcies m\u00e9s interessants i recents que han succe\u00eft a l&#8217;escola al 2022- 23.<\/p>\n<p>Hem tingut en compte esdeveniments de cada curs, des d&#8217;I3 fins a 6\u00e8. Tamb\u00e9 hem redactat not\u00edcies que englobaven tots els cursos d&#8217;infantil i fins i tot not\u00edcies d&#8217;inter\u00e8s general d&#8217;escola.<\/p>\n<p>Ha estat un treball d&#8217;investigaci\u00f3 molt extens. Vam comen\u00e7ar recordant not\u00edcies, les vam seleccionar i les vam distribuir en grups de treball d&#8217;unes 3 &#8211; 4 persones. Per grups vam comen\u00e7ar a investigar tot fent entrevistes a alumnes i mestres implicats per tal de con\u00e8ixer b\u00e9 tots els detalls sobre el tema. Llavors vam aprendre l&#8217;estructura d&#8217;aquesta tipologia de text i la vam comen\u00e7ar a posar en pr\u00e0ctica. Del recull de respostes que vam obtenir vam iniciar el redactat de la not\u00edcia. Un cop acabades, les vam revisar i vam repartir el text en diverses parts. Finalment, nom\u00e9s va quedar preparar-nos molt b\u00e9 la nostra part per tal de fer-ho molt b\u00e9 el dia de la gravaci\u00f3!<\/p>\n<p>Ha estat una experi\u00e8ncia molt emocionant i un gran repte sortir a parlar en p\u00fablic davant de les dues classes de 4t; tenint en compte que hav\u00edem de mantenir la mirada\u00a0fixada\u00a0a la c\u00e0mera.<\/p>\n<p>Ens ha agradat molt realitzar aquest noticiari. Esperem que vosaltres tamb\u00e9 en gaudiu. Gr\u00e0cies!<\/p>\n<p>En el seg\u00fcent enlla\u00e7 el podreu veure: <a href=\"https:\/\/drive.google.com\/file\/d\/1F0zuwc2SaFSrazWPwd2sufQsLujV1pFD\/view?usp=drive_link\">Can Fabra Not\u00edcies<\/a><\/p>\n<p style=\"text-align: right;\">Classe de les Ol\u00edmpiades i classe de la Tecnologia.<\/p>\n","protected":false},"excerpt":{"rendered":"<p>L&#8217;alumnat de 4t hem acabat el curs fent un noticiari sobre les not\u00edcies m\u00e9s interessants i recents que han succe\u00eft a l&#8217;escola al 2022- 23. Hem tingut en compte esdeveniments de cada curs, des d&#8217;I3 fins a 6\u00e8. Tamb\u00e9 hem redactat not\u00edcies que englobaven tots els cursos d&#8217;infantil i fins i tot not\u00edcies d&#8217;inter\u00e8s general [&hellip;]<\/p>\n","protected":false},"author":3,"featured_media":29574,"comment_status":"open","ping_status":"closed","sticky":false,"template":"","format":"standard","meta":{"_bbp_topic_count":0,"_bbp_reply_count":0,"_bbp_total_topic_count":0,"_bbp_total_reply_count":0,"_bbp_voice_count":0,"_bbp_anonymous_reply_count":0,"_bbp_topic_count_hidden":0,"_bbp_reply_count_hidden":0,"_bbp_forum_subforum_count":0,"site-sidebar-layout":"default","site-content-layout":"","ast-site-content-layout":"","site-content-style":"default","site-sidebar-style":"default","ast-global-header-display":"","ast-banner-title-visibility":"","ast-main-header-display":"","ast-hfb-above-header-display":"","ast-hfb-below-header-display":"","ast-hfb-mobile-header-display":"","site-post-title":"","ast-breadcrumbs-content":"","ast-featured-img":"","footer-sml-layout":"","theme-transparent-header-meta":"","adv-header-id-meta":"","stick-header-meta":"","header-above-stick-meta":"","header-main-stick-meta":"","header-below-stick-meta":"","astra-migrate-meta-layouts":"default","ast-page-background-enabled":"default","ast-page-background-meta":{"desktop":{"background-color":"var(--ast-global-color-5)","background-image":"","background-repeat":"repeat","background-position":"center center","background-size":"auto","background-attachment":"scroll","background-type":"","background-media":"","overlay-type":"","overlay-color":"","overlay-opacity":"","overlay-gradient":""},"tablet":{"background-color":"","background-image":"","background-repeat":"repeat","background-position":"center center","background-size":"auto","background-attachment":"scroll","background-type":"","background-media":"","overlay-type":"","overlay-color":"","overlay-opacity":"","overlay-gradient":""},"mobile":{"background-color":"","background-image":"","background-repeat":"repeat","background-position":"center center","background-size":"auto","background-attachment":"scroll","background-type":"","background-media":"","overlay-type":"","overlay-color":"","overlay-opacity":"","overlay-gradient":""}},"ast-content-background-meta":{"desktop":{"background-color":"var(--ast-global-color-4)","background-image":"","background-repeat":"repeat","background-position":"center center","background-size":"auto","background-attachment":"scroll","background-type":"","background-media":"","overlay-type":"","overlay-color":"","overlay-opacity":"","overlay-gradient":""},"tablet":{"background-color":"var(--ast-global-color-4)","background-image":"","background-repeat":"repeat","background-position":"center center","background-size":"auto","background-attachment":"scroll","background-type":"","background-media":"","overlay-type":"","overlay-color":"","overlay-opacity":"","overlay-gradient":""},"mobile":{"background-color":"var(--ast-global-color-4)","background-image":"","background-repeat":"repeat","background-position":"center center","background-size":"auto","background-attachment":"scroll","background-type":"","background-media":"","overlay-type":"","overlay-color":"","overlay-opacity":"","overlay-gradient":""}},"footnotes":""},"categories":[1,82,4,263],"tags":[],"class_list":["post-29571","post","type-post","status-publish","format-standard","has-post-thumbnail","hentry","category-general","category-nascuts-2013","category-portada","category-primaria"],"post_mailing_queue_ids":[],"_links":{"self":[{"href":"https:\/\/agora.xtec.cat\/escolacanfabra\/wp-json\/wp\/v2\/posts\/29571","targetHints":{"allow":["GET"]}}],"collection":[{"href":"https:\/\/agora.xtec.cat\/escolacanfabra\/wp-json\/wp\/v2\/posts"}],"about":[{"href":"https:\/\/agora.xtec.cat\/escolacanfabra\/wp-json\/wp\/v2\/types\/post"}],"author":[{"embeddable":true,"href":"https:\/\/agora.xtec.cat\/escolacanfabra\/wp-json\/wp\/v2\/users\/3"}],"replies":[{"embeddable":true,"href":"https:\/\/agora.xtec.cat\/escolacanfabra\/wp-json\/wp\/v2\/comments?post=29571"}],"version-history":[{"count":1,"href":"https:\/\/agora.xtec.cat\/escolacanfabra\/wp-json\/wp\/v2\/posts\/29571\/revisions"}],"predecessor-version":[{"id":29575,"href":"https:\/\/agora.xtec.cat\/escolacanfabra\/wp-json\/wp\/v2\/posts\/29571\/revisions\/29575"}],"wp:featuredmedia":[{"embeddable":true,"href":"https:\/\/agora.xtec.cat\/escolacanfabra\/wp-json\/wp\/v2\/media\/29574"}],"wp:attachment":[{"href":"https:\/\/agora.xtec.cat\/escolacanfabra\/wp-json\/wp\/v2\/media?parent=29571"}],"wp:term":[{"taxonomy":"category","embeddable":true,"href":"https:\/\/agora.xtec.cat\/escolacanfabra\/wp-json\/wp\/v2\/categories?post=29571"},{"taxonomy":"post_tag","embeddable":true,"href":"https:\/\/agora.xtec.cat\/escolacanfabra\/wp-json\/wp\/v2\/tags?post=29571"}],"curies":[{"name":"wp","href":"https:\/\/api.w.org\/{rel}","templated":true}]}}