{"id":29559,"date":"2023-06-16T20:42:54","date_gmt":"2023-06-16T18:42:54","guid":{"rendered":"https:\/\/agora.xtec.cat\/escolacanfabra\/?p=29559"},"modified":"2023-06-16T20:42:54","modified_gmt":"2023-06-16T18:42:54","slug":"1rb-visitem-la-biblioteca-zona-nord","status":"publish","type":"post","link":"https:\/\/agora.xtec.cat\/escolacanfabra\/general\/1rb-visitem-la-biblioteca-zona-nord\/","title":{"rendered":"1rB- Visitem la biblioteca Zona Nord"},"content":{"rendered":"<p>Avui, la classe de 1r de les lib\u00e8l\u00b7lules hem visitat la biblioteca Zona Nord, ubicada al barri de Torre Bar\u00f3, per realitzar una sessi\u00f3 sobre contaminaci\u00f3 lum\u00ednica i ac\u00fastica.<br \/>\nGr\u00e0cies a aquesta activitat, hem ampliat i consolidat els coneixements treballats a l&#8217;aula sobre el nostre projecte. A m\u00e9s a m\u00e9s, hem gaudit de l&#8217;explicaci\u00f3 d&#8217;un conte que reflexionava sobre la import\u00e0ncia del silenci amb l&#8217;objectiu de cuidar-nos entre tots i totes. D&#8217;altra banda, hem passat una estona molt divertida jugant i dinant al parc de l&#8217;Aq\u00fceducte.<\/p>\n<p><a href=\"https:\/\/agora.xtec.cat\/escolacanfabra\/wp-content\/uploads\/usu1954\/2023\/06\/Foto-entrada-contaminacio\u0301n.jpg\"><img loading=\"lazy\" decoding=\"async\" class=\"alignnone  wp-image-29561\" src=\"https:\/\/agora.xtec.cat\/escolacanfabra\/wp-content\/uploads\/usu1954\/2023\/06\/Foto-entrada-contaminacio\u0301n.jpg\" alt=\"\" width=\"907\" height=\"529\" srcset=\"https:\/\/agora.xtec.cat\/escolacanfabra\/wp-content\/uploads\/usu1954\/2023\/06\/Foto-entrada-contaminacio\u0301n.jpg 847w, https:\/\/agora.xtec.cat\/escolacanfabra\/wp-content\/uploads\/usu1954\/2023\/06\/Foto-entrada-contaminacio\u0301n-300x175.jpg 300w, https:\/\/agora.xtec.cat\/escolacanfabra\/wp-content\/uploads\/usu1954\/2023\/06\/Foto-entrada-contaminacio\u0301n-768x448.jpg 768w\" sizes=\"auto, (max-width: 907px) 100vw, 907px\" \/><\/a><\/p>\n<p>Podeu mirar amb els vostres fills i filles les fotografies de la sortida <a href=\"https:\/\/agora.xtec.cat\/escolacanfabra\/album-fotos-2016b\/\">aqu\u00ed<\/a>.<\/p>\n<p>Gaudiu-les!<\/p>\n","protected":false},"excerpt":{"rendered":"<p>Avui, la classe de 1r de les lib\u00e8l\u00b7lules hem visitat la biblioteca Zona Nord, ubicada al barri de Torre Bar\u00f3, per realitzar una sessi\u00f3 sobre contaminaci\u00f3 lum\u00ednica i ac\u00fastica. Gr\u00e0cies a aquesta activitat, hem ampliat i consolidat els coneixements treballats a l&#8217;aula sobre el nostre projecte. A m\u00e9s a m\u00e9s, hem gaudit de l&#8217;explicaci\u00f3 d&#8217;un [&hellip;]<\/p>\n","protected":false},"author":3,"featured_media":29561,"comment_status":"open","ping_status":"closed","sticky":false,"template":"","format":"standard","meta":{"_bbp_topic_count":0,"_bbp_reply_count":0,"_bbp_total_topic_count":0,"_bbp_total_reply_count":0,"_bbp_voice_count":0,"_bbp_anonymous_reply_count":0,"_bbp_topic_count_hidden":0,"_bbp_reply_count_hidden":0,"_bbp_forum_subforum_count":0,"site-sidebar-layout":"default","site-content-layout":"","ast-site-content-layout":"","site-content-style":"default","site-sidebar-style":"default","ast-global-header-display":"","ast-banner-title-visibility":"","ast-main-header-display":"","ast-hfb-above-header-display":"","ast-hfb-below-header-display":"","ast-hfb-mobile-header-display":"","site-post-title":"","ast-breadcrumbs-content":"","ast-featured-img":"","footer-sml-layout":"","theme-transparent-header-meta":"","adv-header-id-meta":"","stick-header-meta":"","header-above-stick-meta":"","header-main-stick-meta":"","header-below-stick-meta":"","astra-migrate-meta-layouts":"default","ast-page-background-enabled":"default","ast-page-background-meta":{"desktop":{"background-color":"var(--ast-global-color-5)","background-image":"","background-repeat":"repeat","background-position":"center center","background-size":"auto","background-attachment":"scroll","background-type":"","background-media":"","overlay-type":"","overlay-color":"","overlay-opacity":"","overlay-gradient":""},"tablet":{"background-color":"","background-image":"","background-repeat":"repeat","background-position":"center center","background-size":"auto","background-attachment":"scroll","background-type":"","background-media":"","overlay-type":"","overlay-color":"","overlay-opacity":"","overlay-gradient":""},"mobile":{"background-color":"","background-image":"","background-repeat":"repeat","background-position":"center center","background-size":"auto","background-attachment":"scroll","background-type":"","background-media":"","overlay-type":"","overlay-color":"","overlay-opacity":"","overlay-gradient":""}},"ast-content-background-meta":{"desktop":{"background-color":"var(--ast-global-color-4)","background-image":"","background-repeat":"repeat","background-position":"center center","background-size":"auto","background-attachment":"scroll","background-type":"","background-media":"","overlay-type":"","overlay-color":"","overlay-opacity":"","overlay-gradient":""},"tablet":{"background-color":"var(--ast-global-color-4)","background-image":"","background-repeat":"repeat","background-position":"center center","background-size":"auto","background-attachment":"scroll","background-type":"","background-media":"","overlay-type":"","overlay-color":"","overlay-opacity":"","overlay-gradient":""},"mobile":{"background-color":"var(--ast-global-color-4)","background-image":"","background-repeat":"repeat","background-position":"center center","background-size":"auto","background-attachment":"scroll","background-type":"","background-media":"","overlay-type":"","overlay-color":"","overlay-opacity":"","overlay-gradient":""}},"footnotes":""},"categories":[1,262,4,263],"tags":[],"class_list":["post-29559","post","type-post","status-publish","format-standard","has-post-thumbnail","hentry","category-general","category-nascuts-2016","category-portada","category-primaria"],"post_mailing_queue_ids":[],"_links":{"self":[{"href":"https:\/\/agora.xtec.cat\/escolacanfabra\/wp-json\/wp\/v2\/posts\/29559","targetHints":{"allow":["GET"]}}],"collection":[{"href":"https:\/\/agora.xtec.cat\/escolacanfabra\/wp-json\/wp\/v2\/posts"}],"about":[{"href":"https:\/\/agora.xtec.cat\/escolacanfabra\/wp-json\/wp\/v2\/types\/post"}],"author":[{"embeddable":true,"href":"https:\/\/agora.xtec.cat\/escolacanfabra\/wp-json\/wp\/v2\/users\/3"}],"replies":[{"embeddable":true,"href":"https:\/\/agora.xtec.cat\/escolacanfabra\/wp-json\/wp\/v2\/comments?post=29559"}],"version-history":[{"count":1,"href":"https:\/\/agora.xtec.cat\/escolacanfabra\/wp-json\/wp\/v2\/posts\/29559\/revisions"}],"predecessor-version":[{"id":29562,"href":"https:\/\/agora.xtec.cat\/escolacanfabra\/wp-json\/wp\/v2\/posts\/29559\/revisions\/29562"}],"wp:featuredmedia":[{"embeddable":true,"href":"https:\/\/agora.xtec.cat\/escolacanfabra\/wp-json\/wp\/v2\/media\/29561"}],"wp:attachment":[{"href":"https:\/\/agora.xtec.cat\/escolacanfabra\/wp-json\/wp\/v2\/media?parent=29559"}],"wp:term":[{"taxonomy":"category","embeddable":true,"href":"https:\/\/agora.xtec.cat\/escolacanfabra\/wp-json\/wp\/v2\/categories?post=29559"},{"taxonomy":"post_tag","embeddable":true,"href":"https:\/\/agora.xtec.cat\/escolacanfabra\/wp-json\/wp\/v2\/tags?post=29559"}],"curies":[{"name":"wp","href":"https:\/\/api.w.org\/{rel}","templated":true}]}}