{"id":29507,"date":"2023-06-18T17:51:09","date_gmt":"2023-06-18T15:51:09","guid":{"rendered":"https:\/\/agora.xtec.cat\/escolacanfabra\/?p=29507"},"modified":"2023-06-18T17:51:09","modified_gmt":"2023-06-18T15:51:09","slug":"3r-els-reportatges","status":"publish","type":"post","link":"https:\/\/agora.xtec.cat\/escolacanfabra\/general\/3r-els-reportatges\/","title":{"rendered":"3r-ELS REPORTATGES"},"content":{"rendered":"<p>Hola fam\u00edlies!<\/p>\n<p><span style=\"font-weight: 400;\">Aquest curs a 3r una proposta d&#8217;escola era treballar l&#8217;Expressi\u00f3 Oral a partir de l&#8217;elaboraci\u00f3 d&#8217;un reportatge. I vam decidir fer el reportatge del projecte Indestructibles \u00c0frica. Aquest projecte l&#8217;hem estat treballant des del mes de febrer.<\/span><\/p>\n<p><span style=\"font-weight: 400;\">Els infants van decidir 6 temes.<\/span><\/p>\n<p><span style=\"font-weight: 400;\">Primer van elegir el tema que se sentirien m\u00e9s c\u00f2modes per a fer el reportatge. El treball ha estat en equip.<\/span><\/p>\n<p><span style=\"font-weight: 400;\">Tot seguit, van fer un gui\u00f3 del que volien explicar.<\/span><\/p>\n<p><span style=\"font-weight: 400;\">A continuaci\u00f3 van transformar el gui\u00f3 amb text.<\/span><\/p>\n<p><span style=\"font-weight: 400;\">I finalment el text \u00e9s el que s&#8217;ha convertit en la base per a fer el reportatge.<\/span><\/p>\n<p><span style=\"font-weight: 400;\">Un treball espectacular que ha durat un mes i mig, el resultat final han estat les seg\u00fcents gravacions:<\/span><\/p>\n<p><a href=\"https:\/\/agora.xtec.cat\/escolacanfabra\/album-fotos-2014a\/\">REPORTATGES DE LA CLASSE DELS GE\u00d2LEGS I GE\u00d2LOGUES<\/a><\/p>\n<p><a href=\"https:\/\/agora.xtec.cat\/escolacanfabra\/album-fotos-2014b\/\">REPORTATGES DE LA CLASSE DE LES SERPS<\/a><\/p>\n<p>&nbsp;<\/p>\n","protected":false},"excerpt":{"rendered":"<p>Hola fam\u00edlies! Aquest curs a 3r una proposta d&#8217;escola era treballar l&#8217;Expressi\u00f3 Oral a partir de l&#8217;elaboraci\u00f3 d&#8217;un reportatge. I vam decidir fer el reportatge del projecte Indestructibles \u00c0frica. Aquest projecte l&#8217;hem estat treballant des del mes de febrer. Els infants van decidir 6 temes. Primer van elegir el tema que se sentirien m\u00e9s c\u00f2modes [&hellip;]<\/p>\n","protected":false},"author":3,"featured_media":29509,"comment_status":"open","ping_status":"closed","sticky":false,"template":"","format":"standard","meta":{"_bbp_topic_count":0,"_bbp_reply_count":0,"_bbp_total_topic_count":0,"_bbp_total_reply_count":0,"_bbp_voice_count":0,"_bbp_anonymous_reply_count":0,"_bbp_topic_count_hidden":0,"_bbp_reply_count_hidden":0,"_bbp_forum_subforum_count":0,"site-sidebar-layout":"default","site-content-layout":"","ast-site-content-layout":"","site-content-style":"default","site-sidebar-style":"default","ast-global-header-display":"","ast-banner-title-visibility":"","ast-main-header-display":"","ast-hfb-above-header-display":"","ast-hfb-below-header-display":"","ast-hfb-mobile-header-display":"","site-post-title":"","ast-breadcrumbs-content":"","ast-featured-img":"","footer-sml-layout":"","theme-transparent-header-meta":"","adv-header-id-meta":"","stick-header-meta":"","header-above-stick-meta":"","header-main-stick-meta":"","header-below-stick-meta":"","astra-migrate-meta-layouts":"default","ast-page-background-enabled":"default","ast-page-background-meta":{"desktop":{"background-color":"var(--ast-global-color-5)","background-image":"","background-repeat":"repeat","background-position":"center center","background-size":"auto","background-attachment":"scroll","background-type":"","background-media":"","overlay-type":"","overlay-color":"","overlay-opacity":"","overlay-gradient":""},"tablet":{"background-color":"","background-image":"","background-repeat":"repeat","background-position":"center center","background-size":"auto","background-attachment":"scroll","background-type":"","background-media":"","overlay-type":"","overlay-color":"","overlay-opacity":"","overlay-gradient":""},"mobile":{"background-color":"","background-image":"","background-repeat":"repeat","background-position":"center center","background-size":"auto","background-attachment":"scroll","background-type":"","background-media":"","overlay-type":"","overlay-color":"","overlay-opacity":"","overlay-gradient":""}},"ast-content-background-meta":{"desktop":{"background-color":"var(--ast-global-color-4)","background-image":"","background-repeat":"repeat","background-position":"center center","background-size":"auto","background-attachment":"scroll","background-type":"","background-media":"","overlay-type":"","overlay-color":"","overlay-opacity":"","overlay-gradient":""},"tablet":{"background-color":"var(--ast-global-color-4)","background-image":"","background-repeat":"repeat","background-position":"center center","background-size":"auto","background-attachment":"scroll","background-type":"","background-media":"","overlay-type":"","overlay-color":"","overlay-opacity":"","overlay-gradient":""},"mobile":{"background-color":"var(--ast-global-color-4)","background-image":"","background-repeat":"repeat","background-position":"center center","background-size":"auto","background-attachment":"scroll","background-type":"","background-media":"","overlay-type":"","overlay-color":"","overlay-opacity":"","overlay-gradient":""}},"footnotes":""},"categories":[1,71,4,263],"tags":[],"class_list":["post-29507","post","type-post","status-publish","format-standard","has-post-thumbnail","hentry","category-general","category-noticies","category-portada","category-primaria"],"post_mailing_queue_ids":[],"_links":{"self":[{"href":"https:\/\/agora.xtec.cat\/escolacanfabra\/wp-json\/wp\/v2\/posts\/29507","targetHints":{"allow":["GET"]}}],"collection":[{"href":"https:\/\/agora.xtec.cat\/escolacanfabra\/wp-json\/wp\/v2\/posts"}],"about":[{"href":"https:\/\/agora.xtec.cat\/escolacanfabra\/wp-json\/wp\/v2\/types\/post"}],"author":[{"embeddable":true,"href":"https:\/\/agora.xtec.cat\/escolacanfabra\/wp-json\/wp\/v2\/users\/3"}],"replies":[{"embeddable":true,"href":"https:\/\/agora.xtec.cat\/escolacanfabra\/wp-json\/wp\/v2\/comments?post=29507"}],"version-history":[{"count":3,"href":"https:\/\/agora.xtec.cat\/escolacanfabra\/wp-json\/wp\/v2\/posts\/29507\/revisions"}],"predecessor-version":[{"id":29546,"href":"https:\/\/agora.xtec.cat\/escolacanfabra\/wp-json\/wp\/v2\/posts\/29507\/revisions\/29546"}],"wp:featuredmedia":[{"embeddable":true,"href":"https:\/\/agora.xtec.cat\/escolacanfabra\/wp-json\/wp\/v2\/media\/29509"}],"wp:attachment":[{"href":"https:\/\/agora.xtec.cat\/escolacanfabra\/wp-json\/wp\/v2\/media?parent=29507"}],"wp:term":[{"taxonomy":"category","embeddable":true,"href":"https:\/\/agora.xtec.cat\/escolacanfabra\/wp-json\/wp\/v2\/categories?post=29507"},{"taxonomy":"post_tag","embeddable":true,"href":"https:\/\/agora.xtec.cat\/escolacanfabra\/wp-json\/wp\/v2\/tags?post=29507"}],"curies":[{"name":"wp","href":"https:\/\/api.w.org\/{rel}","templated":true}]}}