{"id":29475,"date":"2023-06-07T16:14:25","date_gmt":"2023-06-07T14:14:25","guid":{"rendered":"https:\/\/agora.xtec.cat\/escolacanfabra\/?p=29475"},"modified":"2023-06-07T16:14:25","modified_gmt":"2023-06-07T14:14:25","slug":"4tb-sortida-al-museu-de-la-ciencia-i-la-tecnica","status":"publish","type":"post","link":"https:\/\/agora.xtec.cat\/escolacanfabra\/general\/4tb-sortida-al-museu-de-la-ciencia-i-la-tecnica\/","title":{"rendered":"4tB: Sortida al Museu de la Ci\u00e8ncia i la T\u00e8cnica"},"content":{"rendered":"<p><span class=\"hiddenGrammarError\" style=\"padding-bottom: 2px; background-image: url('..\/..\/..\/..\/..\/images\/squiggle.png'); background-repeat: repeat-x; background-position: left bottom; cursor: default; color: #000000; font-family: 'Open Sans', Helvetica, Arial, sans-serif; font-size: 16px; font-style: normal; font-variant-ligatures: normal; font-variant-caps: normal; font-weight: 300; letter-spacing: normal; orphans: 2; text-align: start; text-indent: 0px; text-transform: none; widows: 2; word-spacing: 0px; -webkit-text-stroke-width: 0px; white-space: normal; text-decoration-thickness: initial; text-decoration-style: initial; text-decoration-color: initial;\">Hola<\/span>\u00a0fam\u00edlies!<\/p>\n<p>Els infants de\u00a0<span class=\"hiddenSpellError\">4tB<\/span>\u00a0de la classe de la Tecnologia hem anat al Museu de la Ci\u00e8ncia i la T\u00e8cnica de Terrassa, on hem gaudit d&#8217;una visita sobre l&#8217;energia i la vida quotidiana. Ens ha semblat molt interessant con\u00e8ixer com funcionaven les m\u00e0quines antigament.<\/p>\n<p>Hem fet un taller sobre l&#8217;electricitat. Hem apr\u00e8s quins\u00a0s\u00f3n\u00a0els materials conductors i els materials a\u00efllants, fins i tot hem experimentat amb l&#8217;electricitat est\u00e0tica amb el nostre cos.<\/p>\n<p><a href=\"https:\/\/agora.xtec.cat\/escolacanfabra\/album-fotos-2013b\/\">AQU\u00cd TENIU LES FOTOS<\/a><\/p>\n","protected":false},"excerpt":{"rendered":"<p>Hola\u00a0fam\u00edlies! Els infants de\u00a04tB\u00a0de la classe de la Tecnologia hem anat al Museu de la Ci\u00e8ncia i la T\u00e8cnica de Terrassa, on hem gaudit d&#8217;una visita sobre l&#8217;energia i la vida quotidiana. Ens ha semblat molt interessant con\u00e8ixer com funcionaven les m\u00e0quines antigament. Hem fet un taller sobre l&#8217;electricitat. Hem apr\u00e8s quins\u00a0s\u00f3n\u00a0els materials conductors i [&hellip;]<\/p>\n","protected":false},"author":3,"featured_media":29477,"comment_status":"open","ping_status":"closed","sticky":false,"template":"","format":"standard","meta":{"_bbp_topic_count":0,"_bbp_reply_count":0,"_bbp_total_topic_count":0,"_bbp_total_reply_count":0,"_bbp_voice_count":0,"_bbp_anonymous_reply_count":0,"_bbp_topic_count_hidden":0,"_bbp_reply_count_hidden":0,"_bbp_forum_subforum_count":0,"site-sidebar-layout":"default","site-content-layout":"","ast-site-content-layout":"","site-content-style":"default","site-sidebar-style":"default","ast-global-header-display":"","ast-banner-title-visibility":"","ast-main-header-display":"","ast-hfb-above-header-display":"","ast-hfb-below-header-display":"","ast-hfb-mobile-header-display":"","site-post-title":"","ast-breadcrumbs-content":"","ast-featured-img":"","footer-sml-layout":"","theme-transparent-header-meta":"","adv-header-id-meta":"","stick-header-meta":"","header-above-stick-meta":"","header-main-stick-meta":"","header-below-stick-meta":"","astra-migrate-meta-layouts":"default","ast-page-background-enabled":"default","ast-page-background-meta":{"desktop":{"background-color":"var(--ast-global-color-5)","background-image":"","background-repeat":"repeat","background-position":"center center","background-size":"auto","background-attachment":"scroll","background-type":"","background-media":"","overlay-type":"","overlay-color":"","overlay-opacity":"","overlay-gradient":""},"tablet":{"background-color":"","background-image":"","background-repeat":"repeat","background-position":"center center","background-size":"auto","background-attachment":"scroll","background-type":"","background-media":"","overlay-type":"","overlay-color":"","overlay-opacity":"","overlay-gradient":""},"mobile":{"background-color":"","background-image":"","background-repeat":"repeat","background-position":"center center","background-size":"auto","background-attachment":"scroll","background-type":"","background-media":"","overlay-type":"","overlay-color":"","overlay-opacity":"","overlay-gradient":""}},"ast-content-background-meta":{"desktop":{"background-color":"var(--ast-global-color-4)","background-image":"","background-repeat":"repeat","background-position":"center center","background-size":"auto","background-attachment":"scroll","background-type":"","background-media":"","overlay-type":"","overlay-color":"","overlay-opacity":"","overlay-gradient":""},"tablet":{"background-color":"var(--ast-global-color-4)","background-image":"","background-repeat":"repeat","background-position":"center center","background-size":"auto","background-attachment":"scroll","background-type":"","background-media":"","overlay-type":"","overlay-color":"","overlay-opacity":"","overlay-gradient":""},"mobile":{"background-color":"var(--ast-global-color-4)","background-image":"","background-repeat":"repeat","background-position":"center center","background-size":"auto","background-attachment":"scroll","background-type":"","background-media":"","overlay-type":"","overlay-color":"","overlay-opacity":"","overlay-gradient":""}},"footnotes":""},"categories":[1,82,71,4,263],"tags":[],"class_list":["post-29475","post","type-post","status-publish","format-standard","has-post-thumbnail","hentry","category-general","category-nascuts-2013","category-noticies","category-portada","category-primaria"],"post_mailing_queue_ids":[],"_links":{"self":[{"href":"https:\/\/agora.xtec.cat\/escolacanfabra\/wp-json\/wp\/v2\/posts\/29475","targetHints":{"allow":["GET"]}}],"collection":[{"href":"https:\/\/agora.xtec.cat\/escolacanfabra\/wp-json\/wp\/v2\/posts"}],"about":[{"href":"https:\/\/agora.xtec.cat\/escolacanfabra\/wp-json\/wp\/v2\/types\/post"}],"author":[{"embeddable":true,"href":"https:\/\/agora.xtec.cat\/escolacanfabra\/wp-json\/wp\/v2\/users\/3"}],"replies":[{"embeddable":true,"href":"https:\/\/agora.xtec.cat\/escolacanfabra\/wp-json\/wp\/v2\/comments?post=29475"}],"version-history":[{"count":2,"href":"https:\/\/agora.xtec.cat\/escolacanfabra\/wp-json\/wp\/v2\/posts\/29475\/revisions"}],"predecessor-version":[{"id":29479,"href":"https:\/\/agora.xtec.cat\/escolacanfabra\/wp-json\/wp\/v2\/posts\/29475\/revisions\/29479"}],"wp:featuredmedia":[{"embeddable":true,"href":"https:\/\/agora.xtec.cat\/escolacanfabra\/wp-json\/wp\/v2\/media\/29477"}],"wp:attachment":[{"href":"https:\/\/agora.xtec.cat\/escolacanfabra\/wp-json\/wp\/v2\/media?parent=29475"}],"wp:term":[{"taxonomy":"category","embeddable":true,"href":"https:\/\/agora.xtec.cat\/escolacanfabra\/wp-json\/wp\/v2\/categories?post=29475"},{"taxonomy":"post_tag","embeddable":true,"href":"https:\/\/agora.xtec.cat\/escolacanfabra\/wp-json\/wp\/v2\/tags?post=29475"}],"curies":[{"name":"wp","href":"https:\/\/api.w.org\/{rel}","templated":true}]}}