{"id":29450,"date":"2023-06-06T09:12:55","date_gmt":"2023-06-06T07:12:55","guid":{"rendered":"https:\/\/agora.xtec.cat\/escolacanfabra\/?p=29450"},"modified":"2023-06-05T22:02:42","modified_gmt":"2023-06-05T20:02:42","slug":"inicial-final-del-taller-de-construccions-4t-grup","status":"publish","type":"post","link":"https:\/\/agora.xtec.cat\/escolacanfabra\/portada\/inicial-final-del-taller-de-construccions-4t-grup\/","title":{"rendered":"Inicial &#8211; FINAL DEL TALLER DE CONSTRUCCIONS (4t grup)"},"content":{"rendered":"<p>Amb el final de curs, arriba el final dels tallers. Dimecres passat vam fer l&#8217;\u00faltima sessi\u00f3 d&#8217;aquest \u00faltim grup que ha gaudit molt\u00edssim experimentant amb tots els materials que se&#8217;ls ha ofert: Lego,\u00a0<span class=\"hiddenSpellError\">Kappla<\/span>, cubs de fusta, fustes de colors, blocs magn\u00e8tics,\u00a0<span class=\"hiddenSpellError\">Banbby<\/span>, Melis,\u00a0<span class=\"hiddenSpellError\">Cugolino<\/span>&#8230; i tamb\u00e9 vam dedicar una estona a fer l&#8217;autoavaluaci\u00f3, per tal de veure com havia anat i si calia millorar alguna cosa, per pr\u00f2ximes ocasions.<\/p>\n<p>Est\u00e0 clar que, aquest taller, ha estat una molt bona experi\u00e8ncia i, encara que no siguin molt conscients, posen constantment en marxa diferents estrat\u00e8gies i coneixements per portar endavant les construccions que tenen en els seus caps o que els proposa algun company\/a, ja que han de tenir en compte les caracter\u00edstiques del material que utilitzaran.<\/p>\n<p><a href=\"https:\/\/agora.xtec.cat\/escolacanfabra\/album-fotos-2016a\/\">Aqu\u00ed teniu un recull de les \u00faltimes sessions<\/a> d&#8217;aquest \u00faltim grup del curs 2022-23.<\/p>\n<p>Ha estat un plaer acompanyar-los a tots i totes en els seus descobriments i creacions.<\/p>\n","protected":false},"excerpt":{"rendered":"<p>Amb el final de curs, arriba el final dels tallers. Dimecres passat vam fer l&#8217;\u00faltima sessi\u00f3 d&#8217;aquest \u00faltim grup que ha gaudit molt\u00edssim experimentant amb tots els materials que se&#8217;ls ha ofert: Lego,\u00a0Kappla, cubs de fusta, fustes de colors, blocs magn\u00e8tics,\u00a0Banbby, Melis,\u00a0Cugolino&#8230; i tamb\u00e9 vam dedicar una estona a fer l&#8217;autoavaluaci\u00f3, per tal de veure [&hellip;]<\/p>\n","protected":false},"author":3,"featured_media":29455,"comment_status":"open","ping_status":"closed","sticky":false,"template":"","format":"standard","meta":{"_bbp_topic_count":0,"_bbp_reply_count":0,"_bbp_total_topic_count":0,"_bbp_total_reply_count":0,"_bbp_voice_count":0,"_bbp_anonymous_reply_count":0,"_bbp_topic_count_hidden":0,"_bbp_reply_count_hidden":0,"_bbp_forum_subforum_count":0,"site-sidebar-layout":"default","site-content-layout":"","ast-site-content-layout":"","site-content-style":"default","site-sidebar-style":"default","ast-global-header-display":"","ast-banner-title-visibility":"","ast-main-header-display":"","ast-hfb-above-header-display":"","ast-hfb-below-header-display":"","ast-hfb-mobile-header-display":"","site-post-title":"","ast-breadcrumbs-content":"","ast-featured-img":"","footer-sml-layout":"","theme-transparent-header-meta":"","adv-header-id-meta":"","stick-header-meta":"","header-above-stick-meta":"","header-main-stick-meta":"","header-below-stick-meta":"","astra-migrate-meta-layouts":"default","ast-page-background-enabled":"default","ast-page-background-meta":{"desktop":{"background-color":"var(--ast-global-color-5)","background-image":"","background-repeat":"repeat","background-position":"center center","background-size":"auto","background-attachment":"scroll","background-type":"","background-media":"","overlay-type":"","overlay-color":"","overlay-opacity":"","overlay-gradient":""},"tablet":{"background-color":"","background-image":"","background-repeat":"repeat","background-position":"center center","background-size":"auto","background-attachment":"scroll","background-type":"","background-media":"","overlay-type":"","overlay-color":"","overlay-opacity":"","overlay-gradient":""},"mobile":{"background-color":"","background-image":"","background-repeat":"repeat","background-position":"center center","background-size":"auto","background-attachment":"scroll","background-type":"","background-media":"","overlay-type":"","overlay-color":"","overlay-opacity":"","overlay-gradient":""}},"ast-content-background-meta":{"desktop":{"background-color":"var(--ast-global-color-4)","background-image":"","background-repeat":"repeat","background-position":"center center","background-size":"auto","background-attachment":"scroll","background-type":"","background-media":"","overlay-type":"","overlay-color":"","overlay-opacity":"","overlay-gradient":""},"tablet":{"background-color":"var(--ast-global-color-4)","background-image":"","background-repeat":"repeat","background-position":"center center","background-size":"auto","background-attachment":"scroll","background-type":"","background-media":"","overlay-type":"","overlay-color":"","overlay-opacity":"","overlay-gradient":""},"mobile":{"background-color":"var(--ast-global-color-4)","background-image":"","background-repeat":"repeat","background-position":"center center","background-size":"auto","background-attachment":"scroll","background-type":"","background-media":"","overlay-type":"","overlay-color":"","overlay-opacity":"","overlay-gradient":""}},"footnotes":""},"categories":[241,262,4],"tags":[],"class_list":["post-29450","post","type-post","status-publish","format-standard","has-post-thumbnail","hentry","category-nascuts-2015","category-nascuts-2016","category-portada"],"post_mailing_queue_ids":[],"_links":{"self":[{"href":"https:\/\/agora.xtec.cat\/escolacanfabra\/wp-json\/wp\/v2\/posts\/29450","targetHints":{"allow":["GET"]}}],"collection":[{"href":"https:\/\/agora.xtec.cat\/escolacanfabra\/wp-json\/wp\/v2\/posts"}],"about":[{"href":"https:\/\/agora.xtec.cat\/escolacanfabra\/wp-json\/wp\/v2\/types\/post"}],"author":[{"embeddable":true,"href":"https:\/\/agora.xtec.cat\/escolacanfabra\/wp-json\/wp\/v2\/users\/3"}],"replies":[{"embeddable":true,"href":"https:\/\/agora.xtec.cat\/escolacanfabra\/wp-json\/wp\/v2\/comments?post=29450"}],"version-history":[{"count":1,"href":"https:\/\/agora.xtec.cat\/escolacanfabra\/wp-json\/wp\/v2\/posts\/29450\/revisions"}],"predecessor-version":[{"id":29456,"href":"https:\/\/agora.xtec.cat\/escolacanfabra\/wp-json\/wp\/v2\/posts\/29450\/revisions\/29456"}],"wp:featuredmedia":[{"embeddable":true,"href":"https:\/\/agora.xtec.cat\/escolacanfabra\/wp-json\/wp\/v2\/media\/29455"}],"wp:attachment":[{"href":"https:\/\/agora.xtec.cat\/escolacanfabra\/wp-json\/wp\/v2\/media?parent=29450"}],"wp:term":[{"taxonomy":"category","embeddable":true,"href":"https:\/\/agora.xtec.cat\/escolacanfabra\/wp-json\/wp\/v2\/categories?post=29450"},{"taxonomy":"post_tag","embeddable":true,"href":"https:\/\/agora.xtec.cat\/escolacanfabra\/wp-json\/wp\/v2\/tags?post=29450"}],"curies":[{"name":"wp","href":"https:\/\/api.w.org\/{rel}","templated":true}]}}