{"id":29438,"date":"2023-06-05T19:17:26","date_gmt":"2023-06-05T17:17:26","guid":{"rendered":"https:\/\/agora.xtec.cat\/escolacanfabra\/?p=29438"},"modified":"2023-06-05T19:17:26","modified_gmt":"2023-06-05T17:17:26","slug":"6e_biatlo-laser-run-i-visita-al-museu-olimpic","status":"publish","type":"post","link":"https:\/\/agora.xtec.cat\/escolacanfabra\/general\/6e_biatlo-laser-run-i-visita-al-museu-olimpic\/","title":{"rendered":"6\u00e8_BIATL\u00d3, L\u00c0SER RUN I VISITA AL MUSEU OL\u00cdMPIC"},"content":{"rendered":"<p>&nbsp;<\/p>\n<p><img loading=\"lazy\" decoding=\"async\" class=\"aligncenter\" src=\"https:\/\/encrypted-tbn0.gstatic.com\/images?q=tbn:ANd9GcRPkWKJf1exyA4qUAbZezoGnjsLmaabp84p0A&amp;usqp=CAU\" alt=\"21\u00e8 Biatl\u00f3 Escolar - YouTube\" width=\"375\" height=\"281\" \/><\/p>\n<p>El dimecres dia 31 de maig, els nens i nenes de 6\u00e8 van anar a fer l&#8217;activitat del Biatl\u00f3 i la L\u00e0ser Run. El biatl\u00f3 escolar \u00e9s un esdeveniment que permet als nois i noies viure l&#8217;esfor\u00e7 que requereix la participaci\u00f3 en una prova esportiva, i alhora relacionar-se amb alumnat d&#8217;altres centres. Al biatl\u00f3 es tracta de nedar 50 metres a la piscina i completar 1.500 metres de cursa a peu. I el L\u00e0ser Run, \u00e9s una prova del pentatl\u00f3 modern. Ens ho vam passar d&#8217;all\u00f2 m\u00e9s b\u00e9!<\/p>\n<p>I per aprofitar el dia, vam anar a visitar el Museu Ol\u00edmpic i ens va agradar molt!<\/p>\n<p>Aqu\u00ed teniu les fotos del dia del Biatl\u00f3 i de com ens vam preparar a l&#8217;escola a les sessions d&#8217;educaci\u00f3 F\u00edsica.<\/p>\n<p>Mems: <a href=\"https:\/\/agora.xtec.cat\/escolacanfabra\/album-fotos-2011a\/\">Preparaci\u00f3<\/a> + <a href=\"https:\/\/agora.xtec.cat\/escolacanfabra\/album-fotos-2011a\/\">Biatl\u00f3<\/a><\/p>\n<p>Fen\u00f2mens Paranormals: <a href=\"https:\/\/agora.xtec.cat\/escolacanfabra\/album-fotos-2011b\/\">Preparaci\u00f3<\/a> + <a href=\"https:\/\/agora.xtec.cat\/escolacanfabra\/album-fotos-2011b\/\">Biatl\u00f3<\/a><\/p>\n","protected":false},"excerpt":{"rendered":"<p>&nbsp; El dimecres dia 31 de maig, els nens i nenes de 6\u00e8 van anar a fer l&#8217;activitat del Biatl\u00f3 i la L\u00e0ser Run. El biatl\u00f3 escolar \u00e9s un esdeveniment que permet als nois i noies viure l&#8217;esfor\u00e7 que requereix la participaci\u00f3 en una prova esportiva, i alhora relacionar-se amb alumnat d&#8217;altres centres. Al biatl\u00f3 [&hellip;]<\/p>\n","protected":false},"author":3,"featured_media":0,"comment_status":"open","ping_status":"closed","sticky":false,"template":"","format":"standard","meta":{"_bbp_topic_count":0,"_bbp_reply_count":0,"_bbp_total_topic_count":0,"_bbp_total_reply_count":0,"_bbp_voice_count":0,"_bbp_anonymous_reply_count":0,"_bbp_topic_count_hidden":0,"_bbp_reply_count_hidden":0,"_bbp_forum_subforum_count":0,"site-sidebar-layout":"default","site-content-layout":"","ast-site-content-layout":"","site-content-style":"default","site-sidebar-style":"default","ast-global-header-display":"","ast-banner-title-visibility":"","ast-main-header-display":"","ast-hfb-above-header-display":"","ast-hfb-below-header-display":"","ast-hfb-mobile-header-display":"","site-post-title":"","ast-breadcrumbs-content":"","ast-featured-img":"","footer-sml-layout":"","theme-transparent-header-meta":"","adv-header-id-meta":"","stick-header-meta":"","header-above-stick-meta":"","header-main-stick-meta":"","header-below-stick-meta":"","astra-migrate-meta-layouts":"default","ast-page-background-enabled":"default","ast-page-background-meta":{"desktop":{"background-color":"var(--ast-global-color-5)","background-image":"","background-repeat":"repeat","background-position":"center center","background-size":"auto","background-attachment":"scroll","background-type":"","background-media":"","overlay-type":"","overlay-color":"","overlay-opacity":"","overlay-gradient":""},"tablet":{"background-color":"","background-image":"","background-repeat":"repeat","background-position":"center center","background-size":"auto","background-attachment":"scroll","background-type":"","background-media":"","overlay-type":"","overlay-color":"","overlay-opacity":"","overlay-gradient":""},"mobile":{"background-color":"","background-image":"","background-repeat":"repeat","background-position":"center center","background-size":"auto","background-attachment":"scroll","background-type":"","background-media":"","overlay-type":"","overlay-color":"","overlay-opacity":"","overlay-gradient":""}},"ast-content-background-meta":{"desktop":{"background-color":"var(--ast-global-color-4)","background-image":"","background-repeat":"repeat","background-position":"center center","background-size":"auto","background-attachment":"scroll","background-type":"","background-media":"","overlay-type":"","overlay-color":"","overlay-opacity":"","overlay-gradient":""},"tablet":{"background-color":"var(--ast-global-color-4)","background-image":"","background-repeat":"repeat","background-position":"center center","background-size":"auto","background-attachment":"scroll","background-type":"","background-media":"","overlay-type":"","overlay-color":"","overlay-opacity":"","overlay-gradient":""},"mobile":{"background-color":"var(--ast-global-color-4)","background-image":"","background-repeat":"repeat","background-position":"center center","background-size":"auto","background-attachment":"scroll","background-type":"","background-media":"","overlay-type":"","overlay-color":"","overlay-opacity":"","overlay-gradient":""}},"footnotes":""},"categories":[1,61,4,263],"tags":[],"class_list":["post-29438","post","type-post","status-publish","format-standard","hentry","category-general","category-nascuts-2011","category-portada","category-primaria"],"post_mailing_queue_ids":[],"_links":{"self":[{"href":"https:\/\/agora.xtec.cat\/escolacanfabra\/wp-json\/wp\/v2\/posts\/29438","targetHints":{"allow":["GET"]}}],"collection":[{"href":"https:\/\/agora.xtec.cat\/escolacanfabra\/wp-json\/wp\/v2\/posts"}],"about":[{"href":"https:\/\/agora.xtec.cat\/escolacanfabra\/wp-json\/wp\/v2\/types\/post"}],"author":[{"embeddable":true,"href":"https:\/\/agora.xtec.cat\/escolacanfabra\/wp-json\/wp\/v2\/users\/3"}],"replies":[{"embeddable":true,"href":"https:\/\/agora.xtec.cat\/escolacanfabra\/wp-json\/wp\/v2\/comments?post=29438"}],"version-history":[{"count":3,"href":"https:\/\/agora.xtec.cat\/escolacanfabra\/wp-json\/wp\/v2\/posts\/29438\/revisions"}],"predecessor-version":[{"id":29449,"href":"https:\/\/agora.xtec.cat\/escolacanfabra\/wp-json\/wp\/v2\/posts\/29438\/revisions\/29449"}],"wp:attachment":[{"href":"https:\/\/agora.xtec.cat\/escolacanfabra\/wp-json\/wp\/v2\/media?parent=29438"}],"wp:term":[{"taxonomy":"category","embeddable":true,"href":"https:\/\/agora.xtec.cat\/escolacanfabra\/wp-json\/wp\/v2\/categories?post=29438"},{"taxonomy":"post_tag","embeddable":true,"href":"https:\/\/agora.xtec.cat\/escolacanfabra\/wp-json\/wp\/v2\/tags?post=29438"}],"curies":[{"name":"wp","href":"https:\/\/api.w.org\/{rel}","templated":true}]}}