{"id":29336,"date":"2023-05-12T18:35:21","date_gmt":"2023-05-12T16:35:21","guid":{"rendered":"https:\/\/agora.xtec.cat\/escolacanfabra\/?p=29336"},"modified":"2023-05-12T18:35:21","modified_gmt":"2023-05-12T16:35:21","slug":"i3-i4-i5-marxem-de-colonies","status":"publish","type":"post","link":"https:\/\/agora.xtec.cat\/escolacanfabra\/infantil\/i3-i4-i5-marxem-de-colonies\/","title":{"rendered":"I3, I4, I5: MARXEM DE COL\u00d2NIES!"},"content":{"rendered":"<p>EI FAM\u00cdLIES!<\/p>\n<p>ELS M\u00c9S PETITS DE L&#8217;ESCOLA (I3, I4 I I5) HEM MARXAT DOS DIES DE COL\u00d2NIES! HEM PASSAT DOS DIES I UNA NIT A LA CASA DE COL\u00d2NIES &#8220;LA GRANJA&#8221; A SANTA MARIA DE PALAUTORDERA I HEM GAUDIT DE LA NATURA REALITZANT ACTIVITATS DE TOT TIPUS. HEM FEM CIRCUITS PER LA MUNTANYA, HEM DESCOBERT ELS ANIMALS DE LA GRANJA, ENS HEM LLEN\u00c7AT PER UN GRAN TOBOGAN, HEM CONSTRU\u00cfT CABANES, HEM CERCAT OBJECTES AMAGATS, HEM FET M\u00c0GIA, HEM CANTAT, HEM ESCOLTAT HIST\u00d2RIES&#8230; I, TOT PLEGAT, AMB LA FINALITAT DE CONVERTIR-NOS EN PIXIES I SUPERAR LES NOSTRES PORS!<\/p>\n<p>ENS HO HEM PASSAT D&#8217;ALL\u00d2 M\u00c9S B\u00c9 I VOLEM COMPARTIR AMB VOSALTRES ALGUNES IMATGES REPRESENTATIVES DE TOT ALL\u00d2 QUE HEM FET A LES COL\u00d2NIES. DESITGEM QUE US AGRADI I QUE COMPARTIU UN MOMENT BONIC AMB ELS VOSTRES FILLS I FILLES COMENTANT LES FOTOGRAFIES.<\/p>\n<p><a href=\"https:\/\/agora.xtec.cat\/escolacanfabra\/album-fotos-2019a\/\">I3 VA DE COL\u00d2NIES<\/a><\/p>\n<p><a href=\"https:\/\/agora.xtec.cat\/escolacanfabra\/album-fotos-2018a\/\">I4 VA DE COL\u00d2NIES<\/a><\/p>\n<p><a href=\"https:\/\/agora.xtec.cat\/escolacanfabra\/album-fotos-2017a\/\">I5 VA DE COL\u00d2NIES<\/a><\/p>\n","protected":false},"excerpt":{"rendered":"<p>EI FAM\u00cdLIES! ELS M\u00c9S PETITS DE L&#8217;ESCOLA (I3, I4 I I5) HEM MARXAT DOS DIES DE COL\u00d2NIES! HEM PASSAT DOS DIES I UNA NIT A LA CASA DE COL\u00d2NIES &#8220;LA GRANJA&#8221; A SANTA MARIA DE PALAUTORDERA I HEM GAUDIT DE LA NATURA REALITZANT ACTIVITATS DE TOT TIPUS. HEM FEM CIRCUITS PER LA MUNTANYA, HEM DESCOBERT [&hellip;]<\/p>\n","protected":false},"author":3,"featured_media":29337,"comment_status":"open","ping_status":"closed","sticky":false,"template":"","format":"standard","meta":{"_bbp_topic_count":0,"_bbp_reply_count":0,"_bbp_total_topic_count":0,"_bbp_total_reply_count":0,"_bbp_voice_count":0,"_bbp_anonymous_reply_count":0,"_bbp_topic_count_hidden":0,"_bbp_reply_count_hidden":0,"_bbp_forum_subforum_count":0,"site-sidebar-layout":"default","site-content-layout":"","ast-site-content-layout":"","site-content-style":"default","site-sidebar-style":"default","ast-global-header-display":"","ast-banner-title-visibility":"","ast-main-header-display":"","ast-hfb-above-header-display":"","ast-hfb-below-header-display":"","ast-hfb-mobile-header-display":"","site-post-title":"","ast-breadcrumbs-content":"","ast-featured-img":"","footer-sml-layout":"","theme-transparent-header-meta":"","adv-header-id-meta":"","stick-header-meta":"","header-above-stick-meta":"","header-main-stick-meta":"","header-below-stick-meta":"","astra-migrate-meta-layouts":"default","ast-page-background-enabled":"default","ast-page-background-meta":{"desktop":{"background-color":"var(--ast-global-color-5)","background-image":"","background-repeat":"repeat","background-position":"center center","background-size":"auto","background-attachment":"scroll","background-type":"","background-media":"","overlay-type":"","overlay-color":"","overlay-opacity":"","overlay-gradient":""},"tablet":{"background-color":"","background-image":"","background-repeat":"repeat","background-position":"center center","background-size":"auto","background-attachment":"scroll","background-type":"","background-media":"","overlay-type":"","overlay-color":"","overlay-opacity":"","overlay-gradient":""},"mobile":{"background-color":"","background-image":"","background-repeat":"repeat","background-position":"center center","background-size":"auto","background-attachment":"scroll","background-type":"","background-media":"","overlay-type":"","overlay-color":"","overlay-opacity":"","overlay-gradient":""}},"ast-content-background-meta":{"desktop":{"background-color":"var(--ast-global-color-4)","background-image":"","background-repeat":"repeat","background-position":"center center","background-size":"auto","background-attachment":"scroll","background-type":"","background-media":"","overlay-type":"","overlay-color":"","overlay-opacity":"","overlay-gradient":""},"tablet":{"background-color":"var(--ast-global-color-4)","background-image":"","background-repeat":"repeat","background-position":"center center","background-size":"auto","background-attachment":"scroll","background-type":"","background-media":"","overlay-type":"","overlay-color":"","overlay-opacity":"","overlay-gradient":""},"mobile":{"background-color":"var(--ast-global-color-4)","background-image":"","background-repeat":"repeat","background-position":"center center","background-size":"auto","background-attachment":"scroll","background-type":"","background-media":"","overlay-type":"","overlay-color":"","overlay-opacity":"","overlay-gradient":""}},"footnotes":""},"categories":[2,266,272,4],"tags":[],"class_list":["post-29336","post","type-post","status-publish","format-standard","has-post-thumbnail","hentry","category-infantil","category-nascuts-2017","category-nascuts-2019","category-portada"],"post_mailing_queue_ids":[],"_links":{"self":[{"href":"https:\/\/agora.xtec.cat\/escolacanfabra\/wp-json\/wp\/v2\/posts\/29336","targetHints":{"allow":["GET"]}}],"collection":[{"href":"https:\/\/agora.xtec.cat\/escolacanfabra\/wp-json\/wp\/v2\/posts"}],"about":[{"href":"https:\/\/agora.xtec.cat\/escolacanfabra\/wp-json\/wp\/v2\/types\/post"}],"author":[{"embeddable":true,"href":"https:\/\/agora.xtec.cat\/escolacanfabra\/wp-json\/wp\/v2\/users\/3"}],"replies":[{"embeddable":true,"href":"https:\/\/agora.xtec.cat\/escolacanfabra\/wp-json\/wp\/v2\/comments?post=29336"}],"version-history":[{"count":2,"href":"https:\/\/agora.xtec.cat\/escolacanfabra\/wp-json\/wp\/v2\/posts\/29336\/revisions"}],"predecessor-version":[{"id":29339,"href":"https:\/\/agora.xtec.cat\/escolacanfabra\/wp-json\/wp\/v2\/posts\/29336\/revisions\/29339"}],"wp:featuredmedia":[{"embeddable":true,"href":"https:\/\/agora.xtec.cat\/escolacanfabra\/wp-json\/wp\/v2\/media\/29337"}],"wp:attachment":[{"href":"https:\/\/agora.xtec.cat\/escolacanfabra\/wp-json\/wp\/v2\/media?parent=29336"}],"wp:term":[{"taxonomy":"category","embeddable":true,"href":"https:\/\/agora.xtec.cat\/escolacanfabra\/wp-json\/wp\/v2\/categories?post=29336"},{"taxonomy":"post_tag","embeddable":true,"href":"https:\/\/agora.xtec.cat\/escolacanfabra\/wp-json\/wp\/v2\/tags?post=29336"}],"curies":[{"name":"wp","href":"https:\/\/api.w.org\/{rel}","templated":true}]}}