{"id":29289,"date":"2023-05-10T19:02:03","date_gmt":"2023-05-10T17:02:03","guid":{"rendered":"https:\/\/agora.xtec.cat\/escolacanfabra\/?p=29289"},"modified":"2023-05-10T18:53:15","modified_gmt":"2023-05-10T16:53:15","slug":"1r-racons-de-treball-5a-proposta","status":"publish","type":"post","link":"https:\/\/agora.xtec.cat\/escolacanfabra\/portada\/1r-racons-de-treball-5a-proposta\/","title":{"rendered":"1rA &#8211; RACONS DE TREBALL: 5a proposta"},"content":{"rendered":"<p>Doncs ja hem acabat la cinquena ronda de racons de treball, la pen\u00faltima d&#8217;aquest curs que ja comen\u00e7a a fer baixada.\u00a0Aquestes han estat les propostes aquesta vegada:<\/p>\n<ul>\n<li><strong>Rac\u00f3 de jocs de taula<\/strong> amb <i>&#8220;piou piou&#8221;, de Djeco, <\/i>un joc de fins a 5 jugadors, on l&#8217;objectiu \u00e9s individual i s&#8217;ha\u00a0 d&#8217;aconseguir que surtin 3 pollets de l&#8217;ou.<\/li>\n<li><strong>Rac\u00f3 de l&#8217;ordinador<\/strong> on, amb activitats en l\u00ednia, hem treballat aspectes relacionats amb les sumes, les restes, les hores i la situaci\u00f3 dels nombres a la graella del 100.<\/li>\n<li><strong>Rac\u00f3 de penso i avan\u00e7o<\/strong> on, amb el joc de taula <em>&#8220;Slapzi&#8221;<\/em>, de L\u00fadilo, hem practicat la lectura i la comprensi\u00f3 lectora, amb normes adaptades per a incloure els diferents ritmes. <em>\u00a0<\/em><\/li>\n<li><strong>Rac\u00f3 sorpresa<\/strong> on hem continuat treballant programaci\u00f3 amb la introducci\u00f3 d&#8217;una nova App: Lightbot. En aquesta s&#8217;afegeix la dificultat de la tridimensionalitat i els salts.<\/li>\n<li><strong>Rac\u00f3 de pl\u00e0stica<\/strong> on hem fet creacions lliures primaverals amb la t\u00e8cnica de collage.<\/li>\n<\/ul>\n<p>Les estones de Racons acostumen a ser molt esperades i tot i que algunes vegades no podem fer la proposta\u00a0 que m\u00e9s ens ve de gust perqu\u00e8 ja est\u00e0 plena, sabem que, al pr\u00f2xim dia, hi haur\u00e0 una altra oportunitat. <a href=\"https:\/\/agora.xtec.cat\/escolacanfabra\/album-fotos-2016a\/\">Mireu aqu\u00ed el recull de fotos<\/a><\/p>\n","protected":false},"excerpt":{"rendered":"<p>Doncs ja hem acabat la cinquena ronda de racons de treball, la pen\u00faltima d&#8217;aquest curs que ja comen\u00e7a a fer baixada.\u00a0Aquestes han estat les propostes aquesta vegada: Rac\u00f3 de jocs de taula amb &#8220;piou piou&#8221;, de Djeco, un joc de fins a 5 jugadors, on l&#8217;objectiu \u00e9s individual i s&#8217;ha\u00a0 d&#8217;aconseguir que surtin 3 pollets [&hellip;]<\/p>\n","protected":false},"author":3,"featured_media":29290,"comment_status":"open","ping_status":"closed","sticky":false,"template":"","format":"standard","meta":{"_bbp_topic_count":0,"_bbp_reply_count":0,"_bbp_total_topic_count":0,"_bbp_total_reply_count":0,"_bbp_voice_count":0,"_bbp_anonymous_reply_count":0,"_bbp_topic_count_hidden":0,"_bbp_reply_count_hidden":0,"_bbp_forum_subforum_count":0,"site-sidebar-layout":"default","site-content-layout":"","ast-site-content-layout":"","site-content-style":"default","site-sidebar-style":"default","ast-global-header-display":"","ast-banner-title-visibility":"","ast-main-header-display":"","ast-hfb-above-header-display":"","ast-hfb-below-header-display":"","ast-hfb-mobile-header-display":"","site-post-title":"","ast-breadcrumbs-content":"","ast-featured-img":"","footer-sml-layout":"","theme-transparent-header-meta":"","adv-header-id-meta":"","stick-header-meta":"","header-above-stick-meta":"","header-main-stick-meta":"","header-below-stick-meta":"","astra-migrate-meta-layouts":"default","ast-page-background-enabled":"default","ast-page-background-meta":{"desktop":{"background-color":"var(--ast-global-color-5)","background-image":"","background-repeat":"repeat","background-position":"center center","background-size":"auto","background-attachment":"scroll","background-type":"","background-media":"","overlay-type":"","overlay-color":"","overlay-opacity":"","overlay-gradient":""},"tablet":{"background-color":"","background-image":"","background-repeat":"repeat","background-position":"center center","background-size":"auto","background-attachment":"scroll","background-type":"","background-media":"","overlay-type":"","overlay-color":"","overlay-opacity":"","overlay-gradient":""},"mobile":{"background-color":"","background-image":"","background-repeat":"repeat","background-position":"center center","background-size":"auto","background-attachment":"scroll","background-type":"","background-media":"","overlay-type":"","overlay-color":"","overlay-opacity":"","overlay-gradient":""}},"ast-content-background-meta":{"desktop":{"background-color":"var(--ast-global-color-4)","background-image":"","background-repeat":"repeat","background-position":"center center","background-size":"auto","background-attachment":"scroll","background-type":"","background-media":"","overlay-type":"","overlay-color":"","overlay-opacity":"","overlay-gradient":""},"tablet":{"background-color":"var(--ast-global-color-4)","background-image":"","background-repeat":"repeat","background-position":"center center","background-size":"auto","background-attachment":"scroll","background-type":"","background-media":"","overlay-type":"","overlay-color":"","overlay-opacity":"","overlay-gradient":""},"mobile":{"background-color":"var(--ast-global-color-4)","background-image":"","background-repeat":"repeat","background-position":"center center","background-size":"auto","background-attachment":"scroll","background-type":"","background-media":"","overlay-type":"","overlay-color":"","overlay-opacity":"","overlay-gradient":""}},"footnotes":""},"categories":[262,4],"tags":[],"class_list":["post-29289","post","type-post","status-publish","format-standard","has-post-thumbnail","hentry","category-nascuts-2016","category-portada"],"post_mailing_queue_ids":[],"_links":{"self":[{"href":"https:\/\/agora.xtec.cat\/escolacanfabra\/wp-json\/wp\/v2\/posts\/29289","targetHints":{"allow":["GET"]}}],"collection":[{"href":"https:\/\/agora.xtec.cat\/escolacanfabra\/wp-json\/wp\/v2\/posts"}],"about":[{"href":"https:\/\/agora.xtec.cat\/escolacanfabra\/wp-json\/wp\/v2\/types\/post"}],"author":[{"embeddable":true,"href":"https:\/\/agora.xtec.cat\/escolacanfabra\/wp-json\/wp\/v2\/users\/3"}],"replies":[{"embeddable":true,"href":"https:\/\/agora.xtec.cat\/escolacanfabra\/wp-json\/wp\/v2\/comments?post=29289"}],"version-history":[{"count":2,"href":"https:\/\/agora.xtec.cat\/escolacanfabra\/wp-json\/wp\/v2\/posts\/29289\/revisions"}],"predecessor-version":[{"id":29307,"href":"https:\/\/agora.xtec.cat\/escolacanfabra\/wp-json\/wp\/v2\/posts\/29289\/revisions\/29307"}],"wp:featuredmedia":[{"embeddable":true,"href":"https:\/\/agora.xtec.cat\/escolacanfabra\/wp-json\/wp\/v2\/media\/29290"}],"wp:attachment":[{"href":"https:\/\/agora.xtec.cat\/escolacanfabra\/wp-json\/wp\/v2\/media?parent=29289"}],"wp:term":[{"taxonomy":"category","embeddable":true,"href":"https:\/\/agora.xtec.cat\/escolacanfabra\/wp-json\/wp\/v2\/categories?post=29289"},{"taxonomy":"post_tag","embeddable":true,"href":"https:\/\/agora.xtec.cat\/escolacanfabra\/wp-json\/wp\/v2\/tags?post=29289"}],"curies":[{"name":"wp","href":"https:\/\/api.w.org\/{rel}","templated":true}]}}