{"id":29170,"date":"2023-04-23T19:55:36","date_gmt":"2023-04-23T17:55:36","guid":{"rendered":"https:\/\/agora.xtec.cat\/escolacanfabra\/?p=29170"},"modified":"2023-04-23T19:55:36","modified_gmt":"2023-04-23T17:55:36","slug":"1r-b-quin-barri-volem","status":"publish","type":"post","link":"https:\/\/agora.xtec.cat\/escolacanfabra\/portada\/1r-b-quin-barri-volem\/","title":{"rendered":"1r B &#8211; Quin barri volem?"},"content":{"rendered":"<p>La classe de les lib\u00e8l\u00b7lules ens volem sumar a la iniciativa del ve\u00efnat per transformar l&#8217;espai on es troba el mercat provisional de Sant Andreu en un espai lliure de cotxes.<\/p>\n<p>\u00c9s per aix\u00f2, que volem con\u00e8ixer quines s\u00f3n les principals fonts de contaminaci\u00f3 d&#8217;una ciutat com Barcelona (<a href=\"https:\/\/agora.xtec.cat\/escolacanfabra\/album-fotos-2016b\/\">fotos d&#8217;aula<\/a>), investigar com ens afecta, i proposar idees de millora per crear un espai verd al barri.<\/p>\n<p>L&#8217;objectiu final del projecte \u00e9s compartir la nostra opini\u00f3 amb arguments constru\u00efts al llarg del projecte.<\/p>\n<p>Perqu\u00e8 la veu dels infants, tamb\u00e9 volem que sigui escoltada.<\/p>\n<p><a href=\"https:\/\/agora.xtec.cat\/escolacanfabra\/wp-content\/uploads\/usu1954\/2023\/04\/Captura-de-pantalla-2023-04-23-a-las-19.50.00.png\"><img loading=\"lazy\" decoding=\"async\" class=\"alignnone size-large wp-image-29173\" src=\"https:\/\/agora.xtec.cat\/escolacanfabra\/wp-content\/uploads\/usu1954\/2023\/04\/Captura-de-pantalla-2023-04-23-a-las-19.50.00-1024x529.png\" alt=\"\" width=\"1024\" height=\"529\" srcset=\"https:\/\/agora.xtec.cat\/escolacanfabra\/wp-content\/uploads\/usu1954\/2023\/04\/Captura-de-pantalla-2023-04-23-a-las-19.50.00-1024x529.png 1024w, https:\/\/agora.xtec.cat\/escolacanfabra\/wp-content\/uploads\/usu1954\/2023\/04\/Captura-de-pantalla-2023-04-23-a-las-19.50.00-300x155.png 300w, https:\/\/agora.xtec.cat\/escolacanfabra\/wp-content\/uploads\/usu1954\/2023\/04\/Captura-de-pantalla-2023-04-23-a-las-19.50.00-768x397.png 768w, https:\/\/agora.xtec.cat\/escolacanfabra\/wp-content\/uploads\/usu1954\/2023\/04\/Captura-de-pantalla-2023-04-23-a-las-19.50.00.png 1203w\" sizes=\"auto, (max-width: 1024px) 100vw, 1024px\" \/><\/a><\/p>\n<p>&nbsp;<\/p>\n<p>&nbsp;<\/p>\n","protected":false},"excerpt":{"rendered":"<p>La classe de les lib\u00e8l\u00b7lules ens volem sumar a la iniciativa del ve\u00efnat per transformar l&#8217;espai on es troba el mercat provisional de Sant Andreu en un espai lliure de cotxes. \u00c9s per aix\u00f2, que volem con\u00e8ixer quines s\u00f3n les principals fonts de contaminaci\u00f3 d&#8217;una ciutat com Barcelona (fotos d&#8217;aula), investigar com ens afecta, i [&hellip;]<\/p>\n","protected":false},"author":3,"featured_media":29173,"comment_status":"open","ping_status":"closed","sticky":false,"template":"","format":"standard","meta":{"_bbp_topic_count":0,"_bbp_reply_count":0,"_bbp_total_topic_count":0,"_bbp_total_reply_count":0,"_bbp_voice_count":0,"_bbp_anonymous_reply_count":0,"_bbp_topic_count_hidden":0,"_bbp_reply_count_hidden":0,"_bbp_forum_subforum_count":0,"site-sidebar-layout":"default","site-content-layout":"","ast-site-content-layout":"","site-content-style":"default","site-sidebar-style":"default","ast-global-header-display":"","ast-banner-title-visibility":"","ast-main-header-display":"","ast-hfb-above-header-display":"","ast-hfb-below-header-display":"","ast-hfb-mobile-header-display":"","site-post-title":"","ast-breadcrumbs-content":"","ast-featured-img":"","footer-sml-layout":"","theme-transparent-header-meta":"","adv-header-id-meta":"","stick-header-meta":"","header-above-stick-meta":"","header-main-stick-meta":"","header-below-stick-meta":"","astra-migrate-meta-layouts":"default","ast-page-background-enabled":"default","ast-page-background-meta":{"desktop":{"background-color":"var(--ast-global-color-5)","background-image":"","background-repeat":"repeat","background-position":"center center","background-size":"auto","background-attachment":"scroll","background-type":"","background-media":"","overlay-type":"","overlay-color":"","overlay-opacity":"","overlay-gradient":""},"tablet":{"background-color":"","background-image":"","background-repeat":"repeat","background-position":"center center","background-size":"auto","background-attachment":"scroll","background-type":"","background-media":"","overlay-type":"","overlay-color":"","overlay-opacity":"","overlay-gradient":""},"mobile":{"background-color":"","background-image":"","background-repeat":"repeat","background-position":"center center","background-size":"auto","background-attachment":"scroll","background-type":"","background-media":"","overlay-type":"","overlay-color":"","overlay-opacity":"","overlay-gradient":""}},"ast-content-background-meta":{"desktop":{"background-color":"var(--ast-global-color-4)","background-image":"","background-repeat":"repeat","background-position":"center center","background-size":"auto","background-attachment":"scroll","background-type":"","background-media":"","overlay-type":"","overlay-color":"","overlay-opacity":"","overlay-gradient":""},"tablet":{"background-color":"var(--ast-global-color-4)","background-image":"","background-repeat":"repeat","background-position":"center center","background-size":"auto","background-attachment":"scroll","background-type":"","background-media":"","overlay-type":"","overlay-color":"","overlay-opacity":"","overlay-gradient":""},"mobile":{"background-color":"var(--ast-global-color-4)","background-image":"","background-repeat":"repeat","background-position":"center center","background-size":"auto","background-attachment":"scroll","background-type":"","background-media":"","overlay-type":"","overlay-color":"","overlay-opacity":"","overlay-gradient":""}},"footnotes":""},"categories":[262,4],"tags":[],"class_list":["post-29170","post","type-post","status-publish","format-standard","has-post-thumbnail","hentry","category-nascuts-2016","category-portada"],"post_mailing_queue_ids":[],"_links":{"self":[{"href":"https:\/\/agora.xtec.cat\/escolacanfabra\/wp-json\/wp\/v2\/posts\/29170","targetHints":{"allow":["GET"]}}],"collection":[{"href":"https:\/\/agora.xtec.cat\/escolacanfabra\/wp-json\/wp\/v2\/posts"}],"about":[{"href":"https:\/\/agora.xtec.cat\/escolacanfabra\/wp-json\/wp\/v2\/types\/post"}],"author":[{"embeddable":true,"href":"https:\/\/agora.xtec.cat\/escolacanfabra\/wp-json\/wp\/v2\/users\/3"}],"replies":[{"embeddable":true,"href":"https:\/\/agora.xtec.cat\/escolacanfabra\/wp-json\/wp\/v2\/comments?post=29170"}],"version-history":[{"count":3,"href":"https:\/\/agora.xtec.cat\/escolacanfabra\/wp-json\/wp\/v2\/posts\/29170\/revisions"}],"predecessor-version":[{"id":29179,"href":"https:\/\/agora.xtec.cat\/escolacanfabra\/wp-json\/wp\/v2\/posts\/29170\/revisions\/29179"}],"wp:featuredmedia":[{"embeddable":true,"href":"https:\/\/agora.xtec.cat\/escolacanfabra\/wp-json\/wp\/v2\/media\/29173"}],"wp:attachment":[{"href":"https:\/\/agora.xtec.cat\/escolacanfabra\/wp-json\/wp\/v2\/media?parent=29170"}],"wp:term":[{"taxonomy":"category","embeddable":true,"href":"https:\/\/agora.xtec.cat\/escolacanfabra\/wp-json\/wp\/v2\/categories?post=29170"},{"taxonomy":"post_tag","embeddable":true,"href":"https:\/\/agora.xtec.cat\/escolacanfabra\/wp-json\/wp\/v2\/tags?post=29170"}],"curies":[{"name":"wp","href":"https:\/\/api.w.org\/{rel}","templated":true}]}}