{"id":29109,"date":"2023-04-20T19:26:22","date_gmt":"2023-04-20T17:26:22","guid":{"rendered":"https:\/\/agora.xtec.cat\/escolacanfabra\/?p=29109"},"modified":"2023-04-20T19:26:22","modified_gmt":"2023-04-20T17:26:22","slug":"inicial-final-taller-de-construccions","status":"publish","type":"post","link":"https:\/\/agora.xtec.cat\/escolacanfabra\/portada\/inicial-final-taller-de-construccions\/","title":{"rendered":"Inicial &#8211; FINAL TALLER DE CONSTRUCCIONS"},"content":{"rendered":"<p>Abans de marxar a fer el descans de primavera, vam acabar les \u00faltimes sessions del taller de construccions del tercer grup d&#8217;infants de 1r i 2n!<\/p>\n<p>Com els altres grups, van continuar experimentant amb diversos materials: Lego,\u00a0<span class=\"hiddenSpellError\">Kappla<\/span>, cubs de fusta, fustes de colors, blocs magn\u00e8tics,\u00a0<span class=\"hiddenSpellError\">Banbby<\/span>, Melis,\u00a0<span class=\"hiddenSpellError\">Cugolino<\/span>&#8230; i, l&#8217;\u00faltim dia, vam dedicar una estona a fer l&#8217;autoavaluaci\u00f3, per tal de veure com havia anat i si calia millorar alguna cosa, per pr\u00f2ximes ocasions.<\/p>\n<p>Est\u00e0 clar que, aquest taller, va ser una molt bona experi\u00e8ncia i, encara que no eren del tot conscients, van posar en marxa diferents estrat\u00e8gies per portar endavant les construccions segons el material que utilitzaven i, en totes, havien de pensar per aconseguir fer-les cada cop m\u00e9s dif\u00edcils i elaborades, gaireb\u00e9 sempre amb \u00e8xit.<\/p>\n<p><a href=\"https:\/\/agora.xtec.cat\/escolacanfabra\/album-fotos-2016a\/\">Aqu\u00ed teniu un recull de les \u00faltimes sessions<\/a> d&#8217;aquest grup de la tercera ronda.<\/p>\n<p>La setmana vinent comen\u00e7arem la quarta i \u00faltima ronda d&#8217;aquest\u00a0curs!<\/p>\n","protected":false},"excerpt":{"rendered":"<p>Abans de marxar a fer el descans de primavera, vam acabar les \u00faltimes sessions del taller de construccions del tercer grup d&#8217;infants de 1r i 2n! Com els altres grups, van continuar experimentant amb diversos materials: Lego,\u00a0Kappla, cubs de fusta, fustes de colors, blocs magn\u00e8tics,\u00a0Banbby, Melis,\u00a0Cugolino&#8230; i, l&#8217;\u00faltim dia, vam dedicar una estona a fer [&hellip;]<\/p>\n","protected":false},"author":3,"featured_media":29112,"comment_status":"open","ping_status":"closed","sticky":false,"template":"","format":"standard","meta":{"_bbp_topic_count":0,"_bbp_reply_count":0,"_bbp_total_topic_count":0,"_bbp_total_reply_count":0,"_bbp_voice_count":0,"_bbp_anonymous_reply_count":0,"_bbp_topic_count_hidden":0,"_bbp_reply_count_hidden":0,"_bbp_forum_subforum_count":0,"site-sidebar-layout":"default","site-content-layout":"","ast-site-content-layout":"","site-content-style":"default","site-sidebar-style":"default","ast-global-header-display":"","ast-banner-title-visibility":"","ast-main-header-display":"","ast-hfb-above-header-display":"","ast-hfb-below-header-display":"","ast-hfb-mobile-header-display":"","site-post-title":"","ast-breadcrumbs-content":"","ast-featured-img":"","footer-sml-layout":"","theme-transparent-header-meta":"","adv-header-id-meta":"","stick-header-meta":"","header-above-stick-meta":"","header-main-stick-meta":"","header-below-stick-meta":"","astra-migrate-meta-layouts":"default","ast-page-background-enabled":"default","ast-page-background-meta":{"desktop":{"background-color":"var(--ast-global-color-5)","background-image":"","background-repeat":"repeat","background-position":"center center","background-size":"auto","background-attachment":"scroll","background-type":"","background-media":"","overlay-type":"","overlay-color":"","overlay-opacity":"","overlay-gradient":""},"tablet":{"background-color":"","background-image":"","background-repeat":"repeat","background-position":"center center","background-size":"auto","background-attachment":"scroll","background-type":"","background-media":"","overlay-type":"","overlay-color":"","overlay-opacity":"","overlay-gradient":""},"mobile":{"background-color":"","background-image":"","background-repeat":"repeat","background-position":"center center","background-size":"auto","background-attachment":"scroll","background-type":"","background-media":"","overlay-type":"","overlay-color":"","overlay-opacity":"","overlay-gradient":""}},"ast-content-background-meta":{"desktop":{"background-color":"var(--ast-global-color-4)","background-image":"","background-repeat":"repeat","background-position":"center center","background-size":"auto","background-attachment":"scroll","background-type":"","background-media":"","overlay-type":"","overlay-color":"","overlay-opacity":"","overlay-gradient":""},"tablet":{"background-color":"var(--ast-global-color-4)","background-image":"","background-repeat":"repeat","background-position":"center center","background-size":"auto","background-attachment":"scroll","background-type":"","background-media":"","overlay-type":"","overlay-color":"","overlay-opacity":"","overlay-gradient":""},"mobile":{"background-color":"var(--ast-global-color-4)","background-image":"","background-repeat":"repeat","background-position":"center center","background-size":"auto","background-attachment":"scroll","background-type":"","background-media":"","overlay-type":"","overlay-color":"","overlay-opacity":"","overlay-gradient":""}},"footnotes":""},"categories":[241,262,4],"tags":[],"class_list":["post-29109","post","type-post","status-publish","format-standard","has-post-thumbnail","hentry","category-nascuts-2015","category-nascuts-2016","category-portada"],"post_mailing_queue_ids":[],"_links":{"self":[{"href":"https:\/\/agora.xtec.cat\/escolacanfabra\/wp-json\/wp\/v2\/posts\/29109","targetHints":{"allow":["GET"]}}],"collection":[{"href":"https:\/\/agora.xtec.cat\/escolacanfabra\/wp-json\/wp\/v2\/posts"}],"about":[{"href":"https:\/\/agora.xtec.cat\/escolacanfabra\/wp-json\/wp\/v2\/types\/post"}],"author":[{"embeddable":true,"href":"https:\/\/agora.xtec.cat\/escolacanfabra\/wp-json\/wp\/v2\/users\/3"}],"replies":[{"embeddable":true,"href":"https:\/\/agora.xtec.cat\/escolacanfabra\/wp-json\/wp\/v2\/comments?post=29109"}],"version-history":[{"count":1,"href":"https:\/\/agora.xtec.cat\/escolacanfabra\/wp-json\/wp\/v2\/posts\/29109\/revisions"}],"predecessor-version":[{"id":29115,"href":"https:\/\/agora.xtec.cat\/escolacanfabra\/wp-json\/wp\/v2\/posts\/29109\/revisions\/29115"}],"wp:featuredmedia":[{"embeddable":true,"href":"https:\/\/agora.xtec.cat\/escolacanfabra\/wp-json\/wp\/v2\/media\/29112"}],"wp:attachment":[{"href":"https:\/\/agora.xtec.cat\/escolacanfabra\/wp-json\/wp\/v2\/media?parent=29109"}],"wp:term":[{"taxonomy":"category","embeddable":true,"href":"https:\/\/agora.xtec.cat\/escolacanfabra\/wp-json\/wp\/v2\/categories?post=29109"},{"taxonomy":"post_tag","embeddable":true,"href":"https:\/\/agora.xtec.cat\/escolacanfabra\/wp-json\/wp\/v2\/tags?post=29109"}],"curies":[{"name":"wp","href":"https:\/\/api.w.org\/{rel}","templated":true}]}}