{"id":29105,"date":"2023-04-20T13:10:17","date_gmt":"2023-04-20T11:10:17","guid":{"rendered":"https:\/\/agora.xtec.cat\/escolacanfabra\/?p=29105"},"modified":"2023-04-20T13:10:17","modified_gmt":"2023-04-20T11:10:17","slug":"3r-projecte-indestructibles-africa","status":"publish","type":"post","link":"https:\/\/agora.xtec.cat\/escolacanfabra\/portada\/3r-projecte-indestructibles-africa\/","title":{"rendered":"3r-PROJECTE INDESTRUCTIBLES \u00c0FRICA"},"content":{"rendered":"<p>Hola fam\u00edlies!<\/p>\n<p>A les dues classes de 3r continuem treballant amb el projecte iniciat al 2n trimestre Indestructibles \u00c0frica.<\/p>\n<p>Coses que hem fet:<\/p>\n<p><em><strong>-An\u00e0lisi del cam\u00ed que tenim per arribar a l&#8217;escola:<\/strong> <\/em>dist\u00e0ncia, transport, amb qui anem a l&#8217;escola i si trobem algun perill. Amb totes aquestes dades hem establit una comparativa amb el cam\u00ed que tenen alguns infants africans per anar a l&#8217;escola.<\/p>\n<p>-Estem preparant una <em><strong>videoconfer\u00e8ncia<\/strong><\/em> amb la Pili, una noia d&#8217;Ulldecona (Montsi\u00e0), que va decidir un dia marxar de viatge a Tanz\u00e0nia i all\u00ed es va quedar. Ha creat una empresa de viatges a Tanz\u00e0nia d&#8217;impacte positiu. Tamb\u00e9 ha creat la seva fam\u00edlia all\u00ed, per\u00f2 va decidir venir a Catalunya a tenir als seus fills. Tot aix\u00f2 ens ha fet reflexionar sobre els recursos hospitalaris que tenen all\u00e0 i els que tenim aqu\u00ed. Per fer aquesta videoconfer\u00e8ncia ens hem preparat amb uns v\u00eddeos que ella ha creat i hem fet un banc de preguntes agrupades per tem\u00e0tiques per a poder-la entrevistar.<\/p>\n<p>-Les converses que s&#8217;han donat a l&#8217;aula sobre aquest projecte ens han fet adonar que a les <em><strong>nostres classes tamb\u00e9 tenim fam\u00edlies d&#8217;altres pa\u00efsos o d&#8217;altres zones d&#8217;Espanya<\/strong> <\/em>que un bon dia van decidir venir a Barcelona a viure. Hem estat treballant l&#8217;estructura de la <em><strong>carta<\/strong><\/em> perqu\u00e8 tamb\u00e9 els convidarem a l&#8217;aula per a que ens ho expliquin.<\/p>\n<p>I aix\u00ed estem, estirant el fil tot el que podem amb els interessos dels mateixos infants, un aprenentatge significatiu que els servir\u00e0 per a la vida!<\/p>\n","protected":false},"excerpt":{"rendered":"<p>Hola fam\u00edlies! A les dues classes de 3r continuem treballant amb el projecte iniciat al 2n trimestre Indestructibles \u00c0frica. Coses que hem fet: -An\u00e0lisi del cam\u00ed que tenim per arribar a l&#8217;escola: dist\u00e0ncia, transport, amb qui anem a l&#8217;escola i si trobem algun perill. Amb totes aquestes dades hem establit una comparativa amb el cam\u00ed [&hellip;]<\/p>\n","protected":false},"author":3,"featured_media":29107,"comment_status":"open","ping_status":"closed","sticky":false,"template":"","format":"standard","meta":{"_bbp_topic_count":0,"_bbp_reply_count":0,"_bbp_total_topic_count":0,"_bbp_total_reply_count":0,"_bbp_voice_count":0,"_bbp_anonymous_reply_count":0,"_bbp_topic_count_hidden":0,"_bbp_reply_count_hidden":0,"_bbp_forum_subforum_count":0,"site-sidebar-layout":"default","site-content-layout":"","ast-site-content-layout":"","site-content-style":"default","site-sidebar-style":"default","ast-global-header-display":"","ast-banner-title-visibility":"","ast-main-header-display":"","ast-hfb-above-header-display":"","ast-hfb-below-header-display":"","ast-hfb-mobile-header-display":"","site-post-title":"","ast-breadcrumbs-content":"","ast-featured-img":"","footer-sml-layout":"","theme-transparent-header-meta":"","adv-header-id-meta":"","stick-header-meta":"","header-above-stick-meta":"","header-main-stick-meta":"","header-below-stick-meta":"","astra-migrate-meta-layouts":"default","ast-page-background-enabled":"default","ast-page-background-meta":{"desktop":{"background-color":"var(--ast-global-color-5)","background-image":"","background-repeat":"repeat","background-position":"center center","background-size":"auto","background-attachment":"scroll","background-type":"","background-media":"","overlay-type":"","overlay-color":"","overlay-opacity":"","overlay-gradient":""},"tablet":{"background-color":"","background-image":"","background-repeat":"repeat","background-position":"center center","background-size":"auto","background-attachment":"scroll","background-type":"","background-media":"","overlay-type":"","overlay-color":"","overlay-opacity":"","overlay-gradient":""},"mobile":{"background-color":"","background-image":"","background-repeat":"repeat","background-position":"center center","background-size":"auto","background-attachment":"scroll","background-type":"","background-media":"","overlay-type":"","overlay-color":"","overlay-opacity":"","overlay-gradient":""}},"ast-content-background-meta":{"desktop":{"background-color":"var(--ast-global-color-4)","background-image":"","background-repeat":"repeat","background-position":"center center","background-size":"auto","background-attachment":"scroll","background-type":"","background-media":"","overlay-type":"","overlay-color":"","overlay-opacity":"","overlay-gradient":""},"tablet":{"background-color":"var(--ast-global-color-4)","background-image":"","background-repeat":"repeat","background-position":"center center","background-size":"auto","background-attachment":"scroll","background-type":"","background-media":"","overlay-type":"","overlay-color":"","overlay-opacity":"","overlay-gradient":""},"mobile":{"background-color":"var(--ast-global-color-4)","background-image":"","background-repeat":"repeat","background-position":"center center","background-size":"auto","background-attachment":"scroll","background-type":"","background-media":"","overlay-type":"","overlay-color":"","overlay-opacity":"","overlay-gradient":""}},"footnotes":""},"categories":[71,4,263],"tags":[],"class_list":["post-29105","post","type-post","status-publish","format-standard","has-post-thumbnail","hentry","category-noticies","category-portada","category-primaria"],"post_mailing_queue_ids":[],"_links":{"self":[{"href":"https:\/\/agora.xtec.cat\/escolacanfabra\/wp-json\/wp\/v2\/posts\/29105","targetHints":{"allow":["GET"]}}],"collection":[{"href":"https:\/\/agora.xtec.cat\/escolacanfabra\/wp-json\/wp\/v2\/posts"}],"about":[{"href":"https:\/\/agora.xtec.cat\/escolacanfabra\/wp-json\/wp\/v2\/types\/post"}],"author":[{"embeddable":true,"href":"https:\/\/agora.xtec.cat\/escolacanfabra\/wp-json\/wp\/v2\/users\/3"}],"replies":[{"embeddable":true,"href":"https:\/\/agora.xtec.cat\/escolacanfabra\/wp-json\/wp\/v2\/comments?post=29105"}],"version-history":[{"count":2,"href":"https:\/\/agora.xtec.cat\/escolacanfabra\/wp-json\/wp\/v2\/posts\/29105\/revisions"}],"predecessor-version":[{"id":29108,"href":"https:\/\/agora.xtec.cat\/escolacanfabra\/wp-json\/wp\/v2\/posts\/29105\/revisions\/29108"}],"wp:featuredmedia":[{"embeddable":true,"href":"https:\/\/agora.xtec.cat\/escolacanfabra\/wp-json\/wp\/v2\/media\/29107"}],"wp:attachment":[{"href":"https:\/\/agora.xtec.cat\/escolacanfabra\/wp-json\/wp\/v2\/media?parent=29105"}],"wp:term":[{"taxonomy":"category","embeddable":true,"href":"https:\/\/agora.xtec.cat\/escolacanfabra\/wp-json\/wp\/v2\/categories?post=29105"},{"taxonomy":"post_tag","embeddable":true,"href":"https:\/\/agora.xtec.cat\/escolacanfabra\/wp-json\/wp\/v2\/tags?post=29105"}],"curies":[{"name":"wp","href":"https:\/\/api.w.org\/{rel}","templated":true}]}}