{"id":29054,"date":"2023-04-02T19:16:09","date_gmt":"2023-04-02T17:16:09","guid":{"rendered":"https:\/\/agora.xtec.cat\/escolacanfabra\/?p=29054"},"modified":"2023-04-02T19:18:07","modified_gmt":"2023-04-02T17:18:07","slug":"cm-taller-dhort","status":"publish","type":"post","link":"https:\/\/agora.xtec.cat\/escolacanfabra\/general\/cm-taller-dhort\/","title":{"rendered":"Cicle Mitj\u00e0-Taller d&#8217;hort"},"content":{"rendered":"<p>Benvolgudes fam\u00edlies,<\/p>\n<p>acabant el trimestre, Cicle Mitj\u00e0 hem finalitzat la <span class=\"hiddenGrammarError\">4ta<\/span>\u00a0<span class=\"hiddenGrammarError\" style=\"padding-bottom: 2px; background-image: url('..\/..\/..\/..\/..\/images\/squiggle.png'); background-repeat: repeat-x; background-position: left bottom; cursor: default; color: #000000; font-family: 'Open Sans', Helvetica, Arial, sans-serif; font-size: 16px; font-style: normal; font-variant-ligatures: normal; font-variant-caps: normal; font-weight: 300; letter-spacing: normal; orphans: 2; text-align: start; text-indent: 0px; text-transform: none; white-space: normal; widows: 2; word-spacing: 0px; -webkit-text-stroke-width: 0px; text-decoration-thickness: initial; text-decoration-style: initial; text-decoration-color: initial;\">ronda<\/span>\u00a0de tallers. En el taller de l&#8217;hort hem continuat amb les tasques de manteniment de les zones verdes del pati, traient males herbes i regant, i tamb\u00e9 manteniment del nostre hort, regant-lo i netejant-lo per sempre tenir-lo\u00a0a punt. A m\u00e9s, tamb\u00e9 hem tornat a plantar enciams i vam collir els espinacs i bledes que havien crescut molt. L&#8217;\u00faltim dia, tamb\u00e9 ens va visitar\u00a0<span class=\"hiddenSpellError\">I5B<\/span>,\u00a0perqu\u00e8\u00a0els\u00a0expliqu\u00e9ssim\u00a0quant triga una planta en\u00a0cr\u00e9ixer\u00a0des de la llavor, esperem que tot all\u00f2 que vam parlar durant la visita els hi serv\u00eds molt per al seu projecte! L&#8217;alumnat de cicle mitj\u00e0, vam estar molt contents de rebre aquesta visita.<\/p>\n<p>Aqu\u00ed us deixem un recull de <a href=\"https:\/\/agora.xtec.cat\/escolacanfabra\/album-fotos-2013a\/\">fotos<\/a> d&#8217;aquesta ronda, esperem que us agradin.<\/p>\n","protected":false},"excerpt":{"rendered":"<p>Benvolgudes fam\u00edlies, acabant el trimestre, Cicle Mitj\u00e0 hem finalitzat la 4ta\u00a0ronda\u00a0de tallers. En el taller de l&#8217;hort hem continuat amb les tasques de manteniment de les zones verdes del pati, traient males herbes i regant, i tamb\u00e9 manteniment del nostre hort, regant-lo i netejant-lo per sempre tenir-lo\u00a0a punt. A m\u00e9s, tamb\u00e9 hem tornat a plantar [&hellip;]<\/p>\n","protected":false},"author":3,"featured_media":28387,"comment_status":"open","ping_status":"closed","sticky":false,"template":"","format":"standard","meta":{"_bbp_topic_count":0,"_bbp_reply_count":0,"_bbp_total_topic_count":0,"_bbp_total_reply_count":0,"_bbp_voice_count":0,"_bbp_anonymous_reply_count":0,"_bbp_topic_count_hidden":0,"_bbp_reply_count_hidden":0,"_bbp_forum_subforum_count":0,"site-sidebar-layout":"default","site-content-layout":"","ast-site-content-layout":"","site-content-style":"default","site-sidebar-style":"default","ast-global-header-display":"","ast-banner-title-visibility":"","ast-main-header-display":"","ast-hfb-above-header-display":"","ast-hfb-below-header-display":"","ast-hfb-mobile-header-display":"","site-post-title":"","ast-breadcrumbs-content":"","ast-featured-img":"","footer-sml-layout":"","theme-transparent-header-meta":"","adv-header-id-meta":"","stick-header-meta":"","header-above-stick-meta":"","header-main-stick-meta":"","header-below-stick-meta":"","astra-migrate-meta-layouts":"default","ast-page-background-enabled":"default","ast-page-background-meta":{"desktop":{"background-color":"var(--ast-global-color-5)","background-image":"","background-repeat":"repeat","background-position":"center center","background-size":"auto","background-attachment":"scroll","background-type":"","background-media":"","overlay-type":"","overlay-color":"","overlay-opacity":"","overlay-gradient":""},"tablet":{"background-color":"","background-image":"","background-repeat":"repeat","background-position":"center center","background-size":"auto","background-attachment":"scroll","background-type":"","background-media":"","overlay-type":"","overlay-color":"","overlay-opacity":"","overlay-gradient":""},"mobile":{"background-color":"","background-image":"","background-repeat":"repeat","background-position":"center center","background-size":"auto","background-attachment":"scroll","background-type":"","background-media":"","overlay-type":"","overlay-color":"","overlay-opacity":"","overlay-gradient":""}},"ast-content-background-meta":{"desktop":{"background-color":"var(--ast-global-color-4)","background-image":"","background-repeat":"repeat","background-position":"center center","background-size":"auto","background-attachment":"scroll","background-type":"","background-media":"","overlay-type":"","overlay-color":"","overlay-opacity":"","overlay-gradient":""},"tablet":{"background-color":"var(--ast-global-color-4)","background-image":"","background-repeat":"repeat","background-position":"center center","background-size":"auto","background-attachment":"scroll","background-type":"","background-media":"","overlay-type":"","overlay-color":"","overlay-opacity":"","overlay-gradient":""},"mobile":{"background-color":"var(--ast-global-color-4)","background-image":"","background-repeat":"repeat","background-position":"center center","background-size":"auto","background-attachment":"scroll","background-type":"","background-media":"","overlay-type":"","overlay-color":"","overlay-opacity":"","overlay-gradient":""}},"footnotes":""},"categories":[1,82,4,263],"tags":[],"class_list":["post-29054","post","type-post","status-publish","format-standard","has-post-thumbnail","hentry","category-general","category-nascuts-2013","category-portada","category-primaria"],"post_mailing_queue_ids":[],"_links":{"self":[{"href":"https:\/\/agora.xtec.cat\/escolacanfabra\/wp-json\/wp\/v2\/posts\/29054","targetHints":{"allow":["GET"]}}],"collection":[{"href":"https:\/\/agora.xtec.cat\/escolacanfabra\/wp-json\/wp\/v2\/posts"}],"about":[{"href":"https:\/\/agora.xtec.cat\/escolacanfabra\/wp-json\/wp\/v2\/types\/post"}],"author":[{"embeddable":true,"href":"https:\/\/agora.xtec.cat\/escolacanfabra\/wp-json\/wp\/v2\/users\/3"}],"replies":[{"embeddable":true,"href":"https:\/\/agora.xtec.cat\/escolacanfabra\/wp-json\/wp\/v2\/comments?post=29054"}],"version-history":[{"count":2,"href":"https:\/\/agora.xtec.cat\/escolacanfabra\/wp-json\/wp\/v2\/posts\/29054\/revisions"}],"predecessor-version":[{"id":29060,"href":"https:\/\/agora.xtec.cat\/escolacanfabra\/wp-json\/wp\/v2\/posts\/29054\/revisions\/29060"}],"wp:featuredmedia":[{"embeddable":true,"href":"https:\/\/agora.xtec.cat\/escolacanfabra\/wp-json\/wp\/v2\/media\/28387"}],"wp:attachment":[{"href":"https:\/\/agora.xtec.cat\/escolacanfabra\/wp-json\/wp\/v2\/media?parent=29054"}],"wp:term":[{"taxonomy":"category","embeddable":true,"href":"https:\/\/agora.xtec.cat\/escolacanfabra\/wp-json\/wp\/v2\/categories?post=29054"},{"taxonomy":"post_tag","embeddable":true,"href":"https:\/\/agora.xtec.cat\/escolacanfabra\/wp-json\/wp\/v2\/tags?post=29054"}],"curies":[{"name":"wp","href":"https:\/\/api.w.org\/{rel}","templated":true}]}}