{"id":29015,"date":"2023-04-05T11:14:58","date_gmt":"2023-04-05T09:14:58","guid":{"rendered":"https:\/\/agora.xtec.cat\/escolacanfabra\/?p=29015"},"modified":"2023-04-05T11:15:08","modified_gmt":"2023-04-05T09:15:08","slug":"i4visitem-la-biblioteca","status":"publish","type":"post","link":"https:\/\/agora.xtec.cat\/escolacanfabra\/general\/i4visitem-la-biblioteca\/","title":{"rendered":"I4:VISITEM LA BIBLIOTECA"},"content":{"rendered":"<p>AQUESTA SETMANA HEM VISITAT LA BIBLIOTECA IGNASI IGL\u00c9SIAS &#8211; CAN FABRA. LA MARTA ENS HA REBUT I ENTREMIG DE LES NOSTRES JAQUETES HA APAREGUT EL CARNET DE LA BIBLIOTECA DE L&#8217;ANDREU BIGOTETS!<br \/>\nAIX\u00cd QUE L&#8217;HEM HAGUT D&#8217;ANAR A BUSCAR! TAL COM HEM PUJAT A LA SALA INFANTIL, ENS HEM TROBAT LA SEVA TAULA TOTA DESENDRE\u00c7ADA&#8230; QUIN MISTERI! ON SER\u00c0?<\/p>\n<p>MIRANT MIRANT, HEM DESCOBERT TRES MONSTRES ENTREMALIATS QUE S&#8217;HAVIEN EQUIVOCAT I ALS QUALS HEM HAGUT D&#8217;ENSENYAR LES LLETRES I COM HAN D&#8217;ESTAR A LA BIBLIOTECA; DESPR\u00c9S, ABANS D&#8217;ENTRAR A BUSCAR-LO AL LAVABO, HEM VIST UNA PILA DE LLIBRES A TERRA, QUIN EMBOLIC!! ENTRE TOTES I TOTS ELS HEM RECOLLIT AL CARRET\u00d3 DELS LLIBRES&#8230;<\/p>\n<p>NO HI HA MANERA DE TROBAR-LO&#8230; PER\u00d2 HEM DESCOBERT UNA M\u00c0QUINA DE RECOLLIR SILENCI DE L&#8217;ANDREU BIGOTETS!! LA MARTA ENS HA DEMANAT QUE F\u00c9SSIM SILENCI I AIX\u00cd OMPLIR LA M\u00c0QUINA I DEIXAR-LI PREPARADA A L&#8217;ANDREU&#8230;<\/p>\n<p>FINALMENT, HEM ANAT A LA ZONA DE CONTES INFANTILS, I ENTRE ELS LLIBRES&#8230; L&#8217;HEM TROBAT!!! ALL\u00c0 ESTAVA!!! LI HEM TORNAT EL SEU CARNET I HEM POGUT GAUDIR D&#8217;UNA ESTONA MIRANT CONTES. QUE B\u00c9 ENS HO HEM PASSAT, ENS HA ENCANTAT BUSCAR A L&#8217;ANDREU I DESCOBRIR ELS RACONS DE LA BIBLIOTECA!<\/p>\n<p><a href=\"https:\/\/agora.xtec.cat\/escolacanfabra\/album-fotos-2018a\/\">CALAMARS GEGANTS<\/a><\/p>\n<p><a href=\"https:\/\/agora.xtec.cat\/escolacanfabra\/album-fotos-2018b\/\">PEIXOS<\/a><\/p>\n","protected":false},"excerpt":{"rendered":"<p>AQUESTA SETMANA HEM VISITAT LA BIBLIOTECA IGNASI IGL\u00c9SIAS &#8211; CAN FABRA. LA MARTA ENS HA REBUT I ENTREMIG DE LES NOSTRES JAQUETES HA APAREGUT EL CARNET DE LA BIBLIOTECA DE L&#8217;ANDREU BIGOTETS! AIX\u00cd QUE L&#8217;HEM HAGUT D&#8217;ANAR A BUSCAR! TAL COM HEM PUJAT A LA SALA INFANTIL, ENS HEM TROBAT LA SEVA TAULA TOTA DESENDRE\u00c7ADA&#8230; [&hellip;]<\/p>\n","protected":false},"author":3,"featured_media":29083,"comment_status":"closed","ping_status":"closed","sticky":false,"template":"","format":"standard","meta":{"_bbp_topic_count":0,"_bbp_reply_count":0,"_bbp_total_topic_count":0,"_bbp_total_reply_count":0,"_bbp_voice_count":0,"_bbp_anonymous_reply_count":0,"_bbp_topic_count_hidden":0,"_bbp_reply_count_hidden":0,"_bbp_forum_subforum_count":0,"site-sidebar-layout":"default","site-content-layout":"","ast-site-content-layout":"","site-content-style":"default","site-sidebar-style":"default","ast-global-header-display":"","ast-banner-title-visibility":"","ast-main-header-display":"","ast-hfb-above-header-display":"","ast-hfb-below-header-display":"","ast-hfb-mobile-header-display":"","site-post-title":"","ast-breadcrumbs-content":"","ast-featured-img":"","footer-sml-layout":"","theme-transparent-header-meta":"","adv-header-id-meta":"","stick-header-meta":"","header-above-stick-meta":"","header-main-stick-meta":"","header-below-stick-meta":"","astra-migrate-meta-layouts":"default","ast-page-background-enabled":"default","ast-page-background-meta":{"desktop":{"background-color":"var(--ast-global-color-5)","background-image":"","background-repeat":"repeat","background-position":"center center","background-size":"auto","background-attachment":"scroll","background-type":"","background-media":"","overlay-type":"","overlay-color":"","overlay-opacity":"","overlay-gradient":""},"tablet":{"background-color":"","background-image":"","background-repeat":"repeat","background-position":"center center","background-size":"auto","background-attachment":"scroll","background-type":"","background-media":"","overlay-type":"","overlay-color":"","overlay-opacity":"","overlay-gradient":""},"mobile":{"background-color":"","background-image":"","background-repeat":"repeat","background-position":"center center","background-size":"auto","background-attachment":"scroll","background-type":"","background-media":"","overlay-type":"","overlay-color":"","overlay-opacity":"","overlay-gradient":""}},"ast-content-background-meta":{"desktop":{"background-color":"var(--ast-global-color-4)","background-image":"","background-repeat":"repeat","background-position":"center center","background-size":"auto","background-attachment":"scroll","background-type":"","background-media":"","overlay-type":"","overlay-color":"","overlay-opacity":"","overlay-gradient":""},"tablet":{"background-color":"var(--ast-global-color-4)","background-image":"","background-repeat":"repeat","background-position":"center center","background-size":"auto","background-attachment":"scroll","background-type":"","background-media":"","overlay-type":"","overlay-color":"","overlay-opacity":"","overlay-gradient":""},"mobile":{"background-color":"var(--ast-global-color-4)","background-image":"","background-repeat":"repeat","background-position":"center center","background-size":"auto","background-attachment":"scroll","background-type":"","background-media":"","overlay-type":"","overlay-color":"","overlay-opacity":"","overlay-gradient":""}},"footnotes":""},"categories":[1,4],"tags":[],"class_list":["post-29015","post","type-post","status-publish","format-standard","has-post-thumbnail","hentry","category-general","category-portada"],"post_mailing_queue_ids":[],"_links":{"self":[{"href":"https:\/\/agora.xtec.cat\/escolacanfabra\/wp-json\/wp\/v2\/posts\/29015","targetHints":{"allow":["GET"]}}],"collection":[{"href":"https:\/\/agora.xtec.cat\/escolacanfabra\/wp-json\/wp\/v2\/posts"}],"about":[{"href":"https:\/\/agora.xtec.cat\/escolacanfabra\/wp-json\/wp\/v2\/types\/post"}],"author":[{"embeddable":true,"href":"https:\/\/agora.xtec.cat\/escolacanfabra\/wp-json\/wp\/v2\/users\/3"}],"replies":[{"embeddable":true,"href":"https:\/\/agora.xtec.cat\/escolacanfabra\/wp-json\/wp\/v2\/comments?post=29015"}],"version-history":[{"count":2,"href":"https:\/\/agora.xtec.cat\/escolacanfabra\/wp-json\/wp\/v2\/posts\/29015\/revisions"}],"predecessor-version":[{"id":29084,"href":"https:\/\/agora.xtec.cat\/escolacanfabra\/wp-json\/wp\/v2\/posts\/29015\/revisions\/29084"}],"wp:featuredmedia":[{"embeddable":true,"href":"https:\/\/agora.xtec.cat\/escolacanfabra\/wp-json\/wp\/v2\/media\/29083"}],"wp:attachment":[{"href":"https:\/\/agora.xtec.cat\/escolacanfabra\/wp-json\/wp\/v2\/media?parent=29015"}],"wp:term":[{"taxonomy":"category","embeddable":true,"href":"https:\/\/agora.xtec.cat\/escolacanfabra\/wp-json\/wp\/v2\/categories?post=29015"},{"taxonomy":"post_tag","embeddable":true,"href":"https:\/\/agora.xtec.cat\/escolacanfabra\/wp-json\/wp\/v2\/tags?post=29015"}],"curies":[{"name":"wp","href":"https:\/\/api.w.org\/{rel}","templated":true}]}}