{"id":28983,"date":"2023-03-20T21:46:34","date_gmt":"2023-03-20T20:46:34","guid":{"rendered":"https:\/\/agora.xtec.cat\/escolacanfabra\/?p=28983"},"modified":"2023-03-30T15:47:25","modified_gmt":"2023-03-30T13:47:25","slug":"el-dia-de-la-dona-2","status":"publish","type":"post","link":"https:\/\/agora.xtec.cat\/escolacanfabra\/general\/el-dia-de-la-dona-2\/","title":{"rendered":"EL DIA DE LA DONA"},"content":{"rendered":"<p><img loading=\"lazy\" decoding=\"async\" class=\"aligncenter\" src=\"https:\/\/portal.edu.gva.es\/ceipmediterrani\/wp-content\/uploads\/sites\/620\/2021\/03\/5785_dia-de-la-dona-2017-777x417-1.jpg\" alt=\"8 DE MAR\u00c7, EL DIA DE LES DONES \u2013 CEIP MEDITERRANI\" width=\"429\" height=\"241\" \/><\/p>\n<p style=\"text-align: left;\">Cada 8 de\u00a0mar\u00e7\u00a0se celebra a tot el m\u00f3n,\u00a0el\u00a0Dia Internacional de la Dona. Un dia\u00a0en el qual\u00a0es commemora la lluita de les dones per la igualtat, el reconeixement i l&#8217;exercici dels seus drets, una hist\u00f2ria de lluita i superaci\u00f3 que,\u00a0com no podia ser d&#8217;altra forma, va protagonitzar un grup de dones.<\/p>\n<p style=\"text-align: left;\">Enguany vam\u00a0dur a terme\u00a0diferents activitats a l&#8217;escola que ens van ajudar a reflexionar amb els infants.\u00a0Dues\u00a0d&#8217;aquestes activitats van ser: la xerrada amb una futbolista, amb els nens i nenes de 5\u00e8 i la visita de les \u00e0vies, de la comissi\u00f3 d&#8217;avis i \u00e0vies, a l&#8217;estona del pati, on tots els nens i nenes vam poder gaudir d&#8217;una estoneta de jocs i contes amb elles.<\/p>\n<p>Aqu\u00ed teniu un recull de fotos:<\/p>\n<p>&#8211; <a href=\"https:\/\/agora.xtec.cat\/escolacanfabra\/serveis\/fotos-de-les-classes\/album-fotos-escola\/\">Visita d&#8217;una jugadora de futbol<\/a><\/p>\n<p>&#8211; <a href=\"https:\/\/agora.xtec.cat\/escolacanfabra\/serveis\/fotos-de-les-classes\/album-fotos-escola\/\">Jocs al pati amb les \u00e0vies<\/a><\/p>\n","protected":false},"excerpt":{"rendered":"<p>Cada 8 de\u00a0mar\u00e7\u00a0se celebra a tot el m\u00f3n,\u00a0el\u00a0Dia Internacional de la Dona. Un dia\u00a0en el qual\u00a0es commemora la lluita de les dones per la igualtat, el reconeixement i l&#8217;exercici dels seus drets, una hist\u00f2ria de lluita i superaci\u00f3 que,\u00a0com no podia ser d&#8217;altra forma, va protagonitzar un grup de dones. Enguany vam\u00a0dur a terme\u00a0diferents activitats [&hellip;]<\/p>\n","protected":false},"author":3,"featured_media":0,"comment_status":"open","ping_status":"closed","sticky":false,"template":"","format":"standard","meta":{"_bbp_topic_count":0,"_bbp_reply_count":0,"_bbp_total_topic_count":0,"_bbp_total_reply_count":0,"_bbp_voice_count":0,"_bbp_anonymous_reply_count":0,"_bbp_topic_count_hidden":0,"_bbp_reply_count_hidden":0,"_bbp_forum_subforum_count":0,"site-sidebar-layout":"default","site-content-layout":"","ast-site-content-layout":"","site-content-style":"default","site-sidebar-style":"default","ast-global-header-display":"","ast-banner-title-visibility":"","ast-main-header-display":"","ast-hfb-above-header-display":"","ast-hfb-below-header-display":"","ast-hfb-mobile-header-display":"","site-post-title":"","ast-breadcrumbs-content":"","ast-featured-img":"","footer-sml-layout":"","theme-transparent-header-meta":"","adv-header-id-meta":"","stick-header-meta":"","header-above-stick-meta":"","header-main-stick-meta":"","header-below-stick-meta":"","astra-migrate-meta-layouts":"default","ast-page-background-enabled":"default","ast-page-background-meta":{"desktop":{"background-color":"var(--ast-global-color-5)","background-image":"","background-repeat":"repeat","background-position":"center center","background-size":"auto","background-attachment":"scroll","background-type":"","background-media":"","overlay-type":"","overlay-color":"","overlay-opacity":"","overlay-gradient":""},"tablet":{"background-color":"","background-image":"","background-repeat":"repeat","background-position":"center center","background-size":"auto","background-attachment":"scroll","background-type":"","background-media":"","overlay-type":"","overlay-color":"","overlay-opacity":"","overlay-gradient":""},"mobile":{"background-color":"","background-image":"","background-repeat":"repeat","background-position":"center center","background-size":"auto","background-attachment":"scroll","background-type":"","background-media":"","overlay-type":"","overlay-color":"","overlay-opacity":"","overlay-gradient":""}},"ast-content-background-meta":{"desktop":{"background-color":"var(--ast-global-color-4)","background-image":"","background-repeat":"repeat","background-position":"center center","background-size":"auto","background-attachment":"scroll","background-type":"","background-media":"","overlay-type":"","overlay-color":"","overlay-opacity":"","overlay-gradient":""},"tablet":{"background-color":"var(--ast-global-color-4)","background-image":"","background-repeat":"repeat","background-position":"center center","background-size":"auto","background-attachment":"scroll","background-type":"","background-media":"","overlay-type":"","overlay-color":"","overlay-opacity":"","overlay-gradient":""},"mobile":{"background-color":"var(--ast-global-color-4)","background-image":"","background-repeat":"repeat","background-position":"center center","background-size":"auto","background-attachment":"scroll","background-type":"","background-media":"","overlay-type":"","overlay-color":"","overlay-opacity":"","overlay-gradient":""}},"footnotes":""},"categories":[1,2,61,133,82,241,262,266,272,263],"tags":[],"class_list":["post-28983","post","type-post","status-publish","format-standard","hentry","category-general","category-infantil","category-nascuts-2011","category-nascuts-2012","category-nascuts-2013","category-nascuts-2015","category-nascuts-2016","category-nascuts-2017","category-nascuts-2019","category-primaria"],"post_mailing_queue_ids":[],"_links":{"self":[{"href":"https:\/\/agora.xtec.cat\/escolacanfabra\/wp-json\/wp\/v2\/posts\/28983","targetHints":{"allow":["GET"]}}],"collection":[{"href":"https:\/\/agora.xtec.cat\/escolacanfabra\/wp-json\/wp\/v2\/posts"}],"about":[{"href":"https:\/\/agora.xtec.cat\/escolacanfabra\/wp-json\/wp\/v2\/types\/post"}],"author":[{"embeddable":true,"href":"https:\/\/agora.xtec.cat\/escolacanfabra\/wp-json\/wp\/v2\/users\/3"}],"replies":[{"embeddable":true,"href":"https:\/\/agora.xtec.cat\/escolacanfabra\/wp-json\/wp\/v2\/comments?post=28983"}],"version-history":[{"count":3,"href":"https:\/\/agora.xtec.cat\/escolacanfabra\/wp-json\/wp\/v2\/posts\/28983\/revisions"}],"predecessor-version":[{"id":29000,"href":"https:\/\/agora.xtec.cat\/escolacanfabra\/wp-json\/wp\/v2\/posts\/28983\/revisions\/29000"}],"wp:attachment":[{"href":"https:\/\/agora.xtec.cat\/escolacanfabra\/wp-json\/wp\/v2\/media?parent=28983"}],"wp:term":[{"taxonomy":"category","embeddable":true,"href":"https:\/\/agora.xtec.cat\/escolacanfabra\/wp-json\/wp\/v2\/categories?post=28983"},{"taxonomy":"post_tag","embeddable":true,"href":"https:\/\/agora.xtec.cat\/escolacanfabra\/wp-json\/wp\/v2\/tags?post=28983"}],"curies":[{"name":"wp","href":"https:\/\/api.w.org\/{rel}","templated":true}]}}