{"id":28846,"date":"2023-03-14T18:02:42","date_gmt":"2023-03-14T17:02:42","guid":{"rendered":"https:\/\/agora.xtec.cat\/escolacanfabra\/?p=28846"},"modified":"2023-03-14T18:02:42","modified_gmt":"2023-03-14T17:02:42","slug":"i5b-visita-a-la-biblioteca-ignasi-iglesias-can-fabra","status":"publish","type":"post","link":"https:\/\/agora.xtec.cat\/escolacanfabra\/general\/i5b-visita-a-la-biblioteca-ignasi-iglesias-can-fabra\/","title":{"rendered":"I5B: VISITA A LA BIBLIOTECA IGNASI IGL\u00c9SIAS &#8211; CAN FABRA"},"content":{"rendered":"<p>EL PASSAT DIVENDRES, LA CLASSE DE LES PLANTES CARN\u00cdVORES, VAM GAUDIR AMB LA VISITA A LA BIBLIOTECA IGNASI IGL\u00c9SIAS &#8211; CAN FABRA. VAM ENDINSAR-NOS EN EL M\u00d3N M\u00c0GIC DE LA BIBLIOTECA DESCOBRINT HIST\u00d2RIES I TOT TIPUS DE LLIBRES, CONTES I ALTRES MATERIALS QUE PODEM TROBAR A LA SALA INFANTIL DE LA BIBLIOTECA.<\/p>\n<p>ENS VAM RETROBAR AMB EL NOSTRE ESTIMAT ANDREU BIGOTETS EL QUAL ENS VA DEIXAR UNES PISTES PER TAL QUE, ACOMPANYATS DE LA MARTA, LA BIBLIOTEC\u00c0RIA, LI PREPAR\u00c9SSIM MATERIAL INTERESSANT PER TENIR EN PR\u00c9STEC AL LLARG DE LA SETMANA.<\/p>\n<p>ENS HO VAM PASSAR D&#8217;ALL\u00d2 M\u00c9S B\u00c9 DESCOBRINT QU\u00c8 VOLIEN DIR ELS S\u00cdMBOLS QUE APAREIXIEN AL LLOM DELS LLIBRES O DINS DE LA FUNDA DELS DVDS&#8230; MENTRE DESCOBR\u00cdEM ELS DIFERENTS RACONS DE LA BIBLIOTECA, I ELS TRESORS QUE EN ELLA S&#8217;AMAGUEN, LA MARTA ENS VA EXPLICAR CONTES I HIST\u00d2RIES DIVERTIDES, M\u00c0GIQUES I ENCISADORES.<\/p>\n<p>QUAN JA VAM HAVER TRIAT ALL\u00d2 QUE VOL\u00cdEM AGAFAR-LI EN PR\u00c9STEC A L&#8217;ANDREU BIGOTETS, LA MARTA ENS VA EXPLICAR COM FUNCIONAVA LA M\u00c0QUINA PER A FER EL PR\u00c9STEC. QU\u00c8 INTERESSANT!<\/p>\n<p>FAM\u00cdLIES US ANIMEM A ACOMPANYAR ELS VOSTRES FILLS I FILLES A SEGUIR DESCOBRINT LA M\u00c0GIA DE LA BIBLIOTECA! <a href=\"https:\/\/agora.xtec.cat\/escolacanfabra\/album-fotos-2017b\/\">AQU\u00cd<\/a> US DEIXEM UN TASTET DE LA NOSTRA VISITA. ESPEREM QUE GAUDIU VEIENT LES FOTOS AMB ELS VOSTRES FILLS I FILLES.<\/p>\n","protected":false},"excerpt":{"rendered":"<p>EL PASSAT DIVENDRES, LA CLASSE DE LES PLANTES CARN\u00cdVORES, VAM GAUDIR AMB LA VISITA A LA BIBLIOTECA IGNASI IGL\u00c9SIAS &#8211; CAN FABRA. VAM ENDINSAR-NOS EN EL M\u00d3N M\u00c0GIC DE LA BIBLIOTECA DESCOBRINT HIST\u00d2RIES I TOT TIPUS DE LLIBRES, CONTES I ALTRES MATERIALS QUE PODEM TROBAR A LA SALA INFANTIL DE LA BIBLIOTECA. ENS VAM RETROBAR [&hellip;]<\/p>\n","protected":false},"author":3,"featured_media":28770,"comment_status":"open","ping_status":"closed","sticky":false,"template":"","format":"standard","meta":{"_bbp_topic_count":0,"_bbp_reply_count":0,"_bbp_total_topic_count":0,"_bbp_total_reply_count":0,"_bbp_voice_count":0,"_bbp_anonymous_reply_count":0,"_bbp_topic_count_hidden":0,"_bbp_reply_count_hidden":0,"_bbp_forum_subforum_count":0,"site-sidebar-layout":"default","site-content-layout":"","ast-site-content-layout":"","site-content-style":"default","site-sidebar-style":"default","ast-global-header-display":"","ast-banner-title-visibility":"","ast-main-header-display":"","ast-hfb-above-header-display":"","ast-hfb-below-header-display":"","ast-hfb-mobile-header-display":"","site-post-title":"","ast-breadcrumbs-content":"","ast-featured-img":"","footer-sml-layout":"","theme-transparent-header-meta":"","adv-header-id-meta":"","stick-header-meta":"","header-above-stick-meta":"","header-main-stick-meta":"","header-below-stick-meta":"","astra-migrate-meta-layouts":"default","ast-page-background-enabled":"default","ast-page-background-meta":{"desktop":{"background-color":"var(--ast-global-color-5)","background-image":"","background-repeat":"repeat","background-position":"center center","background-size":"auto","background-attachment":"scroll","background-type":"","background-media":"","overlay-type":"","overlay-color":"","overlay-opacity":"","overlay-gradient":""},"tablet":{"background-color":"","background-image":"","background-repeat":"repeat","background-position":"center center","background-size":"auto","background-attachment":"scroll","background-type":"","background-media":"","overlay-type":"","overlay-color":"","overlay-opacity":"","overlay-gradient":""},"mobile":{"background-color":"","background-image":"","background-repeat":"repeat","background-position":"center center","background-size":"auto","background-attachment":"scroll","background-type":"","background-media":"","overlay-type":"","overlay-color":"","overlay-opacity":"","overlay-gradient":""}},"ast-content-background-meta":{"desktop":{"background-color":"var(--ast-global-color-4)","background-image":"","background-repeat":"repeat","background-position":"center center","background-size":"auto","background-attachment":"scroll","background-type":"","background-media":"","overlay-type":"","overlay-color":"","overlay-opacity":"","overlay-gradient":""},"tablet":{"background-color":"var(--ast-global-color-4)","background-image":"","background-repeat":"repeat","background-position":"center center","background-size":"auto","background-attachment":"scroll","background-type":"","background-media":"","overlay-type":"","overlay-color":"","overlay-opacity":"","overlay-gradient":""},"mobile":{"background-color":"var(--ast-global-color-4)","background-image":"","background-repeat":"repeat","background-position":"center center","background-size":"auto","background-attachment":"scroll","background-type":"","background-media":"","overlay-type":"","overlay-color":"","overlay-opacity":"","overlay-gradient":""}},"footnotes":""},"categories":[1,266,4],"tags":[],"class_list":["post-28846","post","type-post","status-publish","format-standard","has-post-thumbnail","hentry","category-general","category-nascuts-2017","category-portada"],"post_mailing_queue_ids":[],"_links":{"self":[{"href":"https:\/\/agora.xtec.cat\/escolacanfabra\/wp-json\/wp\/v2\/posts\/28846","targetHints":{"allow":["GET"]}}],"collection":[{"href":"https:\/\/agora.xtec.cat\/escolacanfabra\/wp-json\/wp\/v2\/posts"}],"about":[{"href":"https:\/\/agora.xtec.cat\/escolacanfabra\/wp-json\/wp\/v2\/types\/post"}],"author":[{"embeddable":true,"href":"https:\/\/agora.xtec.cat\/escolacanfabra\/wp-json\/wp\/v2\/users\/3"}],"replies":[{"embeddable":true,"href":"https:\/\/agora.xtec.cat\/escolacanfabra\/wp-json\/wp\/v2\/comments?post=28846"}],"version-history":[{"count":1,"href":"https:\/\/agora.xtec.cat\/escolacanfabra\/wp-json\/wp\/v2\/posts\/28846\/revisions"}],"predecessor-version":[{"id":28847,"href":"https:\/\/agora.xtec.cat\/escolacanfabra\/wp-json\/wp\/v2\/posts\/28846\/revisions\/28847"}],"wp:featuredmedia":[{"embeddable":true,"href":"https:\/\/agora.xtec.cat\/escolacanfabra\/wp-json\/wp\/v2\/media\/28770"}],"wp:attachment":[{"href":"https:\/\/agora.xtec.cat\/escolacanfabra\/wp-json\/wp\/v2\/media?parent=28846"}],"wp:term":[{"taxonomy":"category","embeddable":true,"href":"https:\/\/agora.xtec.cat\/escolacanfabra\/wp-json\/wp\/v2\/categories?post=28846"},{"taxonomy":"post_tag","embeddable":true,"href":"https:\/\/agora.xtec.cat\/escolacanfabra\/wp-json\/wp\/v2\/tags?post=28846"}],"curies":[{"name":"wp","href":"https:\/\/api.w.org\/{rel}","templated":true}]}}