{"id":28681,"date":"2023-02-21T20:34:34","date_gmt":"2023-02-21T19:34:34","guid":{"rendered":"https:\/\/agora.xtec.cat\/escolacanfabra\/?p=28681"},"modified":"2023-02-22T16:16:31","modified_gmt":"2023-02-22T15:16:31","slug":"5e-projecte-la-meva-merce-i-altres-contes","status":"publish","type":"post","link":"https:\/\/agora.xtec.cat\/escolacanfabra\/general\/5e-projecte-la-meva-merce-i-altres-contes\/","title":{"rendered":"5\u00e8: Projecte &#8220;La meva Merc\u00e8 i altres contes&#8221;"},"content":{"rendered":"<p><span style=\"font-weight: 400;\">Al llarg del primer trimestre, a les sessions de llengua catalana, l&#8217;alumnat de 5\u00e8 ha participat en un projecte sobre el llibre de contes escrit per la Merc\u00e8 Rodoreda &#8220;La noieta daurada i altres contes&#8221;. El projecte es basava en la tria de set dels contes del llibre (La truita, La darrera bruixa, Les fades, L&#8217;oreneta, La guardiola, El rodacamins i Les pomes trapasseres), explicar-los als infants de les dues classes, veure com els rebien, fer-ne una adaptaci\u00f3 en petits grups i, finalment, triar una de les adaptacions per tal que en pogu\u00e9s sorgir un audioconte. En aquest projecte hi hem participat sis escoles de Catalunya i de totes les adaptacions realitzades se n&#8217;han fet audiocontes.<\/span><\/p>\n<p>D&#8217;entre tots els contes creats per la classe del Futbol i la classe dels Diamants, em vam fusionar dos per tal de fer-ne un d&#8217;\u00fanic; aix\u00ed va n\u00e9ixer la hist\u00f2ria de les &#8220;Bruixes, fades i coixins&#8221;. El projecte de recerca &#8220;La meva Merc\u00e8 i altres contes. Una mirada a la infantesa&#8221; de la Judith Barn\u00e9s, ha estat locutat per l&#8217;actriu, titellaire i professora de teatre Marta Esmarats.<\/p>\n<p>En aquest enlla\u00e7 podeu veure tot el <a href=\"https:\/\/agora.xtec.cat\/escolacanfabra\/serveis\/fotos-de-les-classes\/album-fotos-escola\/\">proc\u00e9s de realitzaci\u00f3<\/a> d&#8217;aquest projecte.<\/p>\n<p>Aqu\u00ed podeu escoltar els 6 <a href=\"https:\/\/agora.xtec.cat\/escolacanfabra\/serveis\/fotos-de-les-classes\/album-fotos-escola\/\">audiocontes<\/a> creats per diferents escoles de Catalunya.<\/p>\n","protected":false},"excerpt":{"rendered":"<p>Al llarg del primer trimestre, a les sessions de llengua catalana, l&#8217;alumnat de 5\u00e8 ha participat en un projecte sobre el llibre de contes escrit per la Merc\u00e8 Rodoreda &#8220;La noieta daurada i altres contes&#8221;. El projecte es basava en la tria de set dels contes del llibre (La truita, La darrera bruixa, Les fades, [&hellip;]<\/p>\n","protected":false},"author":3,"featured_media":28684,"comment_status":"open","ping_status":"closed","sticky":false,"template":"","format":"standard","meta":{"_bbp_topic_count":0,"_bbp_reply_count":0,"_bbp_total_topic_count":0,"_bbp_total_reply_count":0,"_bbp_voice_count":0,"_bbp_anonymous_reply_count":0,"_bbp_topic_count_hidden":0,"_bbp_reply_count_hidden":0,"_bbp_forum_subforum_count":0,"site-sidebar-layout":"default","site-content-layout":"","ast-site-content-layout":"","site-content-style":"default","site-sidebar-style":"default","ast-global-header-display":"","ast-banner-title-visibility":"","ast-main-header-display":"","ast-hfb-above-header-display":"","ast-hfb-below-header-display":"","ast-hfb-mobile-header-display":"","site-post-title":"","ast-breadcrumbs-content":"","ast-featured-img":"","footer-sml-layout":"","theme-transparent-header-meta":"","adv-header-id-meta":"","stick-header-meta":"","header-above-stick-meta":"","header-main-stick-meta":"","header-below-stick-meta":"","astra-migrate-meta-layouts":"default","ast-page-background-enabled":"default","ast-page-background-meta":{"desktop":{"background-color":"var(--ast-global-color-5)","background-image":"","background-repeat":"repeat","background-position":"center center","background-size":"auto","background-attachment":"scroll","background-type":"","background-media":"","overlay-type":"","overlay-color":"","overlay-opacity":"","overlay-gradient":""},"tablet":{"background-color":"","background-image":"","background-repeat":"repeat","background-position":"center center","background-size":"auto","background-attachment":"scroll","background-type":"","background-media":"","overlay-type":"","overlay-color":"","overlay-opacity":"","overlay-gradient":""},"mobile":{"background-color":"","background-image":"","background-repeat":"repeat","background-position":"center center","background-size":"auto","background-attachment":"scroll","background-type":"","background-media":"","overlay-type":"","overlay-color":"","overlay-opacity":"","overlay-gradient":""}},"ast-content-background-meta":{"desktop":{"background-color":"var(--ast-global-color-4)","background-image":"","background-repeat":"repeat","background-position":"center center","background-size":"auto","background-attachment":"scroll","background-type":"","background-media":"","overlay-type":"","overlay-color":"","overlay-opacity":"","overlay-gradient":""},"tablet":{"background-color":"var(--ast-global-color-4)","background-image":"","background-repeat":"repeat","background-position":"center center","background-size":"auto","background-attachment":"scroll","background-type":"","background-media":"","overlay-type":"","overlay-color":"","overlay-opacity":"","overlay-gradient":""},"mobile":{"background-color":"var(--ast-global-color-4)","background-image":"","background-repeat":"repeat","background-position":"center center","background-size":"auto","background-attachment":"scroll","background-type":"","background-media":"","overlay-type":"","overlay-color":"","overlay-opacity":"","overlay-gradient":""}},"footnotes":""},"categories":[72,1,133,4],"tags":[],"class_list":["post-28681","post","type-post","status-publish","format-standard","has-post-thumbnail","hentry","category-biblioteca","category-general","category-nascuts-2012","category-portada"],"post_mailing_queue_ids":[],"_links":{"self":[{"href":"https:\/\/agora.xtec.cat\/escolacanfabra\/wp-json\/wp\/v2\/posts\/28681","targetHints":{"allow":["GET"]}}],"collection":[{"href":"https:\/\/agora.xtec.cat\/escolacanfabra\/wp-json\/wp\/v2\/posts"}],"about":[{"href":"https:\/\/agora.xtec.cat\/escolacanfabra\/wp-json\/wp\/v2\/types\/post"}],"author":[{"embeddable":true,"href":"https:\/\/agora.xtec.cat\/escolacanfabra\/wp-json\/wp\/v2\/users\/3"}],"replies":[{"embeddable":true,"href":"https:\/\/agora.xtec.cat\/escolacanfabra\/wp-json\/wp\/v2\/comments?post=28681"}],"version-history":[{"count":3,"href":"https:\/\/agora.xtec.cat\/escolacanfabra\/wp-json\/wp\/v2\/posts\/28681\/revisions"}],"predecessor-version":[{"id":28697,"href":"https:\/\/agora.xtec.cat\/escolacanfabra\/wp-json\/wp\/v2\/posts\/28681\/revisions\/28697"}],"wp:featuredmedia":[{"embeddable":true,"href":"https:\/\/agora.xtec.cat\/escolacanfabra\/wp-json\/wp\/v2\/media\/28684"}],"wp:attachment":[{"href":"https:\/\/agora.xtec.cat\/escolacanfabra\/wp-json\/wp\/v2\/media?parent=28681"}],"wp:term":[{"taxonomy":"category","embeddable":true,"href":"https:\/\/agora.xtec.cat\/escolacanfabra\/wp-json\/wp\/v2\/categories?post=28681"},{"taxonomy":"post_tag","embeddable":true,"href":"https:\/\/agora.xtec.cat\/escolacanfabra\/wp-json\/wp\/v2\/tags?post=28681"}],"curies":[{"name":"wp","href":"https:\/\/api.w.org\/{rel}","templated":true}]}}