{"id":28436,"date":"2023-02-13T12:12:50","date_gmt":"2023-02-13T11:12:50","guid":{"rendered":"https:\/\/agora.xtec.cat\/escolacanfabra\/?p=28436"},"modified":"2023-02-11T13:13:57","modified_gmt":"2023-02-11T12:13:57","slug":"inicial-final-del-taller-de-construccions-2n-grup","status":"publish","type":"post","link":"https:\/\/agora.xtec.cat\/escolacanfabra\/portada\/inicial-final-del-taller-de-construccions-2n-grup\/","title":{"rendered":"Inicial &#8211; FINAL DEL TALLER DE CONSTRUCCIONS (2n grup)"},"content":{"rendered":"<p>Ja hem acabat les 5 sessions del taller de construccions d&#8217;aquest segon grup d&#8217;infants de 1r i 2n!<\/p>\n<p>Igual que l&#8217;anterior grup, despr\u00e9s de gaudir i experimentar amb materials com Lego,\u00a0<span class=\"hiddenSpellError\">Kappla<\/span>, cubs de fusta, fustes de colors, blocs magn\u00e8tics,\u00a0<span class=\"hiddenSpellError\">Banbby<\/span>, Melis,\u00a0<span class=\"hiddenSpellError\">Cugolino<\/span>&#8230; han fet la seva autoavaluaci\u00f3 per tal de veure com anat.<\/p>\n<p>Est\u00e0 clar que ha estat una molt bona experi\u00e8ncia i, encara que no en siguem conscients, hem posat en marxa diferents estrat\u00e8gies per portar endavant les nostres construccions segons el material utilitzat i, en totes, hem hagut de pensar per aconseguir fer-les cada cop m\u00e9s dif\u00edcils i elaborades, gaireb\u00e9 sempre amb \u00e8xit.<\/p>\n<p>Demanar-vos disculpes, ja que els v\u00eddeos no s&#8217;escolten i \u00e9s una ll\u00e0stima perqu\u00e8 s\u00f3n moments on es plantegen reptes i ells busquen la manera de resoldre&#8217;ls. Mirarem la manera de resoldre aquest error t\u00e8cnic.<\/p>\n<p>Tot i aix\u00f2, <a href=\"https:\/\/agora.xtec.cat\/escolacanfabra\/album-fotos-2016a\/\" target=\"_blank\" rel=\"noopener\">us deixo aqu\u00ed un recull d&#8217;imatges<\/a> de les \u00faltimes 3 sessions.<\/p>\n","protected":false},"excerpt":{"rendered":"<p>Ja hem acabat les 5 sessions del taller de construccions d&#8217;aquest segon grup d&#8217;infants de 1r i 2n! Igual que l&#8217;anterior grup, despr\u00e9s de gaudir i experimentar amb materials com Lego,\u00a0Kappla, cubs de fusta, fustes de colors, blocs magn\u00e8tics,\u00a0Banbby, Melis,\u00a0Cugolino&#8230; han fet la seva autoavaluaci\u00f3 per tal de veure com anat. Est\u00e0 clar que ha [&hellip;]<\/p>\n","protected":false},"author":3,"featured_media":28441,"comment_status":"open","ping_status":"closed","sticky":false,"template":"","format":"standard","meta":{"_bbp_topic_count":0,"_bbp_reply_count":0,"_bbp_total_topic_count":0,"_bbp_total_reply_count":0,"_bbp_voice_count":0,"_bbp_anonymous_reply_count":0,"_bbp_topic_count_hidden":0,"_bbp_reply_count_hidden":0,"_bbp_forum_subforum_count":0,"site-sidebar-layout":"default","site-content-layout":"","ast-site-content-layout":"","site-content-style":"default","site-sidebar-style":"default","ast-global-header-display":"","ast-banner-title-visibility":"","ast-main-header-display":"","ast-hfb-above-header-display":"","ast-hfb-below-header-display":"","ast-hfb-mobile-header-display":"","site-post-title":"","ast-breadcrumbs-content":"","ast-featured-img":"","footer-sml-layout":"","theme-transparent-header-meta":"","adv-header-id-meta":"","stick-header-meta":"","header-above-stick-meta":"","header-main-stick-meta":"","header-below-stick-meta":"","astra-migrate-meta-layouts":"default","ast-page-background-enabled":"default","ast-page-background-meta":{"desktop":{"background-color":"var(--ast-global-color-5)","background-image":"","background-repeat":"repeat","background-position":"center center","background-size":"auto","background-attachment":"scroll","background-type":"","background-media":"","overlay-type":"","overlay-color":"","overlay-opacity":"","overlay-gradient":""},"tablet":{"background-color":"","background-image":"","background-repeat":"repeat","background-position":"center center","background-size":"auto","background-attachment":"scroll","background-type":"","background-media":"","overlay-type":"","overlay-color":"","overlay-opacity":"","overlay-gradient":""},"mobile":{"background-color":"","background-image":"","background-repeat":"repeat","background-position":"center center","background-size":"auto","background-attachment":"scroll","background-type":"","background-media":"","overlay-type":"","overlay-color":"","overlay-opacity":"","overlay-gradient":""}},"ast-content-background-meta":{"desktop":{"background-color":"var(--ast-global-color-4)","background-image":"","background-repeat":"repeat","background-position":"center center","background-size":"auto","background-attachment":"scroll","background-type":"","background-media":"","overlay-type":"","overlay-color":"","overlay-opacity":"","overlay-gradient":""},"tablet":{"background-color":"var(--ast-global-color-4)","background-image":"","background-repeat":"repeat","background-position":"center center","background-size":"auto","background-attachment":"scroll","background-type":"","background-media":"","overlay-type":"","overlay-color":"","overlay-opacity":"","overlay-gradient":""},"mobile":{"background-color":"var(--ast-global-color-4)","background-image":"","background-repeat":"repeat","background-position":"center center","background-size":"auto","background-attachment":"scroll","background-type":"","background-media":"","overlay-type":"","overlay-color":"","overlay-opacity":"","overlay-gradient":""}},"footnotes":""},"categories":[241,262,4],"tags":[],"class_list":["post-28436","post","type-post","status-publish","format-standard","has-post-thumbnail","hentry","category-nascuts-2015","category-nascuts-2016","category-portada"],"post_mailing_queue_ids":[],"_links":{"self":[{"href":"https:\/\/agora.xtec.cat\/escolacanfabra\/wp-json\/wp\/v2\/posts\/28436","targetHints":{"allow":["GET"]}}],"collection":[{"href":"https:\/\/agora.xtec.cat\/escolacanfabra\/wp-json\/wp\/v2\/posts"}],"about":[{"href":"https:\/\/agora.xtec.cat\/escolacanfabra\/wp-json\/wp\/v2\/types\/post"}],"author":[{"embeddable":true,"href":"https:\/\/agora.xtec.cat\/escolacanfabra\/wp-json\/wp\/v2\/users\/3"}],"replies":[{"embeddable":true,"href":"https:\/\/agora.xtec.cat\/escolacanfabra\/wp-json\/wp\/v2\/comments?post=28436"}],"version-history":[{"count":1,"href":"https:\/\/agora.xtec.cat\/escolacanfabra\/wp-json\/wp\/v2\/posts\/28436\/revisions"}],"predecessor-version":[{"id":28442,"href":"https:\/\/agora.xtec.cat\/escolacanfabra\/wp-json\/wp\/v2\/posts\/28436\/revisions\/28442"}],"wp:featuredmedia":[{"embeddable":true,"href":"https:\/\/agora.xtec.cat\/escolacanfabra\/wp-json\/wp\/v2\/media\/28441"}],"wp:attachment":[{"href":"https:\/\/agora.xtec.cat\/escolacanfabra\/wp-json\/wp\/v2\/media?parent=28436"}],"wp:term":[{"taxonomy":"category","embeddable":true,"href":"https:\/\/agora.xtec.cat\/escolacanfabra\/wp-json\/wp\/v2\/categories?post=28436"},{"taxonomy":"post_tag","embeddable":true,"href":"https:\/\/agora.xtec.cat\/escolacanfabra\/wp-json\/wp\/v2\/tags?post=28436"}],"curies":[{"name":"wp","href":"https:\/\/api.w.org\/{rel}","templated":true}]}}