{"id":28329,"date":"2023-02-02T10:00:59","date_gmt":"2023-02-02T09:00:59","guid":{"rendered":"https:\/\/agora.xtec.cat\/escolacanfabra\/?p=28329"},"modified":"2023-02-01T20:33:50","modified_gmt":"2023-02-01T19:33:50","slug":"2n-visita-la-biblioteca-ignasi-iglesias","status":"publish","type":"post","link":"https:\/\/agora.xtec.cat\/escolacanfabra\/general\/2n-visita-la-biblioteca-ignasi-iglesias\/","title":{"rendered":"2n- VISITA LA BIBLIOTECA IGNASI IGLESIAS"},"content":{"rendered":"<p>Ahir la classe dels dofins i dels minerals van dedicar una estoneta a visitar la biblioteca Ignasi\u00a0<span class=\"hiddenSpellError\">Igl\u00e9sias<\/span>\u00a0que \u00e9s la biblioteca del nostre barri i que tenim molta sort de tenir-la tan a prop.<\/p>\n<p>Tant la Marta com l&#8217;Ester ens van dinamitzar la visita i ens van fer gaudir a tota la canalla d&#8217;una bona l&#8217;estona. Ens van ensenyar un munt de llibres i ens van explicar alguns contes que ens van il\u00b7lusionar molt. Alguns eren de coneixements, d&#8217;altres d&#8217;entreteniment, altre amb m\u00fasica de fons i la cloenda final amb l&#8217;explicaci\u00f3 del conte de &#8220;L&#8217;<span class=\"hiddenGrammarError\" style=\"padding-bottom: 2px; background-image: url('..\/..\/..\/..\/..\/images\/squiggle.png'); background-repeat: repeat-x; background-position: left bottom; cursor: default; color: #000000; font-family: 'Open Sans', Helvetica, Arial, sans-serif; font-size: 16px; font-style: normal; font-variant-ligatures: normal; font-variant-caps: normal; font-weight: 300; letter-spacing: normal; orphans: 2; text-align: start; text-indent: 0px; text-transform: none; white-space: normal; widows: 2; word-spacing: 0px; -webkit-text-stroke-width: 0px; text-decoration-thickness: initial; text-decoration-style: initial; text-decoration-color: initial;\">oncle llop<\/span>&#8220;. Ens va agradar tant que vam anotar els t\u00edtols i els autors per si algun dia ens venia de gust i vol\u00edem anar a buscar-los i agafar-los en pr\u00e9stec.<\/p>\n<p>Ha estat un mat\u00ed genial!<\/p>\n<p>Aqu\u00ed us deixem un petit tastet amb un recull fotogr\u00e0fic del moment viscut.<\/p>\n<p><a href=\"https:\/\/agora.xtec.cat\/escolacanfabra\/album-fotos-2015a\/\">2nA<\/a> i <a href=\"https:\/\/agora.xtec.cat\/escolacanfabra\/album-fotos-2015b\/\">2nB<\/a><\/p>\n<p>Esperem que us agradi.<\/p>\n","protected":false},"excerpt":{"rendered":"<p>Ahir la classe dels dofins i dels minerals van dedicar una estoneta a visitar la biblioteca Ignasi\u00a0Igl\u00e9sias\u00a0que \u00e9s la biblioteca del nostre barri i que tenim molta sort de tenir-la tan a prop. Tant la Marta com l&#8217;Ester ens van dinamitzar la visita i ens van fer gaudir a tota la canalla d&#8217;una bona l&#8217;estona. [&hellip;]<\/p>\n","protected":false},"author":3,"featured_media":28330,"comment_status":"open","ping_status":"closed","sticky":false,"template":"","format":"standard","meta":{"_bbp_topic_count":0,"_bbp_reply_count":0,"_bbp_total_topic_count":0,"_bbp_total_reply_count":0,"_bbp_voice_count":0,"_bbp_anonymous_reply_count":0,"_bbp_topic_count_hidden":0,"_bbp_reply_count_hidden":0,"_bbp_forum_subforum_count":0,"site-sidebar-layout":"default","site-content-layout":"","ast-site-content-layout":"","site-content-style":"default","site-sidebar-style":"default","ast-global-header-display":"","ast-banner-title-visibility":"","ast-main-header-display":"","ast-hfb-above-header-display":"","ast-hfb-below-header-display":"","ast-hfb-mobile-header-display":"","site-post-title":"","ast-breadcrumbs-content":"","ast-featured-img":"","footer-sml-layout":"","theme-transparent-header-meta":"","adv-header-id-meta":"","stick-header-meta":"","header-above-stick-meta":"","header-main-stick-meta":"","header-below-stick-meta":"","astra-migrate-meta-layouts":"default","ast-page-background-enabled":"default","ast-page-background-meta":{"desktop":{"background-color":"var(--ast-global-color-5)","background-image":"","background-repeat":"repeat","background-position":"center center","background-size":"auto","background-attachment":"scroll","background-type":"","background-media":"","overlay-type":"","overlay-color":"","overlay-opacity":"","overlay-gradient":""},"tablet":{"background-color":"","background-image":"","background-repeat":"repeat","background-position":"center center","background-size":"auto","background-attachment":"scroll","background-type":"","background-media":"","overlay-type":"","overlay-color":"","overlay-opacity":"","overlay-gradient":""},"mobile":{"background-color":"","background-image":"","background-repeat":"repeat","background-position":"center center","background-size":"auto","background-attachment":"scroll","background-type":"","background-media":"","overlay-type":"","overlay-color":"","overlay-opacity":"","overlay-gradient":""}},"ast-content-background-meta":{"desktop":{"background-color":"var(--ast-global-color-4)","background-image":"","background-repeat":"repeat","background-position":"center center","background-size":"auto","background-attachment":"scroll","background-type":"","background-media":"","overlay-type":"","overlay-color":"","overlay-opacity":"","overlay-gradient":""},"tablet":{"background-color":"var(--ast-global-color-4)","background-image":"","background-repeat":"repeat","background-position":"center center","background-size":"auto","background-attachment":"scroll","background-type":"","background-media":"","overlay-type":"","overlay-color":"","overlay-opacity":"","overlay-gradient":""},"mobile":{"background-color":"var(--ast-global-color-4)","background-image":"","background-repeat":"repeat","background-position":"center center","background-size":"auto","background-attachment":"scroll","background-type":"","background-media":"","overlay-type":"","overlay-color":"","overlay-opacity":"","overlay-gradient":""}},"footnotes":""},"categories":[1,71,4],"tags":[],"class_list":["post-28329","post","type-post","status-publish","format-standard","has-post-thumbnail","hentry","category-general","category-noticies","category-portada"],"post_mailing_queue_ids":[],"_links":{"self":[{"href":"https:\/\/agora.xtec.cat\/escolacanfabra\/wp-json\/wp\/v2\/posts\/28329","targetHints":{"allow":["GET"]}}],"collection":[{"href":"https:\/\/agora.xtec.cat\/escolacanfabra\/wp-json\/wp\/v2\/posts"}],"about":[{"href":"https:\/\/agora.xtec.cat\/escolacanfabra\/wp-json\/wp\/v2\/types\/post"}],"author":[{"embeddable":true,"href":"https:\/\/agora.xtec.cat\/escolacanfabra\/wp-json\/wp\/v2\/users\/3"}],"replies":[{"embeddable":true,"href":"https:\/\/agora.xtec.cat\/escolacanfabra\/wp-json\/wp\/v2\/comments?post=28329"}],"version-history":[{"count":2,"href":"https:\/\/agora.xtec.cat\/escolacanfabra\/wp-json\/wp\/v2\/posts\/28329\/revisions"}],"predecessor-version":[{"id":28334,"href":"https:\/\/agora.xtec.cat\/escolacanfabra\/wp-json\/wp\/v2\/posts\/28329\/revisions\/28334"}],"wp:featuredmedia":[{"embeddable":true,"href":"https:\/\/agora.xtec.cat\/escolacanfabra\/wp-json\/wp\/v2\/media\/28330"}],"wp:attachment":[{"href":"https:\/\/agora.xtec.cat\/escolacanfabra\/wp-json\/wp\/v2\/media?parent=28329"}],"wp:term":[{"taxonomy":"category","embeddable":true,"href":"https:\/\/agora.xtec.cat\/escolacanfabra\/wp-json\/wp\/v2\/categories?post=28329"},{"taxonomy":"post_tag","embeddable":true,"href":"https:\/\/agora.xtec.cat\/escolacanfabra\/wp-json\/wp\/v2\/tags?post=28329"}],"curies":[{"name":"wp","href":"https:\/\/api.w.org\/{rel}","templated":true}]}}