{"id":28122,"date":"2023-01-10T17:12:49","date_gmt":"2023-01-10T16:12:49","guid":{"rendered":"https:\/\/agora.xtec.cat\/escolacanfabra\/?p=28122"},"modified":"2023-01-10T17:12:49","modified_gmt":"2023-01-10T16:12:49","slug":"6ea-classe-dels-mems-recull-del-primer-trimestre","status":"publish","type":"post","link":"https:\/\/agora.xtec.cat\/escolacanfabra\/general\/6ea-classe-dels-mems-recull-del-primer-trimestre\/","title":{"rendered":"6\u00e8A &#8211; Classe dels Mems: recull del primer trimestre"},"content":{"rendered":"<p>Sense gaireb\u00e9 adonar-nos-en, el primer trimestre del curs ja ha passat. Hem fet moltes activitats, sortides, xerrades, festes, tallers&#8230; De totes elles, un grup d&#8217;alumnes de la classe va decidir fer-nos una petita explicaci\u00f3 d&#8217;una d&#8217;elles:<\/p>\n<p><em><span style=\"font-weight: 400;\">&#8220;El dia 20 de setembre el dos 6\u00e8s vam fer una sortida al Museu del Disseny. <\/span><span style=\"font-weight: 400;\">Vam sortir de l\u2019escola a les 9:00, vam anar en transport p\u00fablic i vam arribar sobre les 9:30. Nom\u00e9s arribar vam esmorzar en una pla\u00e7a propera. Poc despr\u00e9s va comen\u00e7ar l&#8217;exposici\u00f3, ens van parlar de coses molt interessants com que la fregona la va portar a Espanya un empresari que se la va copiar als americans.<\/span><\/em><\/p>\n<p><em><span style=\"font-weight: 400;\">Tamb\u00e9 van recalcar que els productes han que ser vers\u00e0tils per exemple: ens van ensenyar un tamboret que dep\u00e8n de com el giressis es podia seure un nen m\u00e9s petit o m\u00e9s gran.<\/span><\/em><\/p>\n<p><em><span style=\"font-weight: 400;\">Despr\u00e9s, al voltant de les 12:00, vam agafar el transport p\u00fablic per tornar a l\u2019escola.&#8221;<\/span><\/em><\/p>\n<p><strong>(Comissi\u00f3 inform\u00e0tica 6\u00e8A)<\/strong><\/p>\n<p>Si cliqueu <a href=\"https:\/\/agora.xtec.cat\/escolacanfabra\/album-fotos-2011a\/\">AQU\u00cd<\/a>, accedireu als \u00e0lbums de fotos per poder gaudir de tot el que hem anat fent.<\/p>\n","protected":false},"excerpt":{"rendered":"<p>Sense gaireb\u00e9 adonar-nos-en, el primer trimestre del curs ja ha passat. Hem fet moltes activitats, sortides, xerrades, festes, tallers&#8230; De totes elles, un grup d&#8217;alumnes de la classe va decidir fer-nos una petita explicaci\u00f3 d&#8217;una d&#8217;elles: &#8220;El dia 20 de setembre el dos 6\u00e8s vam fer una sortida al Museu del Disseny. Vam sortir de [&hellip;]<\/p>\n","protected":false},"author":3,"featured_media":28124,"comment_status":"open","ping_status":"closed","sticky":false,"template":"","format":"standard","meta":{"_bbp_topic_count":0,"_bbp_reply_count":0,"_bbp_total_topic_count":0,"_bbp_total_reply_count":0,"_bbp_voice_count":0,"_bbp_anonymous_reply_count":0,"_bbp_topic_count_hidden":0,"_bbp_reply_count_hidden":0,"_bbp_forum_subforum_count":0,"site-sidebar-layout":"default","site-content-layout":"","ast-site-content-layout":"","site-content-style":"default","site-sidebar-style":"default","ast-global-header-display":"","ast-banner-title-visibility":"","ast-main-header-display":"","ast-hfb-above-header-display":"","ast-hfb-below-header-display":"","ast-hfb-mobile-header-display":"","site-post-title":"","ast-breadcrumbs-content":"","ast-featured-img":"","footer-sml-layout":"","theme-transparent-header-meta":"","adv-header-id-meta":"","stick-header-meta":"","header-above-stick-meta":"","header-main-stick-meta":"","header-below-stick-meta":"","astra-migrate-meta-layouts":"default","ast-page-background-enabled":"default","ast-page-background-meta":{"desktop":{"background-color":"var(--ast-global-color-5)","background-image":"","background-repeat":"repeat","background-position":"center center","background-size":"auto","background-attachment":"scroll","background-type":"","background-media":"","overlay-type":"","overlay-color":"","overlay-opacity":"","overlay-gradient":""},"tablet":{"background-color":"","background-image":"","background-repeat":"repeat","background-position":"center center","background-size":"auto","background-attachment":"scroll","background-type":"","background-media":"","overlay-type":"","overlay-color":"","overlay-opacity":"","overlay-gradient":""},"mobile":{"background-color":"","background-image":"","background-repeat":"repeat","background-position":"center center","background-size":"auto","background-attachment":"scroll","background-type":"","background-media":"","overlay-type":"","overlay-color":"","overlay-opacity":"","overlay-gradient":""}},"ast-content-background-meta":{"desktop":{"background-color":"var(--ast-global-color-4)","background-image":"","background-repeat":"repeat","background-position":"center center","background-size":"auto","background-attachment":"scroll","background-type":"","background-media":"","overlay-type":"","overlay-color":"","overlay-opacity":"","overlay-gradient":""},"tablet":{"background-color":"var(--ast-global-color-4)","background-image":"","background-repeat":"repeat","background-position":"center center","background-size":"auto","background-attachment":"scroll","background-type":"","background-media":"","overlay-type":"","overlay-color":"","overlay-opacity":"","overlay-gradient":""},"mobile":{"background-color":"var(--ast-global-color-4)","background-image":"","background-repeat":"repeat","background-position":"center center","background-size":"auto","background-attachment":"scroll","background-type":"","background-media":"","overlay-type":"","overlay-color":"","overlay-opacity":"","overlay-gradient":""}},"footnotes":""},"categories":[1,4],"tags":[],"class_list":["post-28122","post","type-post","status-publish","format-standard","has-post-thumbnail","hentry","category-general","category-portada"],"post_mailing_queue_ids":[],"_links":{"self":[{"href":"https:\/\/agora.xtec.cat\/escolacanfabra\/wp-json\/wp\/v2\/posts\/28122","targetHints":{"allow":["GET"]}}],"collection":[{"href":"https:\/\/agora.xtec.cat\/escolacanfabra\/wp-json\/wp\/v2\/posts"}],"about":[{"href":"https:\/\/agora.xtec.cat\/escolacanfabra\/wp-json\/wp\/v2\/types\/post"}],"author":[{"embeddable":true,"href":"https:\/\/agora.xtec.cat\/escolacanfabra\/wp-json\/wp\/v2\/users\/3"}],"replies":[{"embeddable":true,"href":"https:\/\/agora.xtec.cat\/escolacanfabra\/wp-json\/wp\/v2\/comments?post=28122"}],"version-history":[{"count":1,"href":"https:\/\/agora.xtec.cat\/escolacanfabra\/wp-json\/wp\/v2\/posts\/28122\/revisions"}],"predecessor-version":[{"id":28125,"href":"https:\/\/agora.xtec.cat\/escolacanfabra\/wp-json\/wp\/v2\/posts\/28122\/revisions\/28125"}],"wp:featuredmedia":[{"embeddable":true,"href":"https:\/\/agora.xtec.cat\/escolacanfabra\/wp-json\/wp\/v2\/media\/28124"}],"wp:attachment":[{"href":"https:\/\/agora.xtec.cat\/escolacanfabra\/wp-json\/wp\/v2\/media?parent=28122"}],"wp:term":[{"taxonomy":"category","embeddable":true,"href":"https:\/\/agora.xtec.cat\/escolacanfabra\/wp-json\/wp\/v2\/categories?post=28122"},{"taxonomy":"post_tag","embeddable":true,"href":"https:\/\/agora.xtec.cat\/escolacanfabra\/wp-json\/wp\/v2\/tags?post=28122"}],"curies":[{"name":"wp","href":"https:\/\/api.w.org\/{rel}","templated":true}]}}