{"id":28088,"date":"2023-01-04T17:05:19","date_gmt":"2023-01-04T16:05:19","guid":{"rendered":"https:\/\/agora.xtec.cat\/escolacanfabra\/?p=28088"},"modified":"2023-01-04T17:08:12","modified_gmt":"2023-01-04T16:08:12","slug":"3r-i-4t-taller-de-lhort-2","status":"publish","type":"post","link":"https:\/\/agora.xtec.cat\/escolacanfabra\/general\/3r-i-4t-taller-de-lhort-2\/","title":{"rendered":"3r i 4t-TALLER DE L&#8217;HORT"},"content":{"rendered":"<p>En acabar el 1r trimestre, tamb\u00e9 vam\u00a0 finalitzar la segona ronda dels tallers de cicle mitj\u00e0. Des del taller de l&#8217;hort, els nens i nenes que van assistir a aquest taller van tenir missions molt similars a les que van tenir, tota la canalla que va assistir a la primera ronda.<\/p>\n<p>En el taller de l&#8217;hort ens organitzem en petits equips de treball. Aquests equips estan formats per alumnat barrejat dels 4 grups del cicle. Un cop formats els equips, en gran grup, fem una observaci\u00f3 de l&#8217;hort i de les diferents zones verdes del pati, per saber quin \u00e9s el punt de partida, quines actuacions cal dur a terme i organitzant-les per ordre de prioritats. Aquestes actuacions acostumen a ser molt semblants totes les rondes i segons la temporada de l&#8217;any en la que ens trobem hi ha petites variacions. No tots els grups poden plantar, ni recollir, ni plantar el mateix, ni recollir el mateix, perqu\u00e8 aquests tempos no els marquem nosaltres, sin\u00f3 la natura.<\/p>\n<p>Ens trobem en un punt on el nostre hort est\u00e0 a ple funcionament i aviat recollirem els primers enciams plantats aquest curs. Agra\u00efm a tots els membres de la comunitat educativa, per la seva implicaci\u00f3 per a mantenir el nostre hort en les aturades per vacances. Entre totes cuidem el nostre hort! Gr\u00e0cies!<\/p>\n<p>Aqu\u00ed us deixem un recull de <a href=\"https:\/\/agora.xtec.cat\/escolacanfabra\/album-fotos-2013a\/\">fotos<\/a> d&#8217;aquestes sessions del taller.<\/p>\n<p>Les pageses de Can Fabra<\/p>\n","protected":false},"excerpt":{"rendered":"<p>En acabar el 1r trimestre, tamb\u00e9 vam\u00a0 finalitzar la segona ronda dels tallers de cicle mitj\u00e0. Des del taller de l&#8217;hort, els nens i nenes que van assistir a aquest taller van tenir missions molt similars a les que van tenir, tota la canalla que va assistir a la primera ronda. En el taller de [&hellip;]<\/p>\n","protected":false},"author":3,"featured_media":28089,"comment_status":"open","ping_status":"closed","sticky":false,"template":"","format":"standard","meta":{"_bbp_topic_count":0,"_bbp_reply_count":0,"_bbp_total_topic_count":0,"_bbp_total_reply_count":0,"_bbp_voice_count":0,"_bbp_anonymous_reply_count":0,"_bbp_topic_count_hidden":0,"_bbp_reply_count_hidden":0,"_bbp_forum_subforum_count":0,"site-sidebar-layout":"default","site-content-layout":"","ast-site-content-layout":"","site-content-style":"default","site-sidebar-style":"default","ast-global-header-display":"","ast-banner-title-visibility":"","ast-main-header-display":"","ast-hfb-above-header-display":"","ast-hfb-below-header-display":"","ast-hfb-mobile-header-display":"","site-post-title":"","ast-breadcrumbs-content":"","ast-featured-img":"","footer-sml-layout":"","theme-transparent-header-meta":"","adv-header-id-meta":"","stick-header-meta":"","header-above-stick-meta":"","header-main-stick-meta":"","header-below-stick-meta":"","astra-migrate-meta-layouts":"default","ast-page-background-enabled":"default","ast-page-background-meta":{"desktop":{"background-color":"var(--ast-global-color-5)","background-image":"","background-repeat":"repeat","background-position":"center center","background-size":"auto","background-attachment":"scroll","background-type":"","background-media":"","overlay-type":"","overlay-color":"","overlay-opacity":"","overlay-gradient":""},"tablet":{"background-color":"","background-image":"","background-repeat":"repeat","background-position":"center center","background-size":"auto","background-attachment":"scroll","background-type":"","background-media":"","overlay-type":"","overlay-color":"","overlay-opacity":"","overlay-gradient":""},"mobile":{"background-color":"","background-image":"","background-repeat":"repeat","background-position":"center center","background-size":"auto","background-attachment":"scroll","background-type":"","background-media":"","overlay-type":"","overlay-color":"","overlay-opacity":"","overlay-gradient":""}},"ast-content-background-meta":{"desktop":{"background-color":"var(--ast-global-color-4)","background-image":"","background-repeat":"repeat","background-position":"center center","background-size":"auto","background-attachment":"scroll","background-type":"","background-media":"","overlay-type":"","overlay-color":"","overlay-opacity":"","overlay-gradient":""},"tablet":{"background-color":"var(--ast-global-color-4)","background-image":"","background-repeat":"repeat","background-position":"center center","background-size":"auto","background-attachment":"scroll","background-type":"","background-media":"","overlay-type":"","overlay-color":"","overlay-opacity":"","overlay-gradient":""},"mobile":{"background-color":"var(--ast-global-color-4)","background-image":"","background-repeat":"repeat","background-position":"center center","background-size":"auto","background-attachment":"scroll","background-type":"","background-media":"","overlay-type":"","overlay-color":"","overlay-opacity":"","overlay-gradient":""}},"footnotes":""},"categories":[1,82,4,263],"tags":[],"class_list":["post-28088","post","type-post","status-publish","format-standard","has-post-thumbnail","hentry","category-general","category-nascuts-2013","category-portada","category-primaria"],"post_mailing_queue_ids":[],"_links":{"self":[{"href":"https:\/\/agora.xtec.cat\/escolacanfabra\/wp-json\/wp\/v2\/posts\/28088","targetHints":{"allow":["GET"]}}],"collection":[{"href":"https:\/\/agora.xtec.cat\/escolacanfabra\/wp-json\/wp\/v2\/posts"}],"about":[{"href":"https:\/\/agora.xtec.cat\/escolacanfabra\/wp-json\/wp\/v2\/types\/post"}],"author":[{"embeddable":true,"href":"https:\/\/agora.xtec.cat\/escolacanfabra\/wp-json\/wp\/v2\/users\/3"}],"replies":[{"embeddable":true,"href":"https:\/\/agora.xtec.cat\/escolacanfabra\/wp-json\/wp\/v2\/comments?post=28088"}],"version-history":[{"count":2,"href":"https:\/\/agora.xtec.cat\/escolacanfabra\/wp-json\/wp\/v2\/posts\/28088\/revisions"}],"predecessor-version":[{"id":28095,"href":"https:\/\/agora.xtec.cat\/escolacanfabra\/wp-json\/wp\/v2\/posts\/28088\/revisions\/28095"}],"wp:featuredmedia":[{"embeddable":true,"href":"https:\/\/agora.xtec.cat\/escolacanfabra\/wp-json\/wp\/v2\/media\/28089"}],"wp:attachment":[{"href":"https:\/\/agora.xtec.cat\/escolacanfabra\/wp-json\/wp\/v2\/media?parent=28088"}],"wp:term":[{"taxonomy":"category","embeddable":true,"href":"https:\/\/agora.xtec.cat\/escolacanfabra\/wp-json\/wp\/v2\/categories?post=28088"},{"taxonomy":"post_tag","embeddable":true,"href":"https:\/\/agora.xtec.cat\/escolacanfabra\/wp-json\/wp\/v2\/tags?post=28088"}],"curies":[{"name":"wp","href":"https:\/\/api.w.org\/{rel}","templated":true}]}}