{"id":27972,"date":"2022-12-22T12:19:05","date_gmt":"2022-12-22T11:19:05","guid":{"rendered":"https:\/\/agora.xtec.cat\/escolacanfabra\/?p=27972"},"modified":"2022-12-22T12:19:09","modified_gmt":"2022-12-22T11:19:09","slug":"1r-i-2n_taller-dhort","status":"publish","type":"post","link":"https:\/\/agora.xtec.cat\/escolacanfabra\/general\/1r-i-2n_taller-dhort\/","title":{"rendered":"1r i 2n_TALLER D&#8217;HORT"},"content":{"rendered":"<p>Alguns nens i nenes de primer i segon durant 5 sessions han pogut gaudir del taller de l&#8217;hort.<\/p>\n<p>El taller va comen\u00e7ar amb una activitat portada a c\u00e0rrec per aula mediambiental del districte de Sant Andreu, amb l&#8217;activitat anomenada de&#8221; flor en flor&#8221;. A partir de din\u00e0miques i de jocs en moviment els nens i nenes descobreixen quina feina fan els pol\u00b7linitzadors quan van de flor en flor pels parcs, jardins, horts, balcons i terrasses de la ciutat. Van fer de jardiners i jardineres, i van sembrar una llavor en un<br \/>\nrecipient biodegradable que els va permetre plantar-la per convidar els pol\u00b7linitzadors a continuar la feina a casa o a l&#8217;hort de l&#8217;escola.<\/p>\n<p>A m\u00e9s a m\u00e9s, la resta de sessions, els nens i nenes han pogut con\u00e8ixer les eines i estris de l&#8217;hort, han fet neteja de males herbes de totes les zones verdes de l&#8217;escola, i fer un petit manteniment d&#8217;aquest, com aprendre a fer la preparaci\u00f3 del terreny per poder plantar a l&#8217;hort. Han buidat de sorra els bancals, i han posat terra nova i compost. Han constru\u00eft els bancals amb pals i corda. I han apr\u00e8s quines verdures i hortalisses de temporada es poden plantar. Finalment, van conrear coliflor, col, espinacs i cebes. I van etiquetar cadascun dels bancals, perqu\u00e8 tota l&#8217;escola s\u00e0piga que s&#8217;ha plantat a l&#8217;hort de Can Fabra.<\/p>\n<p>Per finalitzar els nens i nenes reguen l&#8217;hort cada sessi\u00f3, com a les estones de pati tamb\u00e9 ens ajuden en aquesta tasca.<\/p>\n<p>Ara nom\u00e9s ens resta saber quan sortir\u00e0 la nostra collita, i si ens la podrem menjar.<\/p>\n<p>Us deixem un <a href=\"https:\/\/agora.xtec.cat\/escolacanfabra\/album-fotos-2015a\/\">recull fotogr\u00e0fic<\/a> dels moments viscuts en el taller. Esperem que us agradin!!!<\/p>\n","protected":false},"excerpt":{"rendered":"<p>Alguns nens i nenes de primer i segon durant 5 sessions han pogut gaudir del taller de l&#8217;hort. El taller va comen\u00e7ar amb una activitat portada a c\u00e0rrec per aula mediambiental del districte de Sant Andreu, amb l&#8217;activitat anomenada de&#8221; flor en flor&#8221;. A partir de din\u00e0miques i de jocs en moviment els nens i [&hellip;]<\/p>\n","protected":false},"author":3,"featured_media":0,"comment_status":"open","ping_status":"closed","sticky":false,"template":"","format":"standard","meta":{"_bbp_topic_count":0,"_bbp_reply_count":0,"_bbp_total_topic_count":0,"_bbp_total_reply_count":0,"_bbp_voice_count":0,"_bbp_anonymous_reply_count":0,"_bbp_topic_count_hidden":0,"_bbp_reply_count_hidden":0,"_bbp_forum_subforum_count":0,"site-sidebar-layout":"default","site-content-layout":"","ast-site-content-layout":"","site-content-style":"default","site-sidebar-style":"default","ast-global-header-display":"","ast-banner-title-visibility":"","ast-main-header-display":"","ast-hfb-above-header-display":"","ast-hfb-below-header-display":"","ast-hfb-mobile-header-display":"","site-post-title":"","ast-breadcrumbs-content":"","ast-featured-img":"","footer-sml-layout":"","theme-transparent-header-meta":"","adv-header-id-meta":"","stick-header-meta":"","header-above-stick-meta":"","header-main-stick-meta":"","header-below-stick-meta":"","astra-migrate-meta-layouts":"default","ast-page-background-enabled":"default","ast-page-background-meta":{"desktop":{"background-color":"var(--ast-global-color-5)","background-image":"","background-repeat":"repeat","background-position":"center center","background-size":"auto","background-attachment":"scroll","background-type":"","background-media":"","overlay-type":"","overlay-color":"","overlay-opacity":"","overlay-gradient":""},"tablet":{"background-color":"","background-image":"","background-repeat":"repeat","background-position":"center center","background-size":"auto","background-attachment":"scroll","background-type":"","background-media":"","overlay-type":"","overlay-color":"","overlay-opacity":"","overlay-gradient":""},"mobile":{"background-color":"","background-image":"","background-repeat":"repeat","background-position":"center center","background-size":"auto","background-attachment":"scroll","background-type":"","background-media":"","overlay-type":"","overlay-color":"","overlay-opacity":"","overlay-gradient":""}},"ast-content-background-meta":{"desktop":{"background-color":"var(--ast-global-color-4)","background-image":"","background-repeat":"repeat","background-position":"center center","background-size":"auto","background-attachment":"scroll","background-type":"","background-media":"","overlay-type":"","overlay-color":"","overlay-opacity":"","overlay-gradient":""},"tablet":{"background-color":"var(--ast-global-color-4)","background-image":"","background-repeat":"repeat","background-position":"center center","background-size":"auto","background-attachment":"scroll","background-type":"","background-media":"","overlay-type":"","overlay-color":"","overlay-opacity":"","overlay-gradient":""},"mobile":{"background-color":"var(--ast-global-color-4)","background-image":"","background-repeat":"repeat","background-position":"center center","background-size":"auto","background-attachment":"scroll","background-type":"","background-media":"","overlay-type":"","overlay-color":"","overlay-opacity":"","overlay-gradient":""}},"footnotes":""},"categories":[1,71,4],"tags":[],"class_list":["post-27972","post","type-post","status-publish","format-standard","hentry","category-general","category-noticies","category-portada"],"post_mailing_queue_ids":[],"_links":{"self":[{"href":"https:\/\/agora.xtec.cat\/escolacanfabra\/wp-json\/wp\/v2\/posts\/27972","targetHints":{"allow":["GET"]}}],"collection":[{"href":"https:\/\/agora.xtec.cat\/escolacanfabra\/wp-json\/wp\/v2\/posts"}],"about":[{"href":"https:\/\/agora.xtec.cat\/escolacanfabra\/wp-json\/wp\/v2\/types\/post"}],"author":[{"embeddable":true,"href":"https:\/\/agora.xtec.cat\/escolacanfabra\/wp-json\/wp\/v2\/users\/3"}],"replies":[{"embeddable":true,"href":"https:\/\/agora.xtec.cat\/escolacanfabra\/wp-json\/wp\/v2\/comments?post=27972"}],"version-history":[{"count":3,"href":"https:\/\/agora.xtec.cat\/escolacanfabra\/wp-json\/wp\/v2\/posts\/27972\/revisions"}],"predecessor-version":[{"id":28035,"href":"https:\/\/agora.xtec.cat\/escolacanfabra\/wp-json\/wp\/v2\/posts\/27972\/revisions\/28035"}],"wp:attachment":[{"href":"https:\/\/agora.xtec.cat\/escolacanfabra\/wp-json\/wp\/v2\/media?parent=27972"}],"wp:term":[{"taxonomy":"category","embeddable":true,"href":"https:\/\/agora.xtec.cat\/escolacanfabra\/wp-json\/wp\/v2\/categories?post=27972"},{"taxonomy":"post_tag","embeddable":true,"href":"https:\/\/agora.xtec.cat\/escolacanfabra\/wp-json\/wp\/v2\/tags?post=27972"}],"curies":[{"name":"wp","href":"https:\/\/api.w.org\/{rel}","templated":true}]}}