{"id":27920,"date":"2022-12-19T09:24:38","date_gmt":"2022-12-19T08:24:38","guid":{"rendered":"https:\/\/agora.xtec.cat\/escolacanfabra\/?p=27920"},"modified":"2022-12-17T14:32:15","modified_gmt":"2022-12-17T13:32:15","slug":"1r-segona-proposta-racons-de-treball","status":"publish","type":"post","link":"https:\/\/agora.xtec.cat\/escolacanfabra\/portada\/1r-segona-proposta-racons-de-treball\/","title":{"rendered":"1r &#8211; Segona proposta &#8211; Racons de Treball"},"content":{"rendered":"<p>Ja hem acabat la segona ronda dels racons de treball.<\/p>\n<p>Aquesta vegada les propostes han estat:<\/p>\n<ul>\n<li>Rac\u00f3 de jocs de taula amb <em>Pillado<\/em>, un joc cooperatiu de deducci\u00f3 i l\u00f2gica on hem d&#8217;esbrinar qui s&#8217;ha menjat el past\u00eds.<\/li>\n<li>Rac\u00f3 de pl\u00e0stica amb la proposta d&#8217;elaborar les <em>boles decoratives<\/em> que ens serviran per fer la postal.<\/li>\n<li>Rac\u00f3 de l&#8217;ordinador on, amb activitats en l\u00ednia, hem continuat treballant aspectes relacionats amb els n\u00fameros.<\/li>\n<li>Rac\u00f3 de penso i avan\u00e7o on hem jugat al joc de taula <em>ABC Boom, <\/em>un joc d&#8217;equilibri i consci\u00e8ncia fonol\u00f2gica .<\/li>\n<li>Rac\u00f3 sorpresa on hem seguit amb els Beebots, per\u00f2 aquesta vegada amb petits reptes.<\/li>\n<\/ul>\n<p>Hem treballat molt i ens ho hem passat molt b\u00e9. Mireu les fotos aqu\u00ed\u00a0 <a href=\"https:\/\/agora.xtec.cat\/escolacanfabra\/album-fotos-2016a\/\" target=\"_blank\" rel=\"noopener\">\u00a01rA &#8211;\u00a0<\/a><a href=\"https:\/\/agora.xtec.cat\/escolacanfabra\/album-fotos-2016a\/\" target=\"_blank\" rel=\"noopener\">M\u00e0gia\u00a0 \u00a0 \u00a0<\/a>\u00a0 \u00a0 <a href=\"https:\/\/agora.xtec.cat\/escolacanfabra\/album-fotos-2016b\/\" target=\"_blank\" rel=\"noopener\">1rB &#8211; <\/a><a href=\"https:\/\/agora.xtec.cat\/escolacanfabra\/album-fotos-2016b\/\" target=\"_blank\" rel=\"noopener\">Lib\u00e8l\u00b7lules\u00a0 \u00a0 \u00a0<\/a><\/p>\n<p>A la tornada de les vacances comen\u00e7arem la tercera ronda. Imagineu quines seran les propostes?<\/p>\n","protected":false},"excerpt":{"rendered":"<p>Ja hem acabat la segona ronda dels racons de treball. Aquesta vegada les propostes han estat: Rac\u00f3 de jocs de taula amb Pillado, un joc cooperatiu de deducci\u00f3 i l\u00f2gica on hem d&#8217;esbrinar qui s&#8217;ha menjat el past\u00eds. Rac\u00f3 de pl\u00e0stica amb la proposta d&#8217;elaborar les boles decoratives que ens serviran per fer la postal. [&hellip;]<\/p>\n","protected":false},"author":3,"featured_media":27923,"comment_status":"open","ping_status":"closed","sticky":false,"template":"","format":"standard","meta":{"_bbp_topic_count":0,"_bbp_reply_count":0,"_bbp_total_topic_count":0,"_bbp_total_reply_count":0,"_bbp_voice_count":0,"_bbp_anonymous_reply_count":0,"_bbp_topic_count_hidden":0,"_bbp_reply_count_hidden":0,"_bbp_forum_subforum_count":0,"site-sidebar-layout":"default","site-content-layout":"","ast-site-content-layout":"","site-content-style":"default","site-sidebar-style":"default","ast-global-header-display":"","ast-banner-title-visibility":"","ast-main-header-display":"","ast-hfb-above-header-display":"","ast-hfb-below-header-display":"","ast-hfb-mobile-header-display":"","site-post-title":"","ast-breadcrumbs-content":"","ast-featured-img":"","footer-sml-layout":"","theme-transparent-header-meta":"","adv-header-id-meta":"","stick-header-meta":"","header-above-stick-meta":"","header-main-stick-meta":"","header-below-stick-meta":"","astra-migrate-meta-layouts":"default","ast-page-background-enabled":"default","ast-page-background-meta":{"desktop":{"background-color":"var(--ast-global-color-5)","background-image":"","background-repeat":"repeat","background-position":"center center","background-size":"auto","background-attachment":"scroll","background-type":"","background-media":"","overlay-type":"","overlay-color":"","overlay-opacity":"","overlay-gradient":""},"tablet":{"background-color":"","background-image":"","background-repeat":"repeat","background-position":"center center","background-size":"auto","background-attachment":"scroll","background-type":"","background-media":"","overlay-type":"","overlay-color":"","overlay-opacity":"","overlay-gradient":""},"mobile":{"background-color":"","background-image":"","background-repeat":"repeat","background-position":"center center","background-size":"auto","background-attachment":"scroll","background-type":"","background-media":"","overlay-type":"","overlay-color":"","overlay-opacity":"","overlay-gradient":""}},"ast-content-background-meta":{"desktop":{"background-color":"var(--ast-global-color-4)","background-image":"","background-repeat":"repeat","background-position":"center center","background-size":"auto","background-attachment":"scroll","background-type":"","background-media":"","overlay-type":"","overlay-color":"","overlay-opacity":"","overlay-gradient":""},"tablet":{"background-color":"var(--ast-global-color-4)","background-image":"","background-repeat":"repeat","background-position":"center center","background-size":"auto","background-attachment":"scroll","background-type":"","background-media":"","overlay-type":"","overlay-color":"","overlay-opacity":"","overlay-gradient":""},"mobile":{"background-color":"var(--ast-global-color-4)","background-image":"","background-repeat":"repeat","background-position":"center center","background-size":"auto","background-attachment":"scroll","background-type":"","background-media":"","overlay-type":"","overlay-color":"","overlay-opacity":"","overlay-gradient":""}},"footnotes":""},"categories":[262,4],"tags":[],"class_list":["post-27920","post","type-post","status-publish","format-standard","has-post-thumbnail","hentry","category-nascuts-2016","category-portada"],"post_mailing_queue_ids":[],"_links":{"self":[{"href":"https:\/\/agora.xtec.cat\/escolacanfabra\/wp-json\/wp\/v2\/posts\/27920","targetHints":{"allow":["GET"]}}],"collection":[{"href":"https:\/\/agora.xtec.cat\/escolacanfabra\/wp-json\/wp\/v2\/posts"}],"about":[{"href":"https:\/\/agora.xtec.cat\/escolacanfabra\/wp-json\/wp\/v2\/types\/post"}],"author":[{"embeddable":true,"href":"https:\/\/agora.xtec.cat\/escolacanfabra\/wp-json\/wp\/v2\/users\/3"}],"replies":[{"embeddable":true,"href":"https:\/\/agora.xtec.cat\/escolacanfabra\/wp-json\/wp\/v2\/comments?post=27920"}],"version-history":[{"count":2,"href":"https:\/\/agora.xtec.cat\/escolacanfabra\/wp-json\/wp\/v2\/posts\/27920\/revisions"}],"predecessor-version":[{"id":27925,"href":"https:\/\/agora.xtec.cat\/escolacanfabra\/wp-json\/wp\/v2\/posts\/27920\/revisions\/27925"}],"wp:featuredmedia":[{"embeddable":true,"href":"https:\/\/agora.xtec.cat\/escolacanfabra\/wp-json\/wp\/v2\/media\/27923"}],"wp:attachment":[{"href":"https:\/\/agora.xtec.cat\/escolacanfabra\/wp-json\/wp\/v2\/media?parent=27920"}],"wp:term":[{"taxonomy":"category","embeddable":true,"href":"https:\/\/agora.xtec.cat\/escolacanfabra\/wp-json\/wp\/v2\/categories?post=27920"},{"taxonomy":"post_tag","embeddable":true,"href":"https:\/\/agora.xtec.cat\/escolacanfabra\/wp-json\/wp\/v2\/tags?post=27920"}],"curies":[{"name":"wp","href":"https:\/\/api.w.org\/{rel}","templated":true}]}}