{"id":2778,"date":"2015-03-19T02:53:21","date_gmt":"2015-03-19T00:53:21","guid":{"rendered":"http:\/\/escolacanfabra.cat\/?p=2778"},"modified":"2015-03-19T02:53:21","modified_gmt":"2015-03-19T00:53:21","slug":"treballem-la-solidaritat","status":"publish","type":"post","link":"https:\/\/agora.xtec.cat\/escolacanfabra\/nascuts-2011\/treballem-la-solidaritat\/","title":{"rendered":"Treballem la solidaritat."},"content":{"rendered":"<p>Benvolgudes fam\u00edlies, <\/p>\n<p>Des del projecte de filosofia potenciem el treball de  valors que s\u00f3n fonamentals per al desenvolupament de tots els nostres alumnes. Aquests valors es concreten en cinc aspectes: la responsabilitat, l&#8217;esfor\u00e7, el respecte, la solidaritat i la il\u00b7lusi\u00f3. Cadascun d&#8217;ells es refor\u00e7a amb alguna activitat que el potenci\u00ef.  <\/p>\n<p>A l\u2019escola, com cada any, vam celebrar el dia de la pau i tots els alumnes de l&#8217;escola ens vam trobar al pati i vam escoltar i cantar can\u00e7ons de pau.<\/p>\n<p>Tamb\u00e9 els m\u00e9s petits de l&#8217;escola varen gaudir de la representaci\u00f3 de l&#8217;obra de teatre a c\u00e0rrec d&#8217;uns pares: &#8220;Can Fabra, la f\u00e0brica de valors&#8221; amb m\u00fasica d&#8217;un mestre de l&#8217;escola, en Ciscu Montaner<\/p>\n<p>Aquest va ser el punt d&#8217;inici per treballar la solidaritat al llarg del mes de febrer. Vam explicar, canviant les mestres de classe, el conte de &#8220;Les creps de mama Panya&#8221;  perqu\u00e8 vol\u00edem fer pal\u00e8s el fet de compartir el nostre temps amb gent amb qui normalment no ho fem. Aix\u00ed tamb\u00e9 podr\u00edem introduir la proposta de compartir un pati amb qui normalment no ho fem. Despr\u00e9s d\u2019aquestes experi\u00e8ncies volem posar-ho en un diari de classe que anomenarem el diari solidari. Ja us explicarem com ens ha anat. Per deixar-vos en bona companyia, us annexem el conte de \u201cLes creps de mama Panya\u201d perqu\u00e8 el podeu explicar a casa. <\/p>\n<p><iframe loading=\"lazy\" src=\"https:\/\/player.vimeo.com\/video\/122583829\" width=\"500\" height=\"375\" frameborder=\"0\" webkitallowfullscreen mozallowfullscreen allowfullscreen><\/iframe> <\/p>\n<p><a href=\"https:\/\/vimeo.com\/122583829\">Les creps de Mama Panya<\/a> from <a href=\"https:\/\/vimeo.com\/user19298989\">Escola Can Fabra<\/a> on <a href=\"https:\/\/vimeo.com\">Vimeo<\/a>.<\/p>\n","protected":false},"excerpt":{"rendered":"<p>Benvolgudes fam\u00edlies, Des del projecte de filosofia potenciem el treball de valors que s\u00f3n fonamentals per al desenvolupament de tots els nostres alumnes. Aquests valors es concreten en cinc aspectes: la responsabilitat, l&#8217;esfor\u00e7, el respecte, la solidaritat i la il\u00b7lusi\u00f3. Cadascun d&#8217;ells es refor\u00e7a amb alguna activitat que el potenci\u00ef. A l\u2019escola, com cada any, [&hellip;]<\/p>\n","protected":false},"author":3,"featured_media":0,"comment_status":"open","ping_status":"open","sticky":false,"template":"","format":"standard","meta":{"_bbp_topic_count":0,"_bbp_reply_count":0,"_bbp_total_topic_count":0,"_bbp_total_reply_count":0,"_bbp_voice_count":0,"_bbp_anonymous_reply_count":0,"_bbp_topic_count_hidden":0,"_bbp_reply_count_hidden":0,"_bbp_forum_subforum_count":0,"site-sidebar-layout":"default","site-content-layout":"","ast-site-content-layout":"","site-content-style":"default","site-sidebar-style":"default","ast-global-header-display":"","ast-banner-title-visibility":"","ast-main-header-display":"","ast-hfb-above-header-display":"","ast-hfb-below-header-display":"","ast-hfb-mobile-header-display":"","site-post-title":"","ast-breadcrumbs-content":"","ast-featured-img":"","footer-sml-layout":"","theme-transparent-header-meta":"","adv-header-id-meta":"","stick-header-meta":"","header-above-stick-meta":"","header-main-stick-meta":"","header-below-stick-meta":"","astra-migrate-meta-layouts":"default","ast-page-background-enabled":"default","ast-page-background-meta":{"desktop":{"background-color":"var(--ast-global-color-5)","background-image":"","background-repeat":"repeat","background-position":"center center","background-size":"auto","background-attachment":"scroll","background-type":"","background-media":"","overlay-type":"","overlay-color":"","overlay-opacity":"","overlay-gradient":""},"tablet":{"background-color":"","background-image":"","background-repeat":"repeat","background-position":"center center","background-size":"auto","background-attachment":"scroll","background-type":"","background-media":"","overlay-type":"","overlay-color":"","overlay-opacity":"","overlay-gradient":""},"mobile":{"background-color":"","background-image":"","background-repeat":"repeat","background-position":"center center","background-size":"auto","background-attachment":"scroll","background-type":"","background-media":"","overlay-type":"","overlay-color":"","overlay-opacity":"","overlay-gradient":""}},"ast-content-background-meta":{"desktop":{"background-color":"var(--ast-global-color-4)","background-image":"","background-repeat":"repeat","background-position":"center center","background-size":"auto","background-attachment":"scroll","background-type":"","background-media":"","overlay-type":"","overlay-color":"","overlay-opacity":"","overlay-gradient":""},"tablet":{"background-color":"var(--ast-global-color-4)","background-image":"","background-repeat":"repeat","background-position":"center center","background-size":"auto","background-attachment":"scroll","background-type":"","background-media":"","overlay-type":"","overlay-color":"","overlay-opacity":"","overlay-gradient":""},"mobile":{"background-color":"var(--ast-global-color-4)","background-image":"","background-repeat":"repeat","background-position":"center center","background-size":"auto","background-attachment":"scroll","background-type":"","background-media":"","overlay-type":"","overlay-color":"","overlay-opacity":"","overlay-gradient":""}},"footnotes":""},"categories":[65,62,61],"tags":[],"class_list":["post-2778","post","type-post","status-publish","format-standard","hentry","category-nascuts-2006","category-nascuts-2010","category-nascuts-2011"],"post_mailing_queue_ids":[],"_links":{"self":[{"href":"https:\/\/agora.xtec.cat\/escolacanfabra\/wp-json\/wp\/v2\/posts\/2778","targetHints":{"allow":["GET"]}}],"collection":[{"href":"https:\/\/agora.xtec.cat\/escolacanfabra\/wp-json\/wp\/v2\/posts"}],"about":[{"href":"https:\/\/agora.xtec.cat\/escolacanfabra\/wp-json\/wp\/v2\/types\/post"}],"author":[{"embeddable":true,"href":"https:\/\/agora.xtec.cat\/escolacanfabra\/wp-json\/wp\/v2\/users\/3"}],"replies":[{"embeddable":true,"href":"https:\/\/agora.xtec.cat\/escolacanfabra\/wp-json\/wp\/v2\/comments?post=2778"}],"version-history":[{"count":0,"href":"https:\/\/agora.xtec.cat\/escolacanfabra\/wp-json\/wp\/v2\/posts\/2778\/revisions"}],"wp:attachment":[{"href":"https:\/\/agora.xtec.cat\/escolacanfabra\/wp-json\/wp\/v2\/media?parent=2778"}],"wp:term":[{"taxonomy":"category","embeddable":true,"href":"https:\/\/agora.xtec.cat\/escolacanfabra\/wp-json\/wp\/v2\/categories?post=2778"},{"taxonomy":"post_tag","embeddable":true,"href":"https:\/\/agora.xtec.cat\/escolacanfabra\/wp-json\/wp\/v2\/tags?post=2778"}],"curies":[{"name":"wp","href":"https:\/\/api.w.org\/{rel}","templated":true}]}}