{"id":27744,"date":"2022-11-25T16:53:04","date_gmt":"2022-11-25T15:53:04","guid":{"rendered":"https:\/\/agora.xtec.cat\/escolacanfabra\/?p=27744"},"modified":"2022-11-25T16:53:04","modified_gmt":"2022-11-25T15:53:04","slug":"primera-trobada-dapadrinament-lector_i5-i-5e","status":"publish","type":"post","link":"https:\/\/agora.xtec.cat\/escolacanfabra\/general\/primera-trobada-dapadrinament-lector_i5-i-5e\/","title":{"rendered":"PRIMERA TROBADA D\u00b4APADRINAMENT LECTOR_I5 i 5\u00e8"},"content":{"rendered":"<p>ELS NENS I LES NENES D\u00b4<strong>I5<\/strong> I DE <strong>5\u00c8<\/strong> RECORDARAN PER SEMPRE EL <em>DIJOUS 24 DE NOVEMBRE<\/em>, JA QUE VAN COMPARTIR UN DELS MOMENTS M\u00c9S M\u00c0GICS I EMOCIONANTS QUE QUALSEVOL INFANT DE LA NOSTRA ESCOLA POT GAUDIR: L\u00b4<strong>APADRINAMENT LECTOR<\/strong>!<\/p>\n<p>AQUESTA \u00c9S UNA <em>ACTIVITAT PRECIOSA DE CAIRE COOPERATIU I MOLT VINCULADA AMB EL GUST PER LA LECTURA I EL FIL CONDUCTOR DE LES SESSIONS DE BIBLIOTECA<\/em>, QUE MITJAN\u00c7ANT <strong>TROBADES PERI\u00d2DIQUES DINAMITZADES AL LLARG DEL CURS<\/strong>, ENTRE ELS ALUMNES DELS DOS NIVELLS, PROMOU UN <strong>VINCLE ESPECIAL ENTRE LES PARELLES LECTORES: UN PADR\u00cd O PADRINA DE 5\u00e8 I UN FILLOL O FILLOLS D\u00b4I5.<\/strong><\/p>\n<p>AHIR ES VA CREAR UN <em>CLIMA MOLT ESPECIAL AL PATI D\u00b4INFANTIL, ON AMB UNA AMBIENTACI\u00d3 DOL\u00c7A I PROPERA<\/em>, ELS ALUMNES M\u00c9S GRANS VAN CONVIDAR ALS M\u00c9S PETITS A COMPARTIR CONTES, LLIBRES IL.LUSTRATS I MOMENTS BEN DOL\u00c7OS DE DESCOBERTA I TENDRESA, MITJAN\u00c7ANT LA LECTURA.<\/p>\n<p>DURANT LES PR\u00d2XIMES SETMANES CONTINUAREM COMPARTINT MOMENTS,\u00a0 ESTABLINT VINCLES ENTRE LES PARELLES DE PADRINS\/PADRINES I FILLOLS\/FILLOLES, I ENCETANT UN <em>CAM\u00cd LECTOR CONJUNT PLE DE MOMENTS MERAVELLOSOS I MOLT ESPECIALS<\/em>!<\/p>\n<p><a href=\"https:\/\/agora.xtec.cat\/escolacanfabra\/album-fotos-2017a\/\">AQU\u00cd<\/a> i <a href=\"https:\/\/agora.xtec.cat\/escolacanfabra\/album-fotos-2012a\/\">AQU\u00cd<\/a> US DEIXEM UN RECULL D\u00b4IMATGES DE LA PRIMERA TROBADA&#8230;<\/p>\n<p><em>LES ESPURNES DE M\u00c0GIA DE LA BRUIXA FABRETA ENS ACOMPANYARAN AL LLARG DE LES PR\u00d2XIMES ESTONES COMPARTIDES. CONTINUAR\u00c0&#8230;<\/em><\/p>\n","protected":false},"excerpt":{"rendered":"<p>ELS NENS I LES NENES D\u00b4I5 I DE 5\u00c8 RECORDARAN PER SEMPRE EL DIJOUS 24 DE NOVEMBRE, JA QUE VAN COMPARTIR UN DELS MOMENTS M\u00c9S M\u00c0GICS I EMOCIONANTS QUE QUALSEVOL INFANT DE LA NOSTRA ESCOLA POT GAUDIR: L\u00b4APADRINAMENT LECTOR! AQUESTA \u00c9S UNA ACTIVITAT PRECIOSA DE CAIRE COOPERATIU I MOLT VINCULADA AMB EL GUST PER LA [&hellip;]<\/p>\n","protected":false},"author":3,"featured_media":27745,"comment_status":"open","ping_status":"closed","sticky":false,"template":"","format":"standard","meta":{"_bbp_topic_count":0,"_bbp_reply_count":0,"_bbp_total_topic_count":0,"_bbp_total_reply_count":0,"_bbp_voice_count":0,"_bbp_anonymous_reply_count":0,"_bbp_topic_count_hidden":0,"_bbp_reply_count_hidden":0,"_bbp_forum_subforum_count":0,"site-sidebar-layout":"default","site-content-layout":"","ast-site-content-layout":"","site-content-style":"default","site-sidebar-style":"default","ast-global-header-display":"","ast-banner-title-visibility":"","ast-main-header-display":"","ast-hfb-above-header-display":"","ast-hfb-below-header-display":"","ast-hfb-mobile-header-display":"","site-post-title":"","ast-breadcrumbs-content":"","ast-featured-img":"","footer-sml-layout":"","theme-transparent-header-meta":"","adv-header-id-meta":"","stick-header-meta":"","header-above-stick-meta":"","header-main-stick-meta":"","header-below-stick-meta":"","astra-migrate-meta-layouts":"default","ast-page-background-enabled":"default","ast-page-background-meta":{"desktop":{"background-color":"var(--ast-global-color-5)","background-image":"","background-repeat":"repeat","background-position":"center center","background-size":"auto","background-attachment":"scroll","background-type":"","background-media":"","overlay-type":"","overlay-color":"","overlay-opacity":"","overlay-gradient":""},"tablet":{"background-color":"","background-image":"","background-repeat":"repeat","background-position":"center center","background-size":"auto","background-attachment":"scroll","background-type":"","background-media":"","overlay-type":"","overlay-color":"","overlay-opacity":"","overlay-gradient":""},"mobile":{"background-color":"","background-image":"","background-repeat":"repeat","background-position":"center center","background-size":"auto","background-attachment":"scroll","background-type":"","background-media":"","overlay-type":"","overlay-color":"","overlay-opacity":"","overlay-gradient":""}},"ast-content-background-meta":{"desktop":{"background-color":"var(--ast-global-color-4)","background-image":"","background-repeat":"repeat","background-position":"center center","background-size":"auto","background-attachment":"scroll","background-type":"","background-media":"","overlay-type":"","overlay-color":"","overlay-opacity":"","overlay-gradient":""},"tablet":{"background-color":"var(--ast-global-color-4)","background-image":"","background-repeat":"repeat","background-position":"center center","background-size":"auto","background-attachment":"scroll","background-type":"","background-media":"","overlay-type":"","overlay-color":"","overlay-opacity":"","overlay-gradient":""},"mobile":{"background-color":"var(--ast-global-color-4)","background-image":"","background-repeat":"repeat","background-position":"center center","background-size":"auto","background-attachment":"scroll","background-type":"","background-media":"","overlay-type":"","overlay-color":"","overlay-opacity":"","overlay-gradient":""}},"footnotes":""},"categories":[72,1,2,133,71,4,263],"tags":[],"class_list":["post-27744","post","type-post","status-publish","format-standard","has-post-thumbnail","hentry","category-biblioteca","category-general","category-infantil","category-nascuts-2012","category-noticies","category-portada","category-primaria"],"post_mailing_queue_ids":[],"_links":{"self":[{"href":"https:\/\/agora.xtec.cat\/escolacanfabra\/wp-json\/wp\/v2\/posts\/27744","targetHints":{"allow":["GET"]}}],"collection":[{"href":"https:\/\/agora.xtec.cat\/escolacanfabra\/wp-json\/wp\/v2\/posts"}],"about":[{"href":"https:\/\/agora.xtec.cat\/escolacanfabra\/wp-json\/wp\/v2\/types\/post"}],"author":[{"embeddable":true,"href":"https:\/\/agora.xtec.cat\/escolacanfabra\/wp-json\/wp\/v2\/users\/3"}],"replies":[{"embeddable":true,"href":"https:\/\/agora.xtec.cat\/escolacanfabra\/wp-json\/wp\/v2\/comments?post=27744"}],"version-history":[{"count":1,"href":"https:\/\/agora.xtec.cat\/escolacanfabra\/wp-json\/wp\/v2\/posts\/27744\/revisions"}],"predecessor-version":[{"id":27750,"href":"https:\/\/agora.xtec.cat\/escolacanfabra\/wp-json\/wp\/v2\/posts\/27744\/revisions\/27750"}],"wp:featuredmedia":[{"embeddable":true,"href":"https:\/\/agora.xtec.cat\/escolacanfabra\/wp-json\/wp\/v2\/media\/27745"}],"wp:attachment":[{"href":"https:\/\/agora.xtec.cat\/escolacanfabra\/wp-json\/wp\/v2\/media?parent=27744"}],"wp:term":[{"taxonomy":"category","embeddable":true,"href":"https:\/\/agora.xtec.cat\/escolacanfabra\/wp-json\/wp\/v2\/categories?post=27744"},{"taxonomy":"post_tag","embeddable":true,"href":"https:\/\/agora.xtec.cat\/escolacanfabra\/wp-json\/wp\/v2\/tags?post=27744"}],"curies":[{"name":"wp","href":"https:\/\/api.w.org\/{rel}","templated":true}]}}