{"id":27664,"date":"2022-11-21T10:23:09","date_gmt":"2022-11-21T09:23:09","guid":{"rendered":"https:\/\/agora.xtec.cat\/escolacanfabra\/?p=27664"},"modified":"2022-11-20T20:34:12","modified_gmt":"2022-11-20T19:34:12","slug":"1r-racons-de-treball","status":"publish","type":"post","link":"https:\/\/agora.xtec.cat\/escolacanfabra\/portada\/1r-racons-de-treball\/","title":{"rendered":"1r &#8211; RACONS DE TREBALL"},"content":{"rendered":"<p>Una de les activitats que fem a l&#8217;aula que m\u00e9s ens agrada s\u00f3n els racons de treball.<\/p>\n<p>L&#8217;aula es divideix en 5 espais i en cada un d&#8217;ells hi trobem una proposta relacionada amb l&#8217;\u00e0rea matem\u00e0tica, l&#8217;\u00e0rea de llengua o l&#8217;art visual i pl\u00e0stic, per\u00f2 sempre procurant que sigui una proposta m\u00e9s l\u00fadica, de manera que, amb la sensaci\u00f3 que estem jugant es reforcen aquestes \u00e0rees.<\/p>\n<p>Les primeres propostes d&#8217;aquest curs han estat:<\/p>\n<ul>\n<li>Rac\u00f3 sorpresa &#8211; Beebots: unes petites abelles robots que hem hagut d&#8217;esbrinar com funcionen.<\/li>\n<li>Rac\u00f3 de pl\u00e0stica &#8211; composici\u00f3 lliure amb colors de la tardor.<\/li>\n<li>Rac\u00f3 de penso i avan\u00e7o &#8211; Logico Piccolo: activitats autocorrectives per treballar la numeraci\u00f3.<\/li>\n<li>Rac\u00f3 de l&#8217;ordinador &#8211; Jclic de consci\u00e8ncia fonol\u00f2gica.<\/li>\n<li>Rac\u00f3 de joc de taula &#8211; una versi\u00f3 adaptada del joc de cartes &#8220;Los 10 cerditos&#8221;: busquem parelles que sumin 10.<\/li>\n<\/ul>\n<p>Ja hem acabat aquesta ronda i ho hem passat molt b\u00e9. Mireu, mireu!\u00a0 <a href=\"https:\/\/agora.xtec.cat\/escolacanfabra\/album-fotos-2016a\/\" target=\"_blank\" rel=\"noopener\">\u00a01rA &#8211;\u00a0<\/a><a href=\"https:\/\/agora.xtec.cat\/escolacanfabra\/album-fotos-2016a\/\" target=\"_blank\" rel=\"noopener\">M\u00e0gia\u00a0 \u00a0 \u00a0<\/a>\u00a0 \u00a0 <a href=\"https:\/\/agora.xtec.cat\/escolacanfabra\/album-fotos-2016b\/\" target=\"_blank\" rel=\"noopener\">1rB &#8211; <\/a><a href=\"https:\/\/agora.xtec.cat\/escolacanfabra\/album-fotos-2016b\/\" target=\"_blank\" rel=\"noopener\">Lib\u00e8l\u00b7lules\u00a0 \u00a0 \u00a0<\/a><\/p>\n<p>Aviat comen\u00e7arem la seg\u00fcent amb noves propostes. Quines seran?<\/p>\n","protected":false},"excerpt":{"rendered":"<p>Una de les activitats que fem a l&#8217;aula que m\u00e9s ens agrada s\u00f3n els racons de treball. L&#8217;aula es divideix en 5 espais i en cada un d&#8217;ells hi trobem una proposta relacionada amb l&#8217;\u00e0rea matem\u00e0tica, l&#8217;\u00e0rea de llengua o l&#8217;art visual i pl\u00e0stic, per\u00f2 sempre procurant que sigui una proposta m\u00e9s l\u00fadica, de manera [&hellip;]<\/p>\n","protected":false},"author":1,"featured_media":27668,"comment_status":"open","ping_status":"closed","sticky":false,"template":"","format":"standard","meta":{"_bbp_topic_count":0,"_bbp_reply_count":0,"_bbp_total_topic_count":0,"_bbp_total_reply_count":0,"_bbp_voice_count":0,"_bbp_anonymous_reply_count":0,"_bbp_topic_count_hidden":0,"_bbp_reply_count_hidden":0,"_bbp_forum_subforum_count":0,"site-sidebar-layout":"default","site-content-layout":"","ast-site-content-layout":"","site-content-style":"default","site-sidebar-style":"default","ast-global-header-display":"","ast-banner-title-visibility":"","ast-main-header-display":"","ast-hfb-above-header-display":"","ast-hfb-below-header-display":"","ast-hfb-mobile-header-display":"","site-post-title":"","ast-breadcrumbs-content":"","ast-featured-img":"","footer-sml-layout":"","theme-transparent-header-meta":"","adv-header-id-meta":"","stick-header-meta":"","header-above-stick-meta":"","header-main-stick-meta":"","header-below-stick-meta":"","astra-migrate-meta-layouts":"default","ast-page-background-enabled":"default","ast-page-background-meta":{"desktop":{"background-color":"var(--ast-global-color-5)","background-image":"","background-repeat":"repeat","background-position":"center center","background-size":"auto","background-attachment":"scroll","background-type":"","background-media":"","overlay-type":"","overlay-color":"","overlay-opacity":"","overlay-gradient":""},"tablet":{"background-color":"","background-image":"","background-repeat":"repeat","background-position":"center center","background-size":"auto","background-attachment":"scroll","background-type":"","background-media":"","overlay-type":"","overlay-color":"","overlay-opacity":"","overlay-gradient":""},"mobile":{"background-color":"","background-image":"","background-repeat":"repeat","background-position":"center center","background-size":"auto","background-attachment":"scroll","background-type":"","background-media":"","overlay-type":"","overlay-color":"","overlay-opacity":"","overlay-gradient":""}},"ast-content-background-meta":{"desktop":{"background-color":"var(--ast-global-color-4)","background-image":"","background-repeat":"repeat","background-position":"center center","background-size":"auto","background-attachment":"scroll","background-type":"","background-media":"","overlay-type":"","overlay-color":"","overlay-opacity":"","overlay-gradient":""},"tablet":{"background-color":"var(--ast-global-color-4)","background-image":"","background-repeat":"repeat","background-position":"center center","background-size":"auto","background-attachment":"scroll","background-type":"","background-media":"","overlay-type":"","overlay-color":"","overlay-opacity":"","overlay-gradient":""},"mobile":{"background-color":"var(--ast-global-color-4)","background-image":"","background-repeat":"repeat","background-position":"center center","background-size":"auto","background-attachment":"scroll","background-type":"","background-media":"","overlay-type":"","overlay-color":"","overlay-opacity":"","overlay-gradient":""}},"footnotes":""},"categories":[262,4],"tags":[],"class_list":["post-27664","post","type-post","status-publish","format-standard","has-post-thumbnail","hentry","category-nascuts-2016","category-portada"],"post_mailing_queue_ids":[],"_links":{"self":[{"href":"https:\/\/agora.xtec.cat\/escolacanfabra\/wp-json\/wp\/v2\/posts\/27664","targetHints":{"allow":["GET"]}}],"collection":[{"href":"https:\/\/agora.xtec.cat\/escolacanfabra\/wp-json\/wp\/v2\/posts"}],"about":[{"href":"https:\/\/agora.xtec.cat\/escolacanfabra\/wp-json\/wp\/v2\/types\/post"}],"author":[{"embeddable":true,"href":"https:\/\/agora.xtec.cat\/escolacanfabra\/wp-json\/wp\/v2\/users\/1"}],"replies":[{"embeddable":true,"href":"https:\/\/agora.xtec.cat\/escolacanfabra\/wp-json\/wp\/v2\/comments?post=27664"}],"version-history":[{"count":2,"href":"https:\/\/agora.xtec.cat\/escolacanfabra\/wp-json\/wp\/v2\/posts\/27664\/revisions"}],"predecessor-version":[{"id":27669,"href":"https:\/\/agora.xtec.cat\/escolacanfabra\/wp-json\/wp\/v2\/posts\/27664\/revisions\/27669"}],"wp:featuredmedia":[{"embeddable":true,"href":"https:\/\/agora.xtec.cat\/escolacanfabra\/wp-json\/wp\/v2\/media\/27668"}],"wp:attachment":[{"href":"https:\/\/agora.xtec.cat\/escolacanfabra\/wp-json\/wp\/v2\/media?parent=27664"}],"wp:term":[{"taxonomy":"category","embeddable":true,"href":"https:\/\/agora.xtec.cat\/escolacanfabra\/wp-json\/wp\/v2\/categories?post=27664"},{"taxonomy":"post_tag","embeddable":true,"href":"https:\/\/agora.xtec.cat\/escolacanfabra\/wp-json\/wp\/v2\/tags?post=27664"}],"curies":[{"name":"wp","href":"https:\/\/api.w.org\/{rel}","templated":true}]}}