{"id":27584,"date":"2022-11-14T18:36:51","date_gmt":"2022-11-14T17:36:51","guid":{"rendered":"https:\/\/agora.xtec.cat\/escolacanfabra\/?p=27584"},"modified":"2022-11-14T18:43:29","modified_gmt":"2022-11-14T17:43:29","slug":"5eb-primer-projecte-fenomens-naturals","status":"publish","type":"post","link":"https:\/\/agora.xtec.cat\/escolacanfabra\/general\/5eb-primer-projecte-fenomens-naturals\/","title":{"rendered":"5\u00e8B: Primer projecte &#8220;Fen\u00f2mens naturals&#8221;"},"content":{"rendered":"<p>El projecte que l&#8217;alumnat de 5\u00e8B ha triat per treballar aquest trimestre ha estat els &#8220;Fen\u00f2mens naturals&#8221;. Abans de triar-lo, a classe, vam revisar tots els projectes que els infants havien treballat des de P3 i vam anar anotant els continguts de cada un dels projectes en una graella, separant els continguts de medi social dels de medi natural.<\/p>\n<p>En acabar aquesta revisi\u00f3, vam comparar el que ja havia estat treballat amb el que quedava pendent de con\u00e8ixer, sengons el curr\u00edculum de prim\u00e0ria i fou aleshores quan, mitjan\u00e7ant una votaci\u00f3, l&#8217;alumnat va escollir els &#8220;Fen\u00f2mens naturals&#8221;.<\/p>\n<p>Una de les primeres activitats que vam fer, va ser classificar les preguntes que van sorgir sobre els fen\u00f2mens naturals en diferents tipus de fen\u00f2mens: els meteorol\u00f2gics, els geof\u00edsics, els astron\u00f2mics, els clim\u00e0tics, etc.<\/p>\n<p>Aqu\u00ed podeu veure les fotos d&#8217;aquestes sessions de projecte:\u00a0 <a href=\"https:\/\/agora.xtec.cat\/escolacanfabra\/album-fotos-2012b\/\">revisi\u00f3 de projectes\u00a0<\/a> \u00a0 \u00a0i\u00a0 \u00a0 <a href=\"https:\/\/agora.xtec.cat\/escolacanfabra\/album-fotos-2012b\/\">\u00a0classificaci\u00f3 de preguntes<\/a><\/p>\n","protected":false},"excerpt":{"rendered":"<p>El projecte que l&#8217;alumnat de 5\u00e8B ha triat per treballar aquest trimestre ha estat els &#8220;Fen\u00f2mens naturals&#8221;. Abans de triar-lo, a classe, vam revisar tots els projectes que els infants havien treballat des de P3 i vam anar anotant els continguts de cada un dels projectes en una graella, separant els continguts de medi social [&hellip;]<\/p>\n","protected":false},"author":3,"featured_media":27585,"comment_status":"open","ping_status":"closed","sticky":false,"template":"","format":"standard","meta":{"_bbp_topic_count":0,"_bbp_reply_count":0,"_bbp_total_topic_count":0,"_bbp_total_reply_count":0,"_bbp_voice_count":0,"_bbp_anonymous_reply_count":0,"_bbp_topic_count_hidden":0,"_bbp_reply_count_hidden":0,"_bbp_forum_subforum_count":0,"site-sidebar-layout":"default","site-content-layout":"","ast-site-content-layout":"","site-content-style":"default","site-sidebar-style":"default","ast-global-header-display":"","ast-banner-title-visibility":"","ast-main-header-display":"","ast-hfb-above-header-display":"","ast-hfb-below-header-display":"","ast-hfb-mobile-header-display":"","site-post-title":"","ast-breadcrumbs-content":"","ast-featured-img":"","footer-sml-layout":"","theme-transparent-header-meta":"","adv-header-id-meta":"","stick-header-meta":"","header-above-stick-meta":"","header-main-stick-meta":"","header-below-stick-meta":"","astra-migrate-meta-layouts":"default","ast-page-background-enabled":"default","ast-page-background-meta":{"desktop":{"background-color":"var(--ast-global-color-5)","background-image":"","background-repeat":"repeat","background-position":"center center","background-size":"auto","background-attachment":"scroll","background-type":"","background-media":"","overlay-type":"","overlay-color":"","overlay-opacity":"","overlay-gradient":""},"tablet":{"background-color":"","background-image":"","background-repeat":"repeat","background-position":"center center","background-size":"auto","background-attachment":"scroll","background-type":"","background-media":"","overlay-type":"","overlay-color":"","overlay-opacity":"","overlay-gradient":""},"mobile":{"background-color":"","background-image":"","background-repeat":"repeat","background-position":"center center","background-size":"auto","background-attachment":"scroll","background-type":"","background-media":"","overlay-type":"","overlay-color":"","overlay-opacity":"","overlay-gradient":""}},"ast-content-background-meta":{"desktop":{"background-color":"var(--ast-global-color-4)","background-image":"","background-repeat":"repeat","background-position":"center center","background-size":"auto","background-attachment":"scroll","background-type":"","background-media":"","overlay-type":"","overlay-color":"","overlay-opacity":"","overlay-gradient":""},"tablet":{"background-color":"var(--ast-global-color-4)","background-image":"","background-repeat":"repeat","background-position":"center center","background-size":"auto","background-attachment":"scroll","background-type":"","background-media":"","overlay-type":"","overlay-color":"","overlay-opacity":"","overlay-gradient":""},"mobile":{"background-color":"var(--ast-global-color-4)","background-image":"","background-repeat":"repeat","background-position":"center center","background-size":"auto","background-attachment":"scroll","background-type":"","background-media":"","overlay-type":"","overlay-color":"","overlay-opacity":"","overlay-gradient":""}},"footnotes":""},"categories":[1,133,4],"tags":[],"class_list":["post-27584","post","type-post","status-publish","format-standard","has-post-thumbnail","hentry","category-general","category-nascuts-2012","category-portada"],"post_mailing_queue_ids":[],"_links":{"self":[{"href":"https:\/\/agora.xtec.cat\/escolacanfabra\/wp-json\/wp\/v2\/posts\/27584","targetHints":{"allow":["GET"]}}],"collection":[{"href":"https:\/\/agora.xtec.cat\/escolacanfabra\/wp-json\/wp\/v2\/posts"}],"about":[{"href":"https:\/\/agora.xtec.cat\/escolacanfabra\/wp-json\/wp\/v2\/types\/post"}],"author":[{"embeddable":true,"href":"https:\/\/agora.xtec.cat\/escolacanfabra\/wp-json\/wp\/v2\/users\/3"}],"replies":[{"embeddable":true,"href":"https:\/\/agora.xtec.cat\/escolacanfabra\/wp-json\/wp\/v2\/comments?post=27584"}],"version-history":[{"count":3,"href":"https:\/\/agora.xtec.cat\/escolacanfabra\/wp-json\/wp\/v2\/posts\/27584\/revisions"}],"predecessor-version":[{"id":27589,"href":"https:\/\/agora.xtec.cat\/escolacanfabra\/wp-json\/wp\/v2\/posts\/27584\/revisions\/27589"}],"wp:featuredmedia":[{"embeddable":true,"href":"https:\/\/agora.xtec.cat\/escolacanfabra\/wp-json\/wp\/v2\/media\/27585"}],"wp:attachment":[{"href":"https:\/\/agora.xtec.cat\/escolacanfabra\/wp-json\/wp\/v2\/media?parent=27584"}],"wp:term":[{"taxonomy":"category","embeddable":true,"href":"https:\/\/agora.xtec.cat\/escolacanfabra\/wp-json\/wp\/v2\/categories?post=27584"},{"taxonomy":"post_tag","embeddable":true,"href":"https:\/\/agora.xtec.cat\/escolacanfabra\/wp-json\/wp\/v2\/tags?post=27584"}],"curies":[{"name":"wp","href":"https:\/\/api.w.org\/{rel}","templated":true}]}}