{"id":27431,"date":"2022-10-28T16:03:15","date_gmt":"2022-10-28T14:03:15","guid":{"rendered":"https:\/\/agora.xtec.cat\/escolacanfabra\/?p=27431"},"modified":"2022-11-03T11:20:37","modified_gmt":"2022-11-03T10:20:37","slug":"iniciem-els-tallers-de-descoberta-a-i4-i-i5","status":"publish","type":"post","link":"https:\/\/agora.xtec.cat\/escolacanfabra\/general\/iniciem-els-tallers-de-descoberta-a-i4-i-i5\/","title":{"rendered":"I4-I5_INICIEM ELS TALLERS DE DESCOBERTA"},"content":{"rendered":"<p>JA HEM COMEN\u00c7AT ELS <strong>TALLERS DE DESCOBERTA<\/strong> AMB ELS GRUPS D\u00b4<strong>I4<\/strong> (<em>CALAMARS GEGANTS i PEIXOS<\/em>) I D\u00b4<strong>I5<\/strong> (<em>FARIGOLA I PLANTES CARN\u00cdVORES<\/em>).<\/p>\n<p>ESTEM MOLT IL.LUSIONATS I ENGRESCATS PEL FET DE REPRENDRE PLENAMENT AQUESTA DIN\u00c0MICA PEDAG\u00d2GICA, FENT PARTICIPAR A TOTS ELS ALUMNES D\u00b4AQUESTS DOS NIVELLS. AL LLARG D\u00b4AQUEST PRIMER TRIMESTRE ELS INFANTS D\u00b4I4 i D\u00b4I5 PORTARAN A TERME 7 TALLERS DIFERENTS: <em>COS I MOVIMENT, CONSTRUCCIONS, TOT ES MOU, MIRO, REMENO, BUF I GAMES &amp; SONGS.<\/em><\/p>\n<p>TOTS PLEGATS GAUDIM DE GRANS MOMENTS COMPARTITS PLENS D\u2019<em>EXPERIMENTACI\u00d3, DE JOC I D\u2019APRENENTATGE.<\/em><\/p>\n<p>A CONTINUACI\u00d3 US DEIXEM UN <em>TASTET<\/em> DE LES IMATGES DE LA PRIMERA SESSI\u00d3:<\/p>\n<ul>\n<li><a href=\"https:\/\/agora.xtec.cat\/escolacanfabra\/album-fotos-2018a\/\">CALAMARS GEGANTS<\/a><\/li>\n<li><a href=\"https:\/\/agora.xtec.cat\/escolacanfabra\/album-fotos-2018b\/\">PEIXOS<\/a><\/li>\n<li><a href=\"https:\/\/agora.xtec.cat\/escolacanfabra\/album-fotos-2017a\/\">FARIGOLA<\/a><\/li>\n<li><a href=\"https:\/\/agora.xtec.cat\/escolacanfabra\/album-fotos-2017b\/\">PLANTES CARN\u00cdVORES<\/a><\/li>\n<\/ul>\n<p>CONTINUAR\u00c0&#8230;<\/p>\n","protected":false},"excerpt":{"rendered":"<p>JA HEM COMEN\u00c7AT ELS TALLERS DE DESCOBERTA AMB ELS GRUPS D\u00b4I4 (CALAMARS GEGANTS i PEIXOS) I D\u00b4I5 (FARIGOLA I PLANTES CARN\u00cdVORES). ESTEM MOLT IL.LUSIONATS I ENGRESCATS PEL FET DE REPRENDRE PLENAMENT AQUESTA DIN\u00c0MICA PEDAG\u00d2GICA, FENT PARTICIPAR A TOTS ELS ALUMNES D\u00b4AQUESTS DOS NIVELLS. AL LLARG D\u00b4AQUEST PRIMER TRIMESTRE ELS INFANTS D\u00b4I4 i D\u00b4I5 PORTARAN A [&hellip;]<\/p>\n","protected":false},"author":3,"featured_media":27433,"comment_status":"closed","ping_status":"closed","sticky":false,"template":"","format":"standard","meta":{"_bbp_topic_count":0,"_bbp_reply_count":0,"_bbp_total_topic_count":0,"_bbp_total_reply_count":0,"_bbp_voice_count":0,"_bbp_anonymous_reply_count":0,"_bbp_topic_count_hidden":0,"_bbp_reply_count_hidden":0,"_bbp_forum_subforum_count":0,"site-sidebar-layout":"default","site-content-layout":"","ast-site-content-layout":"","site-content-style":"default","site-sidebar-style":"default","ast-global-header-display":"","ast-banner-title-visibility":"","ast-main-header-display":"","ast-hfb-above-header-display":"","ast-hfb-below-header-display":"","ast-hfb-mobile-header-display":"","site-post-title":"","ast-breadcrumbs-content":"","ast-featured-img":"","footer-sml-layout":"","theme-transparent-header-meta":"","adv-header-id-meta":"","stick-header-meta":"","header-above-stick-meta":"","header-main-stick-meta":"","header-below-stick-meta":"","astra-migrate-meta-layouts":"default","ast-page-background-enabled":"default","ast-page-background-meta":{"desktop":{"background-color":"var(--ast-global-color-5)","background-image":"","background-repeat":"repeat","background-position":"center center","background-size":"auto","background-attachment":"scroll","background-type":"","background-media":"","overlay-type":"","overlay-color":"","overlay-opacity":"","overlay-gradient":""},"tablet":{"background-color":"","background-image":"","background-repeat":"repeat","background-position":"center center","background-size":"auto","background-attachment":"scroll","background-type":"","background-media":"","overlay-type":"","overlay-color":"","overlay-opacity":"","overlay-gradient":""},"mobile":{"background-color":"","background-image":"","background-repeat":"repeat","background-position":"center center","background-size":"auto","background-attachment":"scroll","background-type":"","background-media":"","overlay-type":"","overlay-color":"","overlay-opacity":"","overlay-gradient":""}},"ast-content-background-meta":{"desktop":{"background-color":"var(--ast-global-color-4)","background-image":"","background-repeat":"repeat","background-position":"center center","background-size":"auto","background-attachment":"scroll","background-type":"","background-media":"","overlay-type":"","overlay-color":"","overlay-opacity":"","overlay-gradient":""},"tablet":{"background-color":"var(--ast-global-color-4)","background-image":"","background-repeat":"repeat","background-position":"center center","background-size":"auto","background-attachment":"scroll","background-type":"","background-media":"","overlay-type":"","overlay-color":"","overlay-opacity":"","overlay-gradient":""},"mobile":{"background-color":"var(--ast-global-color-4)","background-image":"","background-repeat":"repeat","background-position":"center center","background-size":"auto","background-attachment":"scroll","background-type":"","background-media":"","overlay-type":"","overlay-color":"","overlay-opacity":"","overlay-gradient":""}},"footnotes":""},"categories":[1,2,266,71,4],"tags":[],"class_list":["post-27431","post","type-post","status-publish","format-standard","has-post-thumbnail","hentry","category-general","category-infantil","category-nascuts-2017","category-noticies","category-portada"],"post_mailing_queue_ids":[],"_links":{"self":[{"href":"https:\/\/agora.xtec.cat\/escolacanfabra\/wp-json\/wp\/v2\/posts\/27431","targetHints":{"allow":["GET"]}}],"collection":[{"href":"https:\/\/agora.xtec.cat\/escolacanfabra\/wp-json\/wp\/v2\/posts"}],"about":[{"href":"https:\/\/agora.xtec.cat\/escolacanfabra\/wp-json\/wp\/v2\/types\/post"}],"author":[{"embeddable":true,"href":"https:\/\/agora.xtec.cat\/escolacanfabra\/wp-json\/wp\/v2\/users\/3"}],"replies":[{"embeddable":true,"href":"https:\/\/agora.xtec.cat\/escolacanfabra\/wp-json\/wp\/v2\/comments?post=27431"}],"version-history":[{"count":2,"href":"https:\/\/agora.xtec.cat\/escolacanfabra\/wp-json\/wp\/v2\/posts\/27431\/revisions"}],"predecessor-version":[{"id":27494,"href":"https:\/\/agora.xtec.cat\/escolacanfabra\/wp-json\/wp\/v2\/posts\/27431\/revisions\/27494"}],"wp:featuredmedia":[{"embeddable":true,"href":"https:\/\/agora.xtec.cat\/escolacanfabra\/wp-json\/wp\/v2\/media\/27433"}],"wp:attachment":[{"href":"https:\/\/agora.xtec.cat\/escolacanfabra\/wp-json\/wp\/v2\/media?parent=27431"}],"wp:term":[{"taxonomy":"category","embeddable":true,"href":"https:\/\/agora.xtec.cat\/escolacanfabra\/wp-json\/wp\/v2\/categories?post=27431"},{"taxonomy":"post_tag","embeddable":true,"href":"https:\/\/agora.xtec.cat\/escolacanfabra\/wp-json\/wp\/v2\/tags?post=27431"}],"curies":[{"name":"wp","href":"https:\/\/api.w.org\/{rel}","templated":true}]}}