{"id":27347,"date":"2022-11-07T09:00:57","date_gmt":"2022-11-07T08:00:57","guid":{"rendered":"https:\/\/agora.xtec.cat\/escolacanfabra\/?p=27347"},"modified":"2022-11-14T16:30:37","modified_gmt":"2022-11-14T15:30:37","slug":"que-fem-a-la-sala-de-psicomotricitat","status":"publish","type":"post","link":"https:\/\/agora.xtec.cat\/escolacanfabra\/general\/que-fem-a-la-sala-de-psicomotricitat\/","title":{"rendered":"QU\u00c8 FEM A LA SALA DE PSICOMOTRICITAT?"},"content":{"rendered":"<p>Benvolgudes fam\u00edlies,<\/p>\n<p>A la sala de Psico hi passa de tot i m\u00e9s, per\u00f2 qu\u00e8 fem? Com ho fem?<\/p>\n<p>La finalitat de la metodologia psicomotriu \u00e9s que l&#8217;infant vagi assolint objectius, adquirint capacitats, construint coneixements i desenvolupant compet\u00e8ncies a partir de la viv\u00e8ncia i posterior interioritzaci\u00f3 de l&#8217;experi\u00e8ncia corporal i motriu.<\/p>\n<p>Partint dels interessos dels infants, motivacions i necessitats dels infants, s&#8217;ofereix un entorn estimulant ple d&#8217;efecte, confian\u00e7a i seguretat, on, a trav\u00e9s de l&#8217;activitat espont\u00e0nia l\u00fadica i no directiva, cada nena i nena es va construint a s\u00ed mateix alhora que interacciona amb els altres infants, els espais, els materials i els adults.<\/p>\n<p>A continuaci\u00f3 podeu veure un recull de fotos de les sessions del curs passat i entendre millor tot aix\u00f2 que us hem explicat:<\/p>\n<ul>\n<li><a href=\"https:\/\/agora.xtec.cat\/escolacanfabra\/album-fotos-2018a\/\">CALAMARS GEGANTS<\/a><\/li>\n<li><a href=\"https:\/\/agora.xtec.cat\/escolacanfabra\/album-fotos-2018b\/\">PEIXOS<\/a><\/li>\n<li><a href=\"https:\/\/agora.xtec.cat\/escolacanfabra\/album-fotos-2017a\/\">FARIGOLA<\/a><\/li>\n<li><a href=\"https:\/\/agora.xtec.cat\/escolacanfabra\/album-fotos-2017b\/\">PLANTES CARN\u00cdVORES<\/a><\/li>\n<\/ul>\n<p>Nosaltres seguirem jugant a la sala i ben aviat us explicarem m\u00e9s coses<\/p>\n<p>&nbsp;<\/p>\n","protected":false},"excerpt":{"rendered":"<p>Benvolgudes fam\u00edlies, A la sala de Psico hi passa de tot i m\u00e9s, per\u00f2 qu\u00e8 fem? Com ho fem? La finalitat de la metodologia psicomotriu \u00e9s que l&#8217;infant vagi assolint objectius, adquirint capacitats, construint coneixements i desenvolupant compet\u00e8ncies a partir de la viv\u00e8ncia i posterior interioritzaci\u00f3 de l&#8217;experi\u00e8ncia corporal i motriu. Partint dels interessos dels [&hellip;]<\/p>\n","protected":false},"author":3,"featured_media":27572,"comment_status":"open","ping_status":"closed","sticky":false,"template":"","format":"standard","meta":{"_bbp_topic_count":0,"_bbp_reply_count":0,"_bbp_total_topic_count":0,"_bbp_total_reply_count":0,"_bbp_voice_count":0,"_bbp_anonymous_reply_count":0,"_bbp_topic_count_hidden":0,"_bbp_reply_count_hidden":0,"_bbp_forum_subforum_count":0,"site-sidebar-layout":"default","site-content-layout":"","ast-site-content-layout":"","site-content-style":"default","site-sidebar-style":"default","ast-global-header-display":"","ast-banner-title-visibility":"","ast-main-header-display":"","ast-hfb-above-header-display":"","ast-hfb-below-header-display":"","ast-hfb-mobile-header-display":"","site-post-title":"","ast-breadcrumbs-content":"","ast-featured-img":"","footer-sml-layout":"","theme-transparent-header-meta":"","adv-header-id-meta":"","stick-header-meta":"","header-above-stick-meta":"","header-main-stick-meta":"","header-below-stick-meta":"","astra-migrate-meta-layouts":"default","ast-page-background-enabled":"default","ast-page-background-meta":{"desktop":{"background-color":"var(--ast-global-color-5)","background-image":"","background-repeat":"repeat","background-position":"center center","background-size":"auto","background-attachment":"scroll","background-type":"","background-media":"","overlay-type":"","overlay-color":"","overlay-opacity":"","overlay-gradient":""},"tablet":{"background-color":"","background-image":"","background-repeat":"repeat","background-position":"center center","background-size":"auto","background-attachment":"scroll","background-type":"","background-media":"","overlay-type":"","overlay-color":"","overlay-opacity":"","overlay-gradient":""},"mobile":{"background-color":"","background-image":"","background-repeat":"repeat","background-position":"center center","background-size":"auto","background-attachment":"scroll","background-type":"","background-media":"","overlay-type":"","overlay-color":"","overlay-opacity":"","overlay-gradient":""}},"ast-content-background-meta":{"desktop":{"background-color":"var(--ast-global-color-4)","background-image":"","background-repeat":"repeat","background-position":"center center","background-size":"auto","background-attachment":"scroll","background-type":"","background-media":"","overlay-type":"","overlay-color":"","overlay-opacity":"","overlay-gradient":""},"tablet":{"background-color":"var(--ast-global-color-4)","background-image":"","background-repeat":"repeat","background-position":"center center","background-size":"auto","background-attachment":"scroll","background-type":"","background-media":"","overlay-type":"","overlay-color":"","overlay-opacity":"","overlay-gradient":""},"mobile":{"background-color":"var(--ast-global-color-4)","background-image":"","background-repeat":"repeat","background-position":"center center","background-size":"auto","background-attachment":"scroll","background-type":"","background-media":"","overlay-type":"","overlay-color":"","overlay-opacity":"","overlay-gradient":""}},"footnotes":""},"categories":[1,2,4],"tags":[],"class_list":["post-27347","post","type-post","status-publish","format-standard","has-post-thumbnail","hentry","category-general","category-infantil","category-portada"],"post_mailing_queue_ids":[],"_links":{"self":[{"href":"https:\/\/agora.xtec.cat\/escolacanfabra\/wp-json\/wp\/v2\/posts\/27347","targetHints":{"allow":["GET"]}}],"collection":[{"href":"https:\/\/agora.xtec.cat\/escolacanfabra\/wp-json\/wp\/v2\/posts"}],"about":[{"href":"https:\/\/agora.xtec.cat\/escolacanfabra\/wp-json\/wp\/v2\/types\/post"}],"author":[{"embeddable":true,"href":"https:\/\/agora.xtec.cat\/escolacanfabra\/wp-json\/wp\/v2\/users\/3"}],"replies":[{"embeddable":true,"href":"https:\/\/agora.xtec.cat\/escolacanfabra\/wp-json\/wp\/v2\/comments?post=27347"}],"version-history":[{"count":3,"href":"https:\/\/agora.xtec.cat\/escolacanfabra\/wp-json\/wp\/v2\/posts\/27347\/revisions"}],"predecessor-version":[{"id":27525,"href":"https:\/\/agora.xtec.cat\/escolacanfabra\/wp-json\/wp\/v2\/posts\/27347\/revisions\/27525"}],"wp:featuredmedia":[{"embeddable":true,"href":"https:\/\/agora.xtec.cat\/escolacanfabra\/wp-json\/wp\/v2\/media\/27572"}],"wp:attachment":[{"href":"https:\/\/agora.xtec.cat\/escolacanfabra\/wp-json\/wp\/v2\/media?parent=27347"}],"wp:term":[{"taxonomy":"category","embeddable":true,"href":"https:\/\/agora.xtec.cat\/escolacanfabra\/wp-json\/wp\/v2\/categories?post=27347"},{"taxonomy":"post_tag","embeddable":true,"href":"https:\/\/agora.xtec.cat\/escolacanfabra\/wp-json\/wp\/v2\/tags?post=27347"}],"curies":[{"name":"wp","href":"https:\/\/api.w.org\/{rel}","templated":true}]}}