{"id":27140,"date":"2022-09-21T16:29:16","date_gmt":"2022-09-21T14:29:16","guid":{"rendered":"https:\/\/agora.xtec.cat\/escolacanfabra\/?p=27140"},"modified":"2022-09-21T16:29:16","modified_gmt":"2022-09-21T14:29:16","slug":"primers-dies-compartits_i5","status":"publish","type":"post","link":"https:\/\/agora.xtec.cat\/escolacanfabra\/general\/primers-dies-compartits_i5\/","title":{"rendered":"PRIMERS DIES COMPARTITS_I5"},"content":{"rendered":"<p>ESTIMADES FAM\u00cdLIES, VOLEM COMPARTIR AMB TOTS I TOTES VOSALTRES ELS NOSTRES PRIMERS DIES, MOMENTS, DESCOBERTES I PETITES GRANS ESTONES D\u00b4AQUEST INICI DE CURS A I5.<\/p>\n<p>COM VEUREU HEM COMEN\u00c7AT EL CURS PLENS D\u00b4IL.LUSI\u00d3, NOVES RUTINES I DIN\u00c0MIQUES I MOLT\u00cdSSIMES GANES D\u00b4APRENDRE I GAUDIR!<\/p>\n<p>AQU\u00cd US DEIXEM UN PETIT RECULL FOTOGR\u00c0FIC D\u00b4ALGUNS D\u00b4AQUESTS MOMENTS DEL NOSTRE INICI DE CURS. ESPEREM QUE EL GAUDIU:<\/p>\n<ul>\n<li><a href=\"https:\/\/agora.xtec.cat\/escolacanfabra\/album-fotos-2017a\/\">I5A<\/a><\/li>\n<li><a href=\"https:\/\/agora.xtec.cat\/escolacanfabra\/album-fotos-2017b\/\">I5B<\/a><\/li>\n<\/ul>\n","protected":false},"excerpt":{"rendered":"<p>ESTIMADES FAM\u00cdLIES, VOLEM COMPARTIR AMB TOTS I TOTES VOSALTRES ELS NOSTRES PRIMERS DIES, MOMENTS, DESCOBERTES I PETITES GRANS ESTONES D\u00b4AQUEST INICI DE CURS A I5. COM VEUREU HEM COMEN\u00c7AT EL CURS PLENS D\u00b4IL.LUSI\u00d3, NOVES RUTINES I DIN\u00c0MIQUES I MOLT\u00cdSSIMES GANES D\u00b4APRENDRE I GAUDIR! AQU\u00cd US DEIXEM UN PETIT RECULL FOTOGR\u00c0FIC D\u00b4ALGUNS D\u00b4AQUESTS MOMENTS DEL NOSTRE [&hellip;]<\/p>\n","protected":false},"author":3,"featured_media":27141,"comment_status":"open","ping_status":"closed","sticky":false,"template":"","format":"standard","meta":{"_bbp_topic_count":0,"_bbp_reply_count":0,"_bbp_total_topic_count":0,"_bbp_total_reply_count":0,"_bbp_voice_count":0,"_bbp_anonymous_reply_count":0,"_bbp_topic_count_hidden":0,"_bbp_reply_count_hidden":0,"_bbp_forum_subforum_count":0,"site-sidebar-layout":"default","site-content-layout":"","ast-site-content-layout":"","site-content-style":"default","site-sidebar-style":"default","ast-global-header-display":"","ast-banner-title-visibility":"","ast-main-header-display":"","ast-hfb-above-header-display":"","ast-hfb-below-header-display":"","ast-hfb-mobile-header-display":"","site-post-title":"","ast-breadcrumbs-content":"","ast-featured-img":"","footer-sml-layout":"","theme-transparent-header-meta":"","adv-header-id-meta":"","stick-header-meta":"","header-above-stick-meta":"","header-main-stick-meta":"","header-below-stick-meta":"","astra-migrate-meta-layouts":"default","ast-page-background-enabled":"default","ast-page-background-meta":{"desktop":{"background-color":"var(--ast-global-color-5)","background-image":"","background-repeat":"repeat","background-position":"center center","background-size":"auto","background-attachment":"scroll","background-type":"","background-media":"","overlay-type":"","overlay-color":"","overlay-opacity":"","overlay-gradient":""},"tablet":{"background-color":"","background-image":"","background-repeat":"repeat","background-position":"center center","background-size":"auto","background-attachment":"scroll","background-type":"","background-media":"","overlay-type":"","overlay-color":"","overlay-opacity":"","overlay-gradient":""},"mobile":{"background-color":"","background-image":"","background-repeat":"repeat","background-position":"center center","background-size":"auto","background-attachment":"scroll","background-type":"","background-media":"","overlay-type":"","overlay-color":"","overlay-opacity":"","overlay-gradient":""}},"ast-content-background-meta":{"desktop":{"background-color":"var(--ast-global-color-4)","background-image":"","background-repeat":"repeat","background-position":"center center","background-size":"auto","background-attachment":"scroll","background-type":"","background-media":"","overlay-type":"","overlay-color":"","overlay-opacity":"","overlay-gradient":""},"tablet":{"background-color":"var(--ast-global-color-4)","background-image":"","background-repeat":"repeat","background-position":"center center","background-size":"auto","background-attachment":"scroll","background-type":"","background-media":"","overlay-type":"","overlay-color":"","overlay-opacity":"","overlay-gradient":""},"mobile":{"background-color":"var(--ast-global-color-4)","background-image":"","background-repeat":"repeat","background-position":"center center","background-size":"auto","background-attachment":"scroll","background-type":"","background-media":"","overlay-type":"","overlay-color":"","overlay-opacity":"","overlay-gradient":""}},"footnotes":""},"categories":[1,2,266,71,4],"tags":[],"class_list":["post-27140","post","type-post","status-publish","format-standard","has-post-thumbnail","hentry","category-general","category-infantil","category-nascuts-2017","category-noticies","category-portada"],"post_mailing_queue_ids":[],"_links":{"self":[{"href":"https:\/\/agora.xtec.cat\/escolacanfabra\/wp-json\/wp\/v2\/posts\/27140","targetHints":{"allow":["GET"]}}],"collection":[{"href":"https:\/\/agora.xtec.cat\/escolacanfabra\/wp-json\/wp\/v2\/posts"}],"about":[{"href":"https:\/\/agora.xtec.cat\/escolacanfabra\/wp-json\/wp\/v2\/types\/post"}],"author":[{"embeddable":true,"href":"https:\/\/agora.xtec.cat\/escolacanfabra\/wp-json\/wp\/v2\/users\/3"}],"replies":[{"embeddable":true,"href":"https:\/\/agora.xtec.cat\/escolacanfabra\/wp-json\/wp\/v2\/comments?post=27140"}],"version-history":[{"count":2,"href":"https:\/\/agora.xtec.cat\/escolacanfabra\/wp-json\/wp\/v2\/posts\/27140\/revisions"}],"predecessor-version":[{"id":27164,"href":"https:\/\/agora.xtec.cat\/escolacanfabra\/wp-json\/wp\/v2\/posts\/27140\/revisions\/27164"}],"wp:featuredmedia":[{"embeddable":true,"href":"https:\/\/agora.xtec.cat\/escolacanfabra\/wp-json\/wp\/v2\/media\/27141"}],"wp:attachment":[{"href":"https:\/\/agora.xtec.cat\/escolacanfabra\/wp-json\/wp\/v2\/media?parent=27140"}],"wp:term":[{"taxonomy":"category","embeddable":true,"href":"https:\/\/agora.xtec.cat\/escolacanfabra\/wp-json\/wp\/v2\/categories?post=27140"},{"taxonomy":"post_tag","embeddable":true,"href":"https:\/\/agora.xtec.cat\/escolacanfabra\/wp-json\/wp\/v2\/tags?post=27140"}],"curies":[{"name":"wp","href":"https:\/\/api.w.org\/{rel}","templated":true}]}}