{"id":26900,"date":"2022-06-21T15:22:01","date_gmt":"2022-06-21T13:22:01","guid":{"rendered":"https:\/\/agora.xtec.cat\/escolacanfabra\/?p=26900"},"modified":"2022-06-21T15:22:01","modified_gmt":"2022-06-21T13:22:01","slug":"5ea-projecte-fabra-i-coats","status":"publish","type":"post","link":"https:\/\/agora.xtec.cat\/escolacanfabra\/general\/5ea-projecte-fabra-i-coats\/","title":{"rendered":"5\u00e8A: projecte Fabra i Coats"},"content":{"rendered":"<p>Durant les darreres setmanes del curs ens hem dedicat a con\u00e8ixer una mica m\u00e9s sobre la hist\u00f2ria del lloc privilegiat on est\u00e0 ubicada la nostra escola: la Fabra i Coats.<\/p>\n<p>El punt de partida van ser un parell de visites al recinte de la f\u00e0brica amb dues persones diferents: el senyor Pere Fern\u00e1ndez, de l&#8217;associaci\u00f3 <em>&#8220;Amics de la Fabra i Coats&#8221;<\/em> i en Goyo Vizca\u00edno, professor d&#8217;hist\u00f2ria de l&#8217;institut Valldemossa. Sobre la visita feta amb en Pere, una companya i un company de la classe en fan aquest resum:<\/p>\n<p><em><span style=\"font-weight: 400;\">&#8220;El darrer 18 de maig el senyor Pere cap de manteniment de la Fabra i Coats ens va explicar la seva hist\u00f2ria i una mica m\u00e9s de la hist\u00f2ria de la Fabra i Coats.\u00a0<\/span><span style=\"font-weight: 400;\">Ens va explicar moltes coses interessants com: que a Catalunya hi havia 65 f\u00e0briques, a l\u2019escola estava el tint de la roba, la f\u00e0brica va estar 103 anys activa, i altres coses com que en un dia es gasten 1m litros d\u2019aigua.<\/span><\/em><\/p>\n<p><em><span style=\"font-weight: 400;\">Tamb\u00e9 ens va explicar coses de les calderes:que les calderes 1 i 4 ja estaven instalades abans de que arrib\u00e9s la empresa escocesa Coats que era rival de fabra, per\u00f2 per guanyar diners es van ajuntar i van instal\u00b7lar les calderes 2 i 3. I<\/span><\/em><span style=\"font-weight: 400;\"><em> per concloure la visita ens va ensenyar la alarma que servia per despertar els treballadors i treballadores de Sant Andreu.&#8221;<\/em> (Berta i Nil)<\/span><\/p>\n<p>Amb tota la informaci\u00f3 d&#8217;aquestes dues primeres visites, cada nen\/a va triar el tema sobre el que m\u00e9s l&#8217;interessava investigar.<\/p>\n<p>Per completar la tasca, vam fer tamb\u00e9 una visita a la col\u00f2nia t\u00e8xtil que la Fabra i Coats tenia a Borgony\u00e0 (Osona).<\/p>\n<p>La part final d&#8217;aquest petit projecte va ser compartir la informaci\u00f3 del tema triat amb la resta de companys\/es a l&#8217;aula.<\/p>\n<p>Si cliqueu <a href=\"https:\/\/agora.xtec.cat\/escolacanfabra\/album-fotos-2011a\/\">AQU\u00cd<\/a>, podreu veure imatges de les diferents activitats.<\/p>\n","protected":false},"excerpt":{"rendered":"<p>Durant les darreres setmanes del curs ens hem dedicat a con\u00e8ixer una mica m\u00e9s sobre la hist\u00f2ria del lloc privilegiat on est\u00e0 ubicada la nostra escola: la Fabra i Coats. El punt de partida van ser un parell de visites al recinte de la f\u00e0brica amb dues persones diferents: el senyor Pere Fern\u00e1ndez, de l&#8217;associaci\u00f3 [&hellip;]<\/p>\n","protected":false},"author":3,"featured_media":26866,"comment_status":"open","ping_status":"closed","sticky":false,"template":"","format":"standard","meta":{"_bbp_topic_count":0,"_bbp_reply_count":0,"_bbp_total_topic_count":0,"_bbp_total_reply_count":0,"_bbp_voice_count":0,"_bbp_anonymous_reply_count":0,"_bbp_topic_count_hidden":0,"_bbp_reply_count_hidden":0,"_bbp_forum_subforum_count":0,"site-sidebar-layout":"default","site-content-layout":"","ast-site-content-layout":"","site-content-style":"default","site-sidebar-style":"default","ast-global-header-display":"","ast-banner-title-visibility":"","ast-main-header-display":"","ast-hfb-above-header-display":"","ast-hfb-below-header-display":"","ast-hfb-mobile-header-display":"","site-post-title":"","ast-breadcrumbs-content":"","ast-featured-img":"","footer-sml-layout":"","theme-transparent-header-meta":"","adv-header-id-meta":"","stick-header-meta":"","header-above-stick-meta":"","header-main-stick-meta":"","header-below-stick-meta":"","astra-migrate-meta-layouts":"default","ast-page-background-enabled":"default","ast-page-background-meta":{"desktop":{"background-color":"var(--ast-global-color-5)","background-image":"","background-repeat":"repeat","background-position":"center center","background-size":"auto","background-attachment":"scroll","background-type":"","background-media":"","overlay-type":"","overlay-color":"","overlay-opacity":"","overlay-gradient":""},"tablet":{"background-color":"","background-image":"","background-repeat":"repeat","background-position":"center center","background-size":"auto","background-attachment":"scroll","background-type":"","background-media":"","overlay-type":"","overlay-color":"","overlay-opacity":"","overlay-gradient":""},"mobile":{"background-color":"","background-image":"","background-repeat":"repeat","background-position":"center center","background-size":"auto","background-attachment":"scroll","background-type":"","background-media":"","overlay-type":"","overlay-color":"","overlay-opacity":"","overlay-gradient":""}},"ast-content-background-meta":{"desktop":{"background-color":"var(--ast-global-color-4)","background-image":"","background-repeat":"repeat","background-position":"center center","background-size":"auto","background-attachment":"scroll","background-type":"","background-media":"","overlay-type":"","overlay-color":"","overlay-opacity":"","overlay-gradient":""},"tablet":{"background-color":"var(--ast-global-color-4)","background-image":"","background-repeat":"repeat","background-position":"center center","background-size":"auto","background-attachment":"scroll","background-type":"","background-media":"","overlay-type":"","overlay-color":"","overlay-opacity":"","overlay-gradient":""},"mobile":{"background-color":"var(--ast-global-color-4)","background-image":"","background-repeat":"repeat","background-position":"center center","background-size":"auto","background-attachment":"scroll","background-type":"","background-media":"","overlay-type":"","overlay-color":"","overlay-opacity":"","overlay-gradient":""}},"footnotes":""},"categories":[1,61,4,263],"tags":[],"class_list":["post-26900","post","type-post","status-publish","format-standard","has-post-thumbnail","hentry","category-general","category-nascuts-2011","category-portada","category-primaria"],"post_mailing_queue_ids":[],"_links":{"self":[{"href":"https:\/\/agora.xtec.cat\/escolacanfabra\/wp-json\/wp\/v2\/posts\/26900","targetHints":{"allow":["GET"]}}],"collection":[{"href":"https:\/\/agora.xtec.cat\/escolacanfabra\/wp-json\/wp\/v2\/posts"}],"about":[{"href":"https:\/\/agora.xtec.cat\/escolacanfabra\/wp-json\/wp\/v2\/types\/post"}],"author":[{"embeddable":true,"href":"https:\/\/agora.xtec.cat\/escolacanfabra\/wp-json\/wp\/v2\/users\/3"}],"replies":[{"embeddable":true,"href":"https:\/\/agora.xtec.cat\/escolacanfabra\/wp-json\/wp\/v2\/comments?post=26900"}],"version-history":[{"count":1,"href":"https:\/\/agora.xtec.cat\/escolacanfabra\/wp-json\/wp\/v2\/posts\/26900\/revisions"}],"predecessor-version":[{"id":26906,"href":"https:\/\/agora.xtec.cat\/escolacanfabra\/wp-json\/wp\/v2\/posts\/26900\/revisions\/26906"}],"wp:featuredmedia":[{"embeddable":true,"href":"https:\/\/agora.xtec.cat\/escolacanfabra\/wp-json\/wp\/v2\/media\/26866"}],"wp:attachment":[{"href":"https:\/\/agora.xtec.cat\/escolacanfabra\/wp-json\/wp\/v2\/media?parent=26900"}],"wp:term":[{"taxonomy":"category","embeddable":true,"href":"https:\/\/agora.xtec.cat\/escolacanfabra\/wp-json\/wp\/v2\/categories?post=26900"},{"taxonomy":"post_tag","embeddable":true,"href":"https:\/\/agora.xtec.cat\/escolacanfabra\/wp-json\/wp\/v2\/tags?post=26900"}],"curies":[{"name":"wp","href":"https:\/\/api.w.org\/{rel}","templated":true}]}}