{"id":26805,"date":"2022-06-08T13:57:13","date_gmt":"2022-06-08T11:57:13","guid":{"rendered":"https:\/\/agora.xtec.cat\/escolacanfabra\/?p=26805"},"modified":"2022-06-08T13:57:13","modified_gmt":"2022-06-08T11:57:13","slug":"6e-taller-dhigiene-bucodental","status":"publish","type":"post","link":"https:\/\/agora.xtec.cat\/escolacanfabra\/portada\/6e-taller-dhigiene-bucodental\/","title":{"rendered":"6\u00e8: Taller d&#8217;higiene bucodental"},"content":{"rendered":"<p><span style=\"font-weight: 400;\">El dia <\/span><b>4 de Maig<\/b><span style=\"font-weight: 400;\"> del 2022, ens van visitar un nois i unes noies que estan estudiant per ser <\/span><b>dentistes<\/b><span style=\"font-weight: 400;\">. Ens volien fer un taller a partir d\u2019un <\/span><b>formulari <\/b><span style=\"font-weight: 400;\">que ens van fer, tamb\u00e9 vam fer unes <\/span><b>proves<\/b><span style=\"font-weight: 400;\"> de com ens hav\u00edem de <\/span><b>netejar les dents<\/b><span style=\"font-weight: 400;\"> correctament i com ens hav\u00edem de passar el <\/span><b>fil dental<\/b><span style=\"font-weight: 400;\">, Despr\u00e9s ens van posar a prova i hav\u00edem <\/span><b>d&#8217;esbrinar quins aliments eras cariog\u00e8nics i quins no. H<\/b><span style=\"font-weight: 400;\">o van fer amb dues cartolines i amb diferents fotos <\/span><b>d\u2019aliments<\/b><span style=\"font-weight: 400;\">. Uns dies abans ens van fer un <\/span><b>q\u00fcestionari<\/b><span style=\"font-weight: 400;\"> i dies despr\u00e9s de que vinguessin en van fer dos mes. Creiem que van fer molt efecte la visita,<\/span><b> ens va ajudar molt.<\/b><\/p>\n<p>Finalment, fa uns dies van tornar per a fer-nos ompir un<strong> formulari final<\/strong> per a valorar tot el taller. Gr\u00e0cies noies i nois!<\/p>\n<p><a href=\"https:\/\/agora.xtec.cat\/escolacanfabra\/album-fotos-2010a\/\">Aqu\u00ed<\/a> i<a href=\"https:\/\/agora.xtec.cat\/escolacanfabra\/album-fotos-2010b\/\"> aqu\u00ed<\/a> podeu veure les fotos de la sessi\u00f3 pr\u00e0ctica.<\/p>\n<p><em>Nenes i nens de sis\u00e8.\u00a0<\/em><\/p>\n","protected":false},"excerpt":{"rendered":"<p>El dia 4 de Maig del 2022, ens van visitar un nois i unes noies que estan estudiant per ser dentistes. Ens volien fer un taller a partir d\u2019un formulari que ens van fer, tamb\u00e9 vam fer unes proves de com ens hav\u00edem de netejar les dents correctament i com ens hav\u00edem de passar el [&hellip;]<\/p>\n","protected":false},"author":3,"featured_media":26806,"comment_status":"open","ping_status":"closed","sticky":false,"template":"","format":"standard","meta":{"_bbp_topic_count":0,"_bbp_reply_count":0,"_bbp_total_topic_count":0,"_bbp_total_reply_count":0,"_bbp_voice_count":0,"_bbp_anonymous_reply_count":0,"_bbp_topic_count_hidden":0,"_bbp_reply_count_hidden":0,"_bbp_forum_subforum_count":0,"site-sidebar-layout":"default","site-content-layout":"","ast-site-content-layout":"","site-content-style":"default","site-sidebar-style":"default","ast-global-header-display":"","ast-banner-title-visibility":"","ast-main-header-display":"","ast-hfb-above-header-display":"","ast-hfb-below-header-display":"","ast-hfb-mobile-header-display":"","site-post-title":"","ast-breadcrumbs-content":"","ast-featured-img":"","footer-sml-layout":"","theme-transparent-header-meta":"","adv-header-id-meta":"","stick-header-meta":"","header-above-stick-meta":"","header-main-stick-meta":"","header-below-stick-meta":"","astra-migrate-meta-layouts":"default","ast-page-background-enabled":"default","ast-page-background-meta":{"desktop":{"background-color":"var(--ast-global-color-5)","background-image":"","background-repeat":"repeat","background-position":"center center","background-size":"auto","background-attachment":"scroll","background-type":"","background-media":"","overlay-type":"","overlay-color":"","overlay-opacity":"","overlay-gradient":""},"tablet":{"background-color":"","background-image":"","background-repeat":"repeat","background-position":"center center","background-size":"auto","background-attachment":"scroll","background-type":"","background-media":"","overlay-type":"","overlay-color":"","overlay-opacity":"","overlay-gradient":""},"mobile":{"background-color":"","background-image":"","background-repeat":"repeat","background-position":"center center","background-size":"auto","background-attachment":"scroll","background-type":"","background-media":"","overlay-type":"","overlay-color":"","overlay-opacity":"","overlay-gradient":""}},"ast-content-background-meta":{"desktop":{"background-color":"var(--ast-global-color-4)","background-image":"","background-repeat":"repeat","background-position":"center center","background-size":"auto","background-attachment":"scroll","background-type":"","background-media":"","overlay-type":"","overlay-color":"","overlay-opacity":"","overlay-gradient":""},"tablet":{"background-color":"var(--ast-global-color-4)","background-image":"","background-repeat":"repeat","background-position":"center center","background-size":"auto","background-attachment":"scroll","background-type":"","background-media":"","overlay-type":"","overlay-color":"","overlay-opacity":"","overlay-gradient":""},"mobile":{"background-color":"var(--ast-global-color-4)","background-image":"","background-repeat":"repeat","background-position":"center center","background-size":"auto","background-attachment":"scroll","background-type":"","background-media":"","overlay-type":"","overlay-color":"","overlay-opacity":"","overlay-gradient":""}},"footnotes":""},"categories":[62,4,263],"tags":[],"class_list":["post-26805","post","type-post","status-publish","format-standard","has-post-thumbnail","hentry","category-nascuts-2010","category-portada","category-primaria"],"post_mailing_queue_ids":[],"_links":{"self":[{"href":"https:\/\/agora.xtec.cat\/escolacanfabra\/wp-json\/wp\/v2\/posts\/26805","targetHints":{"allow":["GET"]}}],"collection":[{"href":"https:\/\/agora.xtec.cat\/escolacanfabra\/wp-json\/wp\/v2\/posts"}],"about":[{"href":"https:\/\/agora.xtec.cat\/escolacanfabra\/wp-json\/wp\/v2\/types\/post"}],"author":[{"embeddable":true,"href":"https:\/\/agora.xtec.cat\/escolacanfabra\/wp-json\/wp\/v2\/users\/3"}],"replies":[{"embeddable":true,"href":"https:\/\/agora.xtec.cat\/escolacanfabra\/wp-json\/wp\/v2\/comments?post=26805"}],"version-history":[{"count":1,"href":"https:\/\/agora.xtec.cat\/escolacanfabra\/wp-json\/wp\/v2\/posts\/26805\/revisions"}],"predecessor-version":[{"id":26807,"href":"https:\/\/agora.xtec.cat\/escolacanfabra\/wp-json\/wp\/v2\/posts\/26805\/revisions\/26807"}],"wp:featuredmedia":[{"embeddable":true,"href":"https:\/\/agora.xtec.cat\/escolacanfabra\/wp-json\/wp\/v2\/media\/26806"}],"wp:attachment":[{"href":"https:\/\/agora.xtec.cat\/escolacanfabra\/wp-json\/wp\/v2\/media?parent=26805"}],"wp:term":[{"taxonomy":"category","embeddable":true,"href":"https:\/\/agora.xtec.cat\/escolacanfabra\/wp-json\/wp\/v2\/categories?post=26805"},{"taxonomy":"post_tag","embeddable":true,"href":"https:\/\/agora.xtec.cat\/escolacanfabra\/wp-json\/wp\/v2\/tags?post=26805"}],"curies":[{"name":"wp","href":"https:\/\/api.w.org\/{rel}","templated":true}]}}