{"id":26750,"date":"2022-06-03T17:00:58","date_gmt":"2022-06-03T15:00:58","guid":{"rendered":"https:\/\/agora.xtec.cat\/escolacanfabra\/?p=26750"},"modified":"2022-06-05T12:12:22","modified_gmt":"2022-06-05T10:12:22","slug":"6e_anem-al-biatlo-i-la-laser-run","status":"publish","type":"post","link":"https:\/\/agora.xtec.cat\/escolacanfabra\/general\/6e_anem-al-biatlo-i-la-laser-run\/","title":{"rendered":"6\u00e8_ANEM AL BIATL\u00d3 I LA L\u00c0SER RUN"},"content":{"rendered":"<p>El dimarts dia 31 de maig, els nens i nenes de 6\u00e8 vam anar a fer l&#8217;activitat del Biatl\u00f3 i la L\u00e0ser Run. El biatl\u00f3 escolar \u00e9s un esdeveniment que permet als nois i noies viure l&#8217;esfor\u00e7 que requereix la participaci\u00f3 en una prova esportiva, i alhora relacionar-se amb alumnat d&#8217;altres centres. Al biatl\u00f3 es tracta de nedar 50 metres a la piscina i completar 1.500 metres de cursa a peu. I el L\u00e0ser Run, \u00e9s una prova del pentatl\u00f3.<\/p>\n<p>Ens ho vam passar d&#8217;all\u00f2 m\u00e9s b\u00e9. Mireu <a href=\"https:\/\/agora.xtec.cat\/escolacanfabra\/album-fotos-2010a\/\">aqu\u00ed<\/a> les fotos del dia del Biatl\u00f3 i <a href=\"https:\/\/agora.xtec.cat\/escolacanfabra\/album-fotos-2010b\/\">aqu\u00ed<\/a> de com ens vam preparar a l&#8217;escola a les sessions d&#8217;educaci\u00f3 F\u00edsica.<\/p>\n<p>I aprofitem per informar-vos que enguany\u00a0 <strong>La Competici\u00f3 en positiu<\/strong> se celebrar\u00e0 a l&#8217;auditori del Casino<br \/>\nde l&#8217;Alian\u00e7a del Poblenou el proper 14 de juny de 2022 de 17.30 a 18.30h:<br \/>\nEls premis d&#8217;enguany tindran un car\u00e0cter totalment en valors positius en l&#8217;esport:<br \/>\n&#8211; Hi haur\u00e0 premis de reconeixement al col\u00b7lectiu del grup classe, a l\u2019equip i a la companyonia que designar\u00e0<br \/>\nl&#8217;organitzaci\u00f3:<br \/>\nA.Treball en equip<br \/>\nB.Participaci\u00f3<br \/>\nC.Equitat de g\u00e8nere<\/p>\n<p>Quan tinguem m\u00e9s informaci\u00f3, ja us la farem arribar.<\/p>\n","protected":false},"excerpt":{"rendered":"<p>El dimarts dia 31 de maig, els nens i nenes de 6\u00e8 vam anar a fer l&#8217;activitat del Biatl\u00f3 i la L\u00e0ser Run. El biatl\u00f3 escolar \u00e9s un esdeveniment que permet als nois i noies viure l&#8217;esfor\u00e7 que requereix la participaci\u00f3 en una prova esportiva, i alhora relacionar-se amb alumnat d&#8217;altres centres. Al biatl\u00f3 es [&hellip;]<\/p>\n","protected":false},"author":3,"featured_media":26753,"comment_status":"open","ping_status":"closed","sticky":false,"template":"","format":"standard","meta":{"_bbp_topic_count":0,"_bbp_reply_count":0,"_bbp_total_topic_count":0,"_bbp_total_reply_count":0,"_bbp_voice_count":0,"_bbp_anonymous_reply_count":0,"_bbp_topic_count_hidden":0,"_bbp_reply_count_hidden":0,"_bbp_forum_subforum_count":0,"site-sidebar-layout":"default","site-content-layout":"","ast-site-content-layout":"","site-content-style":"default","site-sidebar-style":"default","ast-global-header-display":"","ast-banner-title-visibility":"","ast-main-header-display":"","ast-hfb-above-header-display":"","ast-hfb-below-header-display":"","ast-hfb-mobile-header-display":"","site-post-title":"","ast-breadcrumbs-content":"","ast-featured-img":"","footer-sml-layout":"","theme-transparent-header-meta":"","adv-header-id-meta":"","stick-header-meta":"","header-above-stick-meta":"","header-main-stick-meta":"","header-below-stick-meta":"","astra-migrate-meta-layouts":"default","ast-page-background-enabled":"default","ast-page-background-meta":{"desktop":{"background-color":"var(--ast-global-color-5)","background-image":"","background-repeat":"repeat","background-position":"center center","background-size":"auto","background-attachment":"scroll","background-type":"","background-media":"","overlay-type":"","overlay-color":"","overlay-opacity":"","overlay-gradient":""},"tablet":{"background-color":"","background-image":"","background-repeat":"repeat","background-position":"center center","background-size":"auto","background-attachment":"scroll","background-type":"","background-media":"","overlay-type":"","overlay-color":"","overlay-opacity":"","overlay-gradient":""},"mobile":{"background-color":"","background-image":"","background-repeat":"repeat","background-position":"center center","background-size":"auto","background-attachment":"scroll","background-type":"","background-media":"","overlay-type":"","overlay-color":"","overlay-opacity":"","overlay-gradient":""}},"ast-content-background-meta":{"desktop":{"background-color":"var(--ast-global-color-4)","background-image":"","background-repeat":"repeat","background-position":"center center","background-size":"auto","background-attachment":"scroll","background-type":"","background-media":"","overlay-type":"","overlay-color":"","overlay-opacity":"","overlay-gradient":""},"tablet":{"background-color":"var(--ast-global-color-4)","background-image":"","background-repeat":"repeat","background-position":"center center","background-size":"auto","background-attachment":"scroll","background-type":"","background-media":"","overlay-type":"","overlay-color":"","overlay-opacity":"","overlay-gradient":""},"mobile":{"background-color":"var(--ast-global-color-4)","background-image":"","background-repeat":"repeat","background-position":"center center","background-size":"auto","background-attachment":"scroll","background-type":"","background-media":"","overlay-type":"","overlay-color":"","overlay-opacity":"","overlay-gradient":""}},"footnotes":""},"categories":[1,62,4],"tags":[],"class_list":["post-26750","post","type-post","status-publish","format-standard","has-post-thumbnail","hentry","category-general","category-nascuts-2010","category-portada"],"post_mailing_queue_ids":[],"_links":{"self":[{"href":"https:\/\/agora.xtec.cat\/escolacanfabra\/wp-json\/wp\/v2\/posts\/26750","targetHints":{"allow":["GET"]}}],"collection":[{"href":"https:\/\/agora.xtec.cat\/escolacanfabra\/wp-json\/wp\/v2\/posts"}],"about":[{"href":"https:\/\/agora.xtec.cat\/escolacanfabra\/wp-json\/wp\/v2\/types\/post"}],"author":[{"embeddable":true,"href":"https:\/\/agora.xtec.cat\/escolacanfabra\/wp-json\/wp\/v2\/users\/3"}],"replies":[{"embeddable":true,"href":"https:\/\/agora.xtec.cat\/escolacanfabra\/wp-json\/wp\/v2\/comments?post=26750"}],"version-history":[{"count":3,"href":"https:\/\/agora.xtec.cat\/escolacanfabra\/wp-json\/wp\/v2\/posts\/26750\/revisions"}],"predecessor-version":[{"id":26765,"href":"https:\/\/agora.xtec.cat\/escolacanfabra\/wp-json\/wp\/v2\/posts\/26750\/revisions\/26765"}],"wp:featuredmedia":[{"embeddable":true,"href":"https:\/\/agora.xtec.cat\/escolacanfabra\/wp-json\/wp\/v2\/media\/26753"}],"wp:attachment":[{"href":"https:\/\/agora.xtec.cat\/escolacanfabra\/wp-json\/wp\/v2\/media?parent=26750"}],"wp:term":[{"taxonomy":"category","embeddable":true,"href":"https:\/\/agora.xtec.cat\/escolacanfabra\/wp-json\/wp\/v2\/categories?post=26750"},{"taxonomy":"post_tag","embeddable":true,"href":"https:\/\/agora.xtec.cat\/escolacanfabra\/wp-json\/wp\/v2\/tags?post=26750"}],"curies":[{"name":"wp","href":"https:\/\/api.w.org\/{rel}","templated":true}]}}