{"id":26662,"date":"2022-05-09T08:42:53","date_gmt":"2022-05-09T06:42:53","guid":{"rendered":"https:\/\/agora.xtec.cat\/escolacanfabra\/?p=26662"},"modified":"2022-05-08T21:56:23","modified_gmt":"2022-05-08T19:56:23","slug":"1r-taller-de-construccions-3a-i-4a-sessio","status":"publish","type":"post","link":"https:\/\/agora.xtec.cat\/escolacanfabra\/portada\/1r-taller-de-construccions-3a-i-4a-sessio\/","title":{"rendered":"1r &#8211; TALLER DE CONSTRUCCIONS-3a i 4a SESSI\u00d3"},"content":{"rendered":"<p>En aquestes dues sessions de construccions hem pogut deixar anar la nostra imaginaci\u00f3 com sempre, per\u00f2, aquesta vegada, ha calgut complir dues premisses:<\/p>\n<p>A la sessi\u00f3 3, un cop hem fet la nostra construcci\u00f3, l&#8217;hem hagut de traspassar al paper.<br \/>\nA la sessi\u00f3 4, al contrari. Primer hem fet el disseny de la construcci\u00f3 i despr\u00e9s l&#8217;hem reprodu\u00eft amb el material que hem escollit.<\/p>\n<p>No han estat reptes f\u00e0cils, per\u00f2 tots i totes ens hem esfor\u00e7at i hem mirat de trobar l&#8217;estrat\u00e8gia per a aconseguir-ho. Molt bona feina!!<\/p>\n<p>Mireu aqu\u00ed les fotos de les dues sessions:\u00a0\u00a0 <a href=\"https:\/\/agora.xtec.cat\/escolacanfabra\/album-fotos-2015a\/\">Classe de la lava<\/a>\u00a0 \u00a0 \u00a0 \u00a0<a href=\"https:\/\/agora.xtec.cat\/escolacanfabra\/album-fotos-2015b\/\">Classe dels volcans<\/a><\/p>\n<p>Aquestes han estat, de moment, les \u00faltimes sessions de construccions on farem servir Lego,\u00a0<span class=\"hiddenSpellError\">Flexi<\/span>, discs, cubs de fusta i peces de colors. A partir de la sessi\u00f3 seg\u00fcent treballarem amb\u00a0<span class=\"hiddenSpellError\">Kapla<\/span>\u00a0i un nou material que segur els encantar\u00e0.<\/p>\n","protected":false},"excerpt":{"rendered":"<p>En aquestes dues sessions de construccions hem pogut deixar anar la nostra imaginaci\u00f3 com sempre, per\u00f2, aquesta vegada, ha calgut complir dues premisses: A la sessi\u00f3 3, un cop hem fet la nostra construcci\u00f3, l&#8217;hem hagut de traspassar al paper. A la sessi\u00f3 4, al contrari. Primer hem fet el disseny de la construcci\u00f3 i [&hellip;]<\/p>\n","protected":false},"author":3,"featured_media":26663,"comment_status":"open","ping_status":"closed","sticky":false,"template":"","format":"standard","meta":{"_bbp_topic_count":0,"_bbp_reply_count":0,"_bbp_total_topic_count":0,"_bbp_total_reply_count":0,"_bbp_voice_count":0,"_bbp_anonymous_reply_count":0,"_bbp_topic_count_hidden":0,"_bbp_reply_count_hidden":0,"_bbp_forum_subforum_count":0,"site-sidebar-layout":"default","site-content-layout":"","ast-site-content-layout":"","site-content-style":"default","site-sidebar-style":"default","ast-global-header-display":"","ast-banner-title-visibility":"","ast-main-header-display":"","ast-hfb-above-header-display":"","ast-hfb-below-header-display":"","ast-hfb-mobile-header-display":"","site-post-title":"","ast-breadcrumbs-content":"","ast-featured-img":"","footer-sml-layout":"","theme-transparent-header-meta":"","adv-header-id-meta":"","stick-header-meta":"","header-above-stick-meta":"","header-main-stick-meta":"","header-below-stick-meta":"","astra-migrate-meta-layouts":"default","ast-page-background-enabled":"default","ast-page-background-meta":{"desktop":{"background-color":"var(--ast-global-color-5)","background-image":"","background-repeat":"repeat","background-position":"center center","background-size":"auto","background-attachment":"scroll","background-type":"","background-media":"","overlay-type":"","overlay-color":"","overlay-opacity":"","overlay-gradient":""},"tablet":{"background-color":"","background-image":"","background-repeat":"repeat","background-position":"center center","background-size":"auto","background-attachment":"scroll","background-type":"","background-media":"","overlay-type":"","overlay-color":"","overlay-opacity":"","overlay-gradient":""},"mobile":{"background-color":"","background-image":"","background-repeat":"repeat","background-position":"center center","background-size":"auto","background-attachment":"scroll","background-type":"","background-media":"","overlay-type":"","overlay-color":"","overlay-opacity":"","overlay-gradient":""}},"ast-content-background-meta":{"desktop":{"background-color":"var(--ast-global-color-4)","background-image":"","background-repeat":"repeat","background-position":"center center","background-size":"auto","background-attachment":"scroll","background-type":"","background-media":"","overlay-type":"","overlay-color":"","overlay-opacity":"","overlay-gradient":""},"tablet":{"background-color":"var(--ast-global-color-4)","background-image":"","background-repeat":"repeat","background-position":"center center","background-size":"auto","background-attachment":"scroll","background-type":"","background-media":"","overlay-type":"","overlay-color":"","overlay-opacity":"","overlay-gradient":""},"mobile":{"background-color":"var(--ast-global-color-4)","background-image":"","background-repeat":"repeat","background-position":"center center","background-size":"auto","background-attachment":"scroll","background-type":"","background-media":"","overlay-type":"","overlay-color":"","overlay-opacity":"","overlay-gradient":""}},"footnotes":""},"categories":[241,4],"tags":[],"class_list":["post-26662","post","type-post","status-publish","format-standard","has-post-thumbnail","hentry","category-nascuts-2015","category-portada"],"post_mailing_queue_ids":[],"_links":{"self":[{"href":"https:\/\/agora.xtec.cat\/escolacanfabra\/wp-json\/wp\/v2\/posts\/26662","targetHints":{"allow":["GET"]}}],"collection":[{"href":"https:\/\/agora.xtec.cat\/escolacanfabra\/wp-json\/wp\/v2\/posts"}],"about":[{"href":"https:\/\/agora.xtec.cat\/escolacanfabra\/wp-json\/wp\/v2\/types\/post"}],"author":[{"embeddable":true,"href":"https:\/\/agora.xtec.cat\/escolacanfabra\/wp-json\/wp\/v2\/users\/3"}],"replies":[{"embeddable":true,"href":"https:\/\/agora.xtec.cat\/escolacanfabra\/wp-json\/wp\/v2\/comments?post=26662"}],"version-history":[{"count":1,"href":"https:\/\/agora.xtec.cat\/escolacanfabra\/wp-json\/wp\/v2\/posts\/26662\/revisions"}],"predecessor-version":[{"id":26664,"href":"https:\/\/agora.xtec.cat\/escolacanfabra\/wp-json\/wp\/v2\/posts\/26662\/revisions\/26664"}],"wp:featuredmedia":[{"embeddable":true,"href":"https:\/\/agora.xtec.cat\/escolacanfabra\/wp-json\/wp\/v2\/media\/26663"}],"wp:attachment":[{"href":"https:\/\/agora.xtec.cat\/escolacanfabra\/wp-json\/wp\/v2\/media?parent=26662"}],"wp:term":[{"taxonomy":"category","embeddable":true,"href":"https:\/\/agora.xtec.cat\/escolacanfabra\/wp-json\/wp\/v2\/categories?post=26662"},{"taxonomy":"post_tag","embeddable":true,"href":"https:\/\/agora.xtec.cat\/escolacanfabra\/wp-json\/wp\/v2\/tags?post=26662"}],"curies":[{"name":"wp","href":"https:\/\/api.w.org\/{rel}","templated":true}]}}