{"id":26566,"date":"2022-04-27T22:11:06","date_gmt":"2022-04-27T20:11:06","guid":{"rendered":"https:\/\/agora.xtec.cat\/escolacanfabra\/?p=26566"},"modified":"2022-04-27T22:11:06","modified_gmt":"2022-04-27T20:11:06","slug":"https-drive-google-com-drive-folders-1hwxn4no5j_duf4ear3mddtxfoe4xcv2kuspsharing","status":"publish","type":"post","link":"https:\/\/agora.xtec.cat\/escolacanfabra\/general\/https-drive-google-com-drive-folders-1hwxn4no5j_duf4ear3mddtxfoe4xcv2kuspsharing\/","title":{"rendered":"P4B_La Classe dels Ping\u00fcins visita la Biblioteca Ignasi Igl\u00e9sias-Can Fabra"},"content":{"rendered":"<p>EL DIMECRES 20 D\u00b4ABRIL, ELS NENS I LES NENES DE LA CLASSE DELS PING\u00dcINS, VAM GAUDIR D\u00b4UN MAT\u00cd BEN M\u00c0GIC I PLE D\u00b4HIST\u00d2RIES, TOT APROPANT- NOS A LA BIBLIOTECA DE REFER\u00c8NCIA DEL NOSTRE ENTORN: LA <strong>BIBLIOTECA IGNASI IGL\u00c9SIAS- CAN FABRA!<\/strong><\/p>\n<p>NOM\u00c9S ARRIBAR, LA <span style=\"color: #0000ff;\"><em>MARTA GARC\u00cdA<\/em><\/span>, LA RESPONSABLE DE LA SECCI\u00d3 INFANTIL I MERAVELLOSA DINAMITZADORA DE LA BIBLIOTECA, ENS VA REBRE ACOMPANYADA DE L&#8217;<strong>ANDREU BIGOTETS<\/strong>, <em>EL RATOL\u00cd<\/em> QUE L\u00b4AJUDA A CUIDAR ELS SECRETS DELS CONTES, ELS LLIBRES I LES HIST\u00d2RIES QUE ES GUARDEN ALS PRESTATGES DE LA BIBLIOTECA.<\/p>\n<p><a href=\"https:\/\/agora.xtec.cat\/escolacanfabra\/wp-content\/uploads\/usu1954\/2022\/04\/IMG_9059-scaled.jpg\"><img loading=\"lazy\" decoding=\"async\" class=\"wp-image-26531 aligncenter\" src=\"https:\/\/agora.xtec.cat\/escolacanfabra\/wp-content\/uploads\/usu1954\/2022\/04\/IMG_9059-1024x768.jpg\" alt=\"\" width=\"314\" height=\"236\" srcset=\"https:\/\/agora.xtec.cat\/escolacanfabra\/wp-content\/uploads\/usu1954\/2022\/04\/IMG_9059-1024x768.jpg 1024w, https:\/\/agora.xtec.cat\/escolacanfabra\/wp-content\/uploads\/usu1954\/2022\/04\/IMG_9059-300x225.jpg 300w, https:\/\/agora.xtec.cat\/escolacanfabra\/wp-content\/uploads\/usu1954\/2022\/04\/IMG_9059-768x576.jpg 768w, https:\/\/agora.xtec.cat\/escolacanfabra\/wp-content\/uploads\/usu1954\/2022\/04\/IMG_9059-1536x1152.jpg 1536w, https:\/\/agora.xtec.cat\/escolacanfabra\/wp-content\/uploads\/usu1954\/2022\/04\/IMG_9059-2048x1536.jpg 2048w, https:\/\/agora.xtec.cat\/escolacanfabra\/wp-content\/uploads\/usu1954\/2022\/04\/IMG_9059-200x150.jpg 200w\" sizes=\"auto, (max-width: 314px) 100vw, 314px\" \/><\/a><\/p>\n<p>DE SEGUIDA ENS VAN ACOMPANYAR A LA PRIMERA PLANTA, JUST A L\u00b4ENTRADA DE LA <em>SECCI\u00d3 INFANTIL<\/em>, ON ENS ESPERAVEN GRANS SORPRESES: UN <em>DRAC DE SANT JORDI<\/em> AMB EL CARNET DE LA BIBLIOTECA SOBRE EL SEU LLOM, UNS <em>FOLLETS DESPISTATS<\/em> QUE HAVIEN DESENDRE\u00c7AT LA BIBLIOTECA, UNS LLIBRES PER CUIDAR, UNA M\u00c0QUINA PER FER SILENCI&#8230;PER\u00d2 SOBRETOT, VAM TROBAR <em>PRECIOSES HIST\u00d2RIES PLENES DE SOMNIS I PERSONATGES DELICIOSOS<\/em>, QUE EXPLICADES PER LA MARTA AMB ENTUSIASME I MOLTA SENSIBILITAT, VAN TRANSPORTAR- NOS A ALTRES MONS PLENS DE FANTASIA I TENDRESA.<\/p>\n<p><a href=\"https:\/\/agora.xtec.cat\/escolacanfabra\/wp-content\/uploads\/usu1954\/2022\/04\/IMG_9116-scaled.jpg\"><img loading=\"lazy\" decoding=\"async\" class=\"wp-image-26533 aligncenter\" src=\"https:\/\/agora.xtec.cat\/escolacanfabra\/wp-content\/uploads\/usu1954\/2022\/04\/IMG_9116-1024x768.jpg\" alt=\"\" width=\"353\" height=\"265\" srcset=\"https:\/\/agora.xtec.cat\/escolacanfabra\/wp-content\/uploads\/usu1954\/2022\/04\/IMG_9116-1024x768.jpg 1024w, https:\/\/agora.xtec.cat\/escolacanfabra\/wp-content\/uploads\/usu1954\/2022\/04\/IMG_9116-300x225.jpg 300w, https:\/\/agora.xtec.cat\/escolacanfabra\/wp-content\/uploads\/usu1954\/2022\/04\/IMG_9116-768x576.jpg 768w, https:\/\/agora.xtec.cat\/escolacanfabra\/wp-content\/uploads\/usu1954\/2022\/04\/IMG_9116-1536x1152.jpg 1536w, https:\/\/agora.xtec.cat\/escolacanfabra\/wp-content\/uploads\/usu1954\/2022\/04\/IMG_9116-2048x1536.jpg 2048w, https:\/\/agora.xtec.cat\/escolacanfabra\/wp-content\/uploads\/usu1954\/2022\/04\/IMG_9116-200x150.jpg 200w\" sizes=\"auto, (max-width: 353px) 100vw, 353px\" \/><\/a><\/p>\n<p>VAM SORTIR FASCINATS PER TOT ALL\u00d2 VIST I VISCUT, I AMB MOLTES GANES DE TORNAR- HI BEN AVIAT!<\/p>\n<p><span style=\"color: #800080;\"><strong>GR\u00c0CIES MARTA! GR\u00c0CIES ANDREU BIGOTETS!<\/strong><\/span><\/p>\n<p>AIX\u00cd DONCS, FAM\u00cdLIES: <em>US RECOMANEM QUE VISITEU LA BIBLIOTECA AMB ELS VOSTRES NENS I NENES DE MANERA HABITUAL. TROBAREU ACTIVITATS, MATERIALS I DIN\u00c0MIQUES QUE US FARAN SOMIAR I GAUDIR AMB ELS VOSTRES INFANTS!<\/em><\/p>\n<p><a href=\"https:\/\/agora.xtec.cat\/escolacanfabra\/album-fotos-2017b\/\"><strong>AQU\u00cd<\/strong><\/a> PODREU VEURE UN RECULL D\u00b4IMATGES DE LA NOSTRA EXPERI\u00c8NCIA\u00a0 A LA BIBLIOTECA IGNASI IGL\u00c9SIAS- CAN FABRA!<\/p>\n<p><span style=\"color: #0000ff;\">QUE LA M\u00c0GIA DELS CONTES ENS ACOMPANYI SEMPRE&#8230;<\/span><\/p>\n","protected":false},"excerpt":{"rendered":"<p>EL DIMECRES 20 D\u00b4ABRIL, ELS NENS I LES NENES DE LA CLASSE DELS PING\u00dcINS, VAM GAUDIR D\u00b4UN MAT\u00cd BEN M\u00c0GIC I PLE D\u00b4HIST\u00d2RIES, TOT APROPANT- NOS A LA BIBLIOTECA DE REFER\u00c8NCIA DEL NOSTRE ENTORN: LA BIBLIOTECA IGNASI IGL\u00c9SIAS- CAN FABRA! NOM\u00c9S ARRIBAR, LA MARTA GARC\u00cdA, LA RESPONSABLE DE LA SECCI\u00d3 INFANTIL I MERAVELLOSA DINAMITZADORA DE [&hellip;]<\/p>\n","protected":false},"author":3,"featured_media":26532,"comment_status":"open","ping_status":"closed","sticky":false,"template":"","format":"standard","meta":{"_bbp_topic_count":0,"_bbp_reply_count":0,"_bbp_total_topic_count":0,"_bbp_total_reply_count":0,"_bbp_voice_count":0,"_bbp_anonymous_reply_count":0,"_bbp_topic_count_hidden":0,"_bbp_reply_count_hidden":0,"_bbp_forum_subforum_count":0,"site-sidebar-layout":"default","site-content-layout":"","ast-site-content-layout":"","site-content-style":"default","site-sidebar-style":"default","ast-global-header-display":"","ast-banner-title-visibility":"","ast-main-header-display":"","ast-hfb-above-header-display":"","ast-hfb-below-header-display":"","ast-hfb-mobile-header-display":"","site-post-title":"","ast-breadcrumbs-content":"","ast-featured-img":"","footer-sml-layout":"","theme-transparent-header-meta":"","adv-header-id-meta":"","stick-header-meta":"","header-above-stick-meta":"","header-main-stick-meta":"","header-below-stick-meta":"","astra-migrate-meta-layouts":"default","ast-page-background-enabled":"default","ast-page-background-meta":{"desktop":{"background-color":"var(--ast-global-color-5)","background-image":"","background-repeat":"repeat","background-position":"center center","background-size":"auto","background-attachment":"scroll","background-type":"","background-media":"","overlay-type":"","overlay-color":"","overlay-opacity":"","overlay-gradient":""},"tablet":{"background-color":"","background-image":"","background-repeat":"repeat","background-position":"center center","background-size":"auto","background-attachment":"scroll","background-type":"","background-media":"","overlay-type":"","overlay-color":"","overlay-opacity":"","overlay-gradient":""},"mobile":{"background-color":"","background-image":"","background-repeat":"repeat","background-position":"center center","background-size":"auto","background-attachment":"scroll","background-type":"","background-media":"","overlay-type":"","overlay-color":"","overlay-opacity":"","overlay-gradient":""}},"ast-content-background-meta":{"desktop":{"background-color":"var(--ast-global-color-4)","background-image":"","background-repeat":"repeat","background-position":"center center","background-size":"auto","background-attachment":"scroll","background-type":"","background-media":"","overlay-type":"","overlay-color":"","overlay-opacity":"","overlay-gradient":""},"tablet":{"background-color":"var(--ast-global-color-4)","background-image":"","background-repeat":"repeat","background-position":"center center","background-size":"auto","background-attachment":"scroll","background-type":"","background-media":"","overlay-type":"","overlay-color":"","overlay-opacity":"","overlay-gradient":""},"mobile":{"background-color":"var(--ast-global-color-4)","background-image":"","background-repeat":"repeat","background-position":"center center","background-size":"auto","background-attachment":"scroll","background-type":"","background-media":"","overlay-type":"","overlay-color":"","overlay-opacity":"","overlay-gradient":""}},"footnotes":""},"categories":[72,1,2,71,4],"tags":[],"class_list":["post-26566","post","type-post","status-publish","format-standard","has-post-thumbnail","hentry","category-biblioteca","category-general","category-infantil","category-noticies","category-portada"],"post_mailing_queue_ids":[],"_links":{"self":[{"href":"https:\/\/agora.xtec.cat\/escolacanfabra\/wp-json\/wp\/v2\/posts\/26566","targetHints":{"allow":["GET"]}}],"collection":[{"href":"https:\/\/agora.xtec.cat\/escolacanfabra\/wp-json\/wp\/v2\/posts"}],"about":[{"href":"https:\/\/agora.xtec.cat\/escolacanfabra\/wp-json\/wp\/v2\/types\/post"}],"author":[{"embeddable":true,"href":"https:\/\/agora.xtec.cat\/escolacanfabra\/wp-json\/wp\/v2\/users\/3"}],"replies":[{"embeddable":true,"href":"https:\/\/agora.xtec.cat\/escolacanfabra\/wp-json\/wp\/v2\/comments?post=26566"}],"version-history":[{"count":1,"href":"https:\/\/agora.xtec.cat\/escolacanfabra\/wp-json\/wp\/v2\/posts\/26566\/revisions"}],"predecessor-version":[{"id":26567,"href":"https:\/\/agora.xtec.cat\/escolacanfabra\/wp-json\/wp\/v2\/posts\/26566\/revisions\/26567"}],"wp:featuredmedia":[{"embeddable":true,"href":"https:\/\/agora.xtec.cat\/escolacanfabra\/wp-json\/wp\/v2\/media\/26532"}],"wp:attachment":[{"href":"https:\/\/agora.xtec.cat\/escolacanfabra\/wp-json\/wp\/v2\/media?parent=26566"}],"wp:term":[{"taxonomy":"category","embeddable":true,"href":"https:\/\/agora.xtec.cat\/escolacanfabra\/wp-json\/wp\/v2\/categories?post=26566"},{"taxonomy":"post_tag","embeddable":true,"href":"https:\/\/agora.xtec.cat\/escolacanfabra\/wp-json\/wp\/v2\/tags?post=26566"}],"curies":[{"name":"wp","href":"https:\/\/api.w.org\/{rel}","templated":true}]}}