{"id":26538,"date":"2022-04-28T16:00:05","date_gmt":"2022-04-28T14:00:05","guid":{"rendered":"https:\/\/agora.xtec.cat\/escolacanfabra\/?p=26538"},"modified":"2022-04-27T17:04:52","modified_gmt":"2022-04-27T15:04:52","slug":"dia-de-leducacio-fisica-al-carrer","status":"publish","type":"post","link":"https:\/\/agora.xtec.cat\/escolacanfabra\/portada\/dia-de-leducacio-fisica-al-carrer\/","title":{"rendered":"Dia de l&#8217;Educaci\u00f3 F\u00edsica al Carrer"},"content":{"rendered":"<p><img loading=\"lazy\" decoding=\"async\" class=\"wp-image-26541 aligncenter\" src=\"https:\/\/agora.xtec.cat\/escolacanfabra\/wp-content\/uploads\/usu1954\/2022\/04\/DEFC-banner-web-1920X653.png\" alt=\"\" width=\"557\" height=\"189\" srcset=\"https:\/\/agora.xtec.cat\/escolacanfabra\/wp-content\/uploads\/usu1954\/2022\/04\/DEFC-banner-web-1920X653.png 1920w, https:\/\/agora.xtec.cat\/escolacanfabra\/wp-content\/uploads\/usu1954\/2022\/04\/DEFC-banner-web-1920X653-300x102.png 300w, https:\/\/agora.xtec.cat\/escolacanfabra\/wp-content\/uploads\/usu1954\/2022\/04\/DEFC-banner-web-1920X653-1024x348.png 1024w, https:\/\/agora.xtec.cat\/escolacanfabra\/wp-content\/uploads\/usu1954\/2022\/04\/DEFC-banner-web-1920X653-768x261.png 768w, https:\/\/agora.xtec.cat\/escolacanfabra\/wp-content\/uploads\/usu1954\/2022\/04\/DEFC-banner-web-1920X653-1536x522.png 1536w\" sizes=\"auto, (max-width: 557px) 100vw, 557px\" \/><\/p>\n<p>El dimecres 27 d&#8217;abril hem celebrat el Dia de l&#8217;Educaci\u00f3 F\u00edsica al Carrer (DEFC) darrere de la Biblioteca Ignasi Igl\u00e9sias &#8211; Can Fabra als jardins. L&#8217;alumnat de 1r d&#8217;ESO de l&#8217;Institut Mart\u00ed Pous ens han preparat uns jocs tradicionals\/populars com bales, bitlles, petanca, corda, xapes o punteria al nostre alumnat d&#8217;Educaci\u00f3 Prim\u00e0ria. <!--more--><\/p>\n<p><span style=\"font-weight: 400;\">El DEFC \u00e9s una iniciativa que vol mostrar a la societat com \u00e9s l&#8217;actual Educaci\u00f3 F\u00edsica a les escoles. Arribant a la comunitat educativa seguint el lema &#8220;Estil de vida actiu per a tots i per sempre&#8221;.<\/span><\/p>\n<p>Us deixem un recull de fotos<a href=\"https:\/\/agora.xtec.cat\/escolacanfabra\/serveis\/fotos-de-les-classes\/album-fotos-escola\/\" target=\"_blank\" rel=\"noopener\"> aqu\u00ed<\/a>.<\/p>\n","protected":false},"excerpt":{"rendered":"<p>El dimecres 27 d&#8217;abril hem celebrat el Dia de l&#8217;Educaci\u00f3 F\u00edsica al Carrer (DEFC) darrere de la Biblioteca Ignasi Igl\u00e9sias &#8211; Can Fabra als jardins. L&#8217;alumnat de 1r d&#8217;ESO de l&#8217;Institut Mart\u00ed Pous ens han preparat uns jocs tradicionals\/populars com bales, bitlles, petanca, corda, xapes o punteria al nostre alumnat d&#8217;Educaci\u00f3 Prim\u00e0ria.<\/p>\n","protected":false},"author":1,"featured_media":0,"comment_status":"open","ping_status":"closed","sticky":false,"template":"","format":"standard","meta":{"_bbp_topic_count":0,"_bbp_reply_count":0,"_bbp_total_topic_count":0,"_bbp_total_reply_count":0,"_bbp_voice_count":0,"_bbp_anonymous_reply_count":0,"_bbp_topic_count_hidden":0,"_bbp_reply_count_hidden":0,"_bbp_forum_subforum_count":0,"site-sidebar-layout":"default","site-content-layout":"","ast-site-content-layout":"","site-content-style":"default","site-sidebar-style":"default","ast-global-header-display":"","ast-banner-title-visibility":"","ast-main-header-display":"","ast-hfb-above-header-display":"","ast-hfb-below-header-display":"","ast-hfb-mobile-header-display":"","site-post-title":"","ast-breadcrumbs-content":"","ast-featured-img":"","footer-sml-layout":"","theme-transparent-header-meta":"","adv-header-id-meta":"","stick-header-meta":"","header-above-stick-meta":"","header-main-stick-meta":"","header-below-stick-meta":"","astra-migrate-meta-layouts":"default","ast-page-background-enabled":"default","ast-page-background-meta":{"desktop":{"background-color":"var(--ast-global-color-5)","background-image":"","background-repeat":"repeat","background-position":"center center","background-size":"auto","background-attachment":"scroll","background-type":"","background-media":"","overlay-type":"","overlay-color":"","overlay-opacity":"","overlay-gradient":""},"tablet":{"background-color":"","background-image":"","background-repeat":"repeat","background-position":"center center","background-size":"auto","background-attachment":"scroll","background-type":"","background-media":"","overlay-type":"","overlay-color":"","overlay-opacity":"","overlay-gradient":""},"mobile":{"background-color":"","background-image":"","background-repeat":"repeat","background-position":"center center","background-size":"auto","background-attachment":"scroll","background-type":"","background-media":"","overlay-type":"","overlay-color":"","overlay-opacity":"","overlay-gradient":""}},"ast-content-background-meta":{"desktop":{"background-color":"var(--ast-global-color-4)","background-image":"","background-repeat":"repeat","background-position":"center center","background-size":"auto","background-attachment":"scroll","background-type":"","background-media":"","overlay-type":"","overlay-color":"","overlay-opacity":"","overlay-gradient":""},"tablet":{"background-color":"var(--ast-global-color-4)","background-image":"","background-repeat":"repeat","background-position":"center center","background-size":"auto","background-attachment":"scroll","background-type":"","background-media":"","overlay-type":"","overlay-color":"","overlay-opacity":"","overlay-gradient":""},"mobile":{"background-color":"var(--ast-global-color-4)","background-image":"","background-repeat":"repeat","background-position":"center center","background-size":"auto","background-attachment":"scroll","background-type":"","background-media":"","overlay-type":"","overlay-color":"","overlay-opacity":"","overlay-gradient":""}},"footnotes":""},"categories":[62,61,133,82,241,4,263],"tags":[],"class_list":["post-26538","post","type-post","status-publish","format-standard","hentry","category-nascuts-2010","category-nascuts-2011","category-nascuts-2012","category-nascuts-2013","category-nascuts-2015","category-portada","category-primaria"],"post_mailing_queue_ids":[],"_links":{"self":[{"href":"https:\/\/agora.xtec.cat\/escolacanfabra\/wp-json\/wp\/v2\/posts\/26538","targetHints":{"allow":["GET"]}}],"collection":[{"href":"https:\/\/agora.xtec.cat\/escolacanfabra\/wp-json\/wp\/v2\/posts"}],"about":[{"href":"https:\/\/agora.xtec.cat\/escolacanfabra\/wp-json\/wp\/v2\/types\/post"}],"author":[{"embeddable":true,"href":"https:\/\/agora.xtec.cat\/escolacanfabra\/wp-json\/wp\/v2\/users\/1"}],"replies":[{"embeddable":true,"href":"https:\/\/agora.xtec.cat\/escolacanfabra\/wp-json\/wp\/v2\/comments?post=26538"}],"version-history":[{"count":4,"href":"https:\/\/agora.xtec.cat\/escolacanfabra\/wp-json\/wp\/v2\/posts\/26538\/revisions"}],"predecessor-version":[{"id":26550,"href":"https:\/\/agora.xtec.cat\/escolacanfabra\/wp-json\/wp\/v2\/posts\/26538\/revisions\/26550"}],"wp:attachment":[{"href":"https:\/\/agora.xtec.cat\/escolacanfabra\/wp-json\/wp\/v2\/media?parent=26538"}],"wp:term":[{"taxonomy":"category","embeddable":true,"href":"https:\/\/agora.xtec.cat\/escolacanfabra\/wp-json\/wp\/v2\/categories?post=26538"},{"taxonomy":"post_tag","embeddable":true,"href":"https:\/\/agora.xtec.cat\/escolacanfabra\/wp-json\/wp\/v2\/tags?post=26538"}],"curies":[{"name":"wp","href":"https:\/\/api.w.org\/{rel}","templated":true}]}}