{"id":26507,"date":"2022-04-22T20:08:10","date_gmt":"2022-04-22T18:08:10","guid":{"rendered":"https:\/\/agora.xtec.cat\/escolacanfabra\/?p=26507"},"modified":"2022-04-22T20:08:10","modified_gmt":"2022-04-22T18:08:10","slug":"6e-hem-gaudit-de-dues-xerrades-sobre-el-nou-projecte","status":"publish","type":"post","link":"https:\/\/agora.xtec.cat\/escolacanfabra\/general\/6e-hem-gaudit-de-dues-xerrades-sobre-el-nou-projecte\/","title":{"rendered":"6\u00e8. Hem gaudit de dues xerrades sobre el nou projecte"},"content":{"rendered":"<p>L&#8217;alumnat de 6\u00e8 ha comen\u00e7at un nou projecte que hem anomenat &#8220;Els desastres de la guerra&#8221;, L&#8217;inter\u00e8s per fer aquest projecte va sorgir, com ja us podeu imaginar, a partir del neguit i, alhora,\u00a0 inter\u00e8s que va generar l&#8217;inici de la guerra entre Ucra\u00efna i R\u00fassia. A classe vam visionar un programa de l&#8217;Infok que parlava sobre aquesta guerra i a partir de les converses i intervencions dels infants sobre aquest programa i els dubtes que es van generar entre ells, vam decidir contactar amb una hist\u00f2riadora i professora de secund\u00e0ria, la Isabel Moreno, perqu\u00e8 ens parl\u00e9s de les grans guerres del S.XX.<\/p>\n<p>A m\u00e9s a m\u00e9s, com que els infants tamb\u00e9 tenien preguntes sobre la variada situaci\u00f3 pol\u00edtica d&#8217;Europa, la distribuci\u00f3 del seu territori entre els diferents pa\u00efsos i l&#8217;origen del conflicte entre Ucra\u00efna i R\u00fassia, vam contactar amb un periodista de La Vanguardia i pare de l&#8217;escola, en Josep Ma. Calvet,\u00a0 perqu\u00e8 ens fes una altra xerrada sobre geopol\u00edtica i geoestrat\u00e8gia.<\/p>\n<p>Aqu\u00ed teniu imatges sobre els diferents moments de les xerrades:\u00a0 <a href=\"https:\/\/agora.xtec.cat\/escolacanfabra\/serveis\/fotos-de-les-classes\/album-fotos-escola\/\">Les grans guerres del S.XX<\/a> i\u00a0 <a href=\"https:\/\/agora.xtec.cat\/escolacanfabra\/serveis\/fotos-de-les-classes\/album-fotos-escola\/\">Geopol\u00edtica<\/a><\/p>\n","protected":false},"excerpt":{"rendered":"<p>L&#8217;alumnat de 6\u00e8 ha comen\u00e7at un nou projecte que hem anomenat &#8220;Els desastres de la guerra&#8221;, L&#8217;inter\u00e8s per fer aquest projecte va sorgir, com ja us podeu imaginar, a partir del neguit i, alhora,\u00a0 inter\u00e8s que va generar l&#8217;inici de la guerra entre Ucra\u00efna i R\u00fassia. A classe vam visionar un programa de l&#8217;Infok que [&hellip;]<\/p>\n","protected":false},"author":3,"featured_media":26508,"comment_status":"open","ping_status":"closed","sticky":false,"template":"","format":"standard","meta":{"_bbp_topic_count":0,"_bbp_reply_count":0,"_bbp_total_topic_count":0,"_bbp_total_reply_count":0,"_bbp_voice_count":0,"_bbp_anonymous_reply_count":0,"_bbp_topic_count_hidden":0,"_bbp_reply_count_hidden":0,"_bbp_forum_subforum_count":0,"site-sidebar-layout":"default","site-content-layout":"","ast-site-content-layout":"","site-content-style":"default","site-sidebar-style":"default","ast-global-header-display":"","ast-banner-title-visibility":"","ast-main-header-display":"","ast-hfb-above-header-display":"","ast-hfb-below-header-display":"","ast-hfb-mobile-header-display":"","site-post-title":"","ast-breadcrumbs-content":"","ast-featured-img":"","footer-sml-layout":"","theme-transparent-header-meta":"","adv-header-id-meta":"","stick-header-meta":"","header-above-stick-meta":"","header-main-stick-meta":"","header-below-stick-meta":"","astra-migrate-meta-layouts":"default","ast-page-background-enabled":"default","ast-page-background-meta":{"desktop":{"background-color":"var(--ast-global-color-5)","background-image":"","background-repeat":"repeat","background-position":"center center","background-size":"auto","background-attachment":"scroll","background-type":"","background-media":"","overlay-type":"","overlay-color":"","overlay-opacity":"","overlay-gradient":""},"tablet":{"background-color":"","background-image":"","background-repeat":"repeat","background-position":"center center","background-size":"auto","background-attachment":"scroll","background-type":"","background-media":"","overlay-type":"","overlay-color":"","overlay-opacity":"","overlay-gradient":""},"mobile":{"background-color":"","background-image":"","background-repeat":"repeat","background-position":"center center","background-size":"auto","background-attachment":"scroll","background-type":"","background-media":"","overlay-type":"","overlay-color":"","overlay-opacity":"","overlay-gradient":""}},"ast-content-background-meta":{"desktop":{"background-color":"var(--ast-global-color-4)","background-image":"","background-repeat":"repeat","background-position":"center center","background-size":"auto","background-attachment":"scroll","background-type":"","background-media":"","overlay-type":"","overlay-color":"","overlay-opacity":"","overlay-gradient":""},"tablet":{"background-color":"var(--ast-global-color-4)","background-image":"","background-repeat":"repeat","background-position":"center center","background-size":"auto","background-attachment":"scroll","background-type":"","background-media":"","overlay-type":"","overlay-color":"","overlay-opacity":"","overlay-gradient":""},"mobile":{"background-color":"var(--ast-global-color-4)","background-image":"","background-repeat":"repeat","background-position":"center center","background-size":"auto","background-attachment":"scroll","background-type":"","background-media":"","overlay-type":"","overlay-color":"","overlay-opacity":"","overlay-gradient":""}},"footnotes":""},"categories":[1,62,4],"tags":[],"class_list":["post-26507","post","type-post","status-publish","format-standard","has-post-thumbnail","hentry","category-general","category-nascuts-2010","category-portada"],"post_mailing_queue_ids":[],"_links":{"self":[{"href":"https:\/\/agora.xtec.cat\/escolacanfabra\/wp-json\/wp\/v2\/posts\/26507","targetHints":{"allow":["GET"]}}],"collection":[{"href":"https:\/\/agora.xtec.cat\/escolacanfabra\/wp-json\/wp\/v2\/posts"}],"about":[{"href":"https:\/\/agora.xtec.cat\/escolacanfabra\/wp-json\/wp\/v2\/types\/post"}],"author":[{"embeddable":true,"href":"https:\/\/agora.xtec.cat\/escolacanfabra\/wp-json\/wp\/v2\/users\/3"}],"replies":[{"embeddable":true,"href":"https:\/\/agora.xtec.cat\/escolacanfabra\/wp-json\/wp\/v2\/comments?post=26507"}],"version-history":[{"count":1,"href":"https:\/\/agora.xtec.cat\/escolacanfabra\/wp-json\/wp\/v2\/posts\/26507\/revisions"}],"predecessor-version":[{"id":26509,"href":"https:\/\/agora.xtec.cat\/escolacanfabra\/wp-json\/wp\/v2\/posts\/26507\/revisions\/26509"}],"wp:featuredmedia":[{"embeddable":true,"href":"https:\/\/agora.xtec.cat\/escolacanfabra\/wp-json\/wp\/v2\/media\/26508"}],"wp:attachment":[{"href":"https:\/\/agora.xtec.cat\/escolacanfabra\/wp-json\/wp\/v2\/media?parent=26507"}],"wp:term":[{"taxonomy":"category","embeddable":true,"href":"https:\/\/agora.xtec.cat\/escolacanfabra\/wp-json\/wp\/v2\/categories?post=26507"},{"taxonomy":"post_tag","embeddable":true,"href":"https:\/\/agora.xtec.cat\/escolacanfabra\/wp-json\/wp\/v2\/tags?post=26507"}],"curies":[{"name":"wp","href":"https:\/\/api.w.org\/{rel}","templated":true}]}}