{"id":26465,"date":"2022-04-14T16:54:39","date_gmt":"2022-04-14T14:54:39","guid":{"rendered":"https:\/\/agora.xtec.cat\/escolacanfabra\/?p=26465"},"modified":"2022-04-14T16:54:39","modified_gmt":"2022-04-14T14:54:39","slug":"el-segon-trimestre-deducacio-fisica-a-5e","status":"publish","type":"post","link":"https:\/\/agora.xtec.cat\/escolacanfabra\/general\/el-segon-trimestre-deducacio-fisica-a-5e\/","title":{"rendered":"EL SEGON TRIMESTRE D&#8217;EDUCACI\u00d3 F\u00cdSICA A 5\u00c8"},"content":{"rendered":"<p>Hola fam\u00edlies de 5\u00e8,<\/p>\n<p>Aquest segon trimestre els nens i nens de 5\u00e8 a Educaci\u00f3 F\u00edsica hem fet moltes activitats i ens ho hem passat d&#8217;all\u00f2 m\u00e9s b\u00e9. Hem fet:<\/p>\n<p>&#8211; Jocs sensibilitzadors i visita de l&#8217;Assosciaci\u00f3 Amputats Sant Jordi<\/p>\n<p>-Circ: tot aprofitant el tema de carnestoltes vam fer uns dies de circ amb el di\u00e0bolo, els plats xinesos, les pilotes, maces, anelles, xanques i pedalos. I despr\u00e9s de provar-ho tot, per grups hem creat un petit espectacle a aquells que els hi ha vingut de gust ensenyar les seves creacions als companys i companyes.<\/p>\n<p>&#8211; Floorball: aquest trimestre\u00a0 l&#8217;esport que hem apr\u00e8s, \u00e9s el Floorball. \u00c9s un esport d&#8217;equip, on l&#8217;objectiu del joc \u00e9s ficar una pilota pl\u00e0stica en la porteria contr\u00e0ria utilitzant un bast\u00f3 lleuger anomenta estic.<\/p>\n<p>-El dia de la dona, ens va visitar una ex-jugafora de futbol, i ens va fer una xerrada de com ha sigut la seva viv\u00e8ncia personal en el m\u00f3n del f\u00fatbol femen\u00ed.<\/p>\n<p>&#8211; I per \u00faltim hem realitzat la sortida de l&#8217;activitat del Tennis platja a les instal\u00b7lacions del Vall d&#8217;Hebron on tenen unes pistes de tennis platja molt xules.<\/p>\n<p>Aqu\u00ed us deixem un recull de fotos: <a href=\"https:\/\/agora.xtec.cat\/escolacanfabra\/album-fotos-2011a\/\">5\u00e8A<\/a> i <a href=\"https:\/\/agora.xtec.cat\/escolacanfabra\/album-fotos-2011b\/\">5\u00e8B<\/a><\/p>\n","protected":false},"excerpt":{"rendered":"<p>Hola fam\u00edlies de 5\u00e8, Aquest segon trimestre els nens i nens de 5\u00e8 a Educaci\u00f3 F\u00edsica hem fet moltes activitats i ens ho hem passat d&#8217;all\u00f2 m\u00e9s b\u00e9. Hem fet: &#8211; Jocs sensibilitzadors i visita de l&#8217;Assosciaci\u00f3 Amputats Sant Jordi -Circ: tot aprofitant el tema de carnestoltes vam fer uns dies de circ amb el [&hellip;]<\/p>\n","protected":false},"author":3,"featured_media":26469,"comment_status":"open","ping_status":"closed","sticky":false,"template":"","format":"standard","meta":{"_bbp_topic_count":0,"_bbp_reply_count":0,"_bbp_total_topic_count":0,"_bbp_total_reply_count":0,"_bbp_voice_count":0,"_bbp_anonymous_reply_count":0,"_bbp_topic_count_hidden":0,"_bbp_reply_count_hidden":0,"_bbp_forum_subforum_count":0,"site-sidebar-layout":"default","site-content-layout":"","ast-site-content-layout":"","site-content-style":"default","site-sidebar-style":"default","ast-global-header-display":"","ast-banner-title-visibility":"","ast-main-header-display":"","ast-hfb-above-header-display":"","ast-hfb-below-header-display":"","ast-hfb-mobile-header-display":"","site-post-title":"","ast-breadcrumbs-content":"","ast-featured-img":"","footer-sml-layout":"","theme-transparent-header-meta":"","adv-header-id-meta":"","stick-header-meta":"","header-above-stick-meta":"","header-main-stick-meta":"","header-below-stick-meta":"","astra-migrate-meta-layouts":"default","ast-page-background-enabled":"default","ast-page-background-meta":{"desktop":{"background-color":"var(--ast-global-color-5)","background-image":"","background-repeat":"repeat","background-position":"center center","background-size":"auto","background-attachment":"scroll","background-type":"","background-media":"","overlay-type":"","overlay-color":"","overlay-opacity":"","overlay-gradient":""},"tablet":{"background-color":"","background-image":"","background-repeat":"repeat","background-position":"center center","background-size":"auto","background-attachment":"scroll","background-type":"","background-media":"","overlay-type":"","overlay-color":"","overlay-opacity":"","overlay-gradient":""},"mobile":{"background-color":"","background-image":"","background-repeat":"repeat","background-position":"center center","background-size":"auto","background-attachment":"scroll","background-type":"","background-media":"","overlay-type":"","overlay-color":"","overlay-opacity":"","overlay-gradient":""}},"ast-content-background-meta":{"desktop":{"background-color":"var(--ast-global-color-4)","background-image":"","background-repeat":"repeat","background-position":"center center","background-size":"auto","background-attachment":"scroll","background-type":"","background-media":"","overlay-type":"","overlay-color":"","overlay-opacity":"","overlay-gradient":""},"tablet":{"background-color":"var(--ast-global-color-4)","background-image":"","background-repeat":"repeat","background-position":"center center","background-size":"auto","background-attachment":"scroll","background-type":"","background-media":"","overlay-type":"","overlay-color":"","overlay-opacity":"","overlay-gradient":""},"mobile":{"background-color":"var(--ast-global-color-4)","background-image":"","background-repeat":"repeat","background-position":"center center","background-size":"auto","background-attachment":"scroll","background-type":"","background-media":"","overlay-type":"","overlay-color":"","overlay-opacity":"","overlay-gradient":""}},"footnotes":""},"categories":[1,61,4,263],"tags":[],"class_list":["post-26465","post","type-post","status-publish","format-standard","has-post-thumbnail","hentry","category-general","category-nascuts-2011","category-portada","category-primaria"],"post_mailing_queue_ids":[],"_links":{"self":[{"href":"https:\/\/agora.xtec.cat\/escolacanfabra\/wp-json\/wp\/v2\/posts\/26465","targetHints":{"allow":["GET"]}}],"collection":[{"href":"https:\/\/agora.xtec.cat\/escolacanfabra\/wp-json\/wp\/v2\/posts"}],"about":[{"href":"https:\/\/agora.xtec.cat\/escolacanfabra\/wp-json\/wp\/v2\/types\/post"}],"author":[{"embeddable":true,"href":"https:\/\/agora.xtec.cat\/escolacanfabra\/wp-json\/wp\/v2\/users\/3"}],"replies":[{"embeddable":true,"href":"https:\/\/agora.xtec.cat\/escolacanfabra\/wp-json\/wp\/v2\/comments?post=26465"}],"version-history":[{"count":3,"href":"https:\/\/agora.xtec.cat\/escolacanfabra\/wp-json\/wp\/v2\/posts\/26465\/revisions"}],"predecessor-version":[{"id":26474,"href":"https:\/\/agora.xtec.cat\/escolacanfabra\/wp-json\/wp\/v2\/posts\/26465\/revisions\/26474"}],"wp:featuredmedia":[{"embeddable":true,"href":"https:\/\/agora.xtec.cat\/escolacanfabra\/wp-json\/wp\/v2\/media\/26469"}],"wp:attachment":[{"href":"https:\/\/agora.xtec.cat\/escolacanfabra\/wp-json\/wp\/v2\/media?parent=26465"}],"wp:term":[{"taxonomy":"category","embeddable":true,"href":"https:\/\/agora.xtec.cat\/escolacanfabra\/wp-json\/wp\/v2\/categories?post=26465"},{"taxonomy":"post_tag","embeddable":true,"href":"https:\/\/agora.xtec.cat\/escolacanfabra\/wp-json\/wp\/v2\/tags?post=26465"}],"curies":[{"name":"wp","href":"https:\/\/api.w.org\/{rel}","templated":true}]}}